{"id":143260,"date":"2021-08-13T08:45:46","date_gmt":"2021-08-13T12:45:46","guid":{"rendered":"https:\/\/www.upla.cl\/noticias\/?p=143260"},"modified":"2022-01-18T13:34:57","modified_gmt":"2022-01-18T16:34:57","slug":"desmitifican-efectos-negativos-de-la-lactancia-materna-prolongada","status":"publish","type":"post","link":"https:\/\/upla.cl\/noticias\/2021\/08\/13\/desmitifican-efectos-negativos-de-la-lactancia-materna-prolongada\/","title":{"rendered":"Desmitifican efectos negativos de la lactancia materna prolongada"},"content":{"rendered":"<p><a href=\"https:\/\/www.upla.cl\/noticias\/wp-content\/uploads\/2021\/08\/lactancia_materna.jpg\"><img loading=\"lazy\" decoding=\"async\" class=\"aligncenter size-full wp-image-143261\" src=\"https:\/\/www.upla.cl\/noticias\/wp-content\/uploads\/2021\/08\/lactancia_materna.jpg\" alt=\"\" width=\"748\" height=\"370\" srcset=\"https:\/\/upla.cl\/noticias\/wp-content\/uploads\/2021\/08\/lactancia_materna.jpg 748w, https:\/\/upla.cl\/noticias\/wp-content\/uploads\/2021\/08\/lactancia_materna-300x148.jpg 300w\" sizes=\"auto, (max-width: 748px) 100vw, 748px\" \/><\/a><\/p>\n<p>Las mujeres que est\u00e1n en periodo de lactancia reciben mucha presi\u00f3n social, fundada principalmente en mitos, que se perpet\u00faan por ignorancia, y que influyen en el abandono temprano del amamantamiento de sus hijos.<\/p>\n<p>Para desmitificar estas ideas y promover los beneficios que, a nivel nutricional, fonoaudiol\u00f3gico y afectivo, brinda a los beb\u00e9s la lactancia extendida por m\u00e1s de un a\u00f1o, acad\u00e9micas de la <strong><a href=\"https:\/\/www.upla.cl\/cienciassalud\/\">Facultad de Ciencias de la Salud de la Universidad de Playa Ancha<\/a><\/strong> junto a la coordinadora de la <strong>Comisi\u00f3n Regional Intersectorial de Lactancia Materna de la Seremi de Salud<\/strong>, expusieron en el <strong>ciclo de seminarios de <a href=\"https:\/\/upla.cl\/promociondelasalud\/\">Promoci\u00f3n de la Salud y Calidad de Vida<\/a><\/strong> organizado por ambas instituciones.<\/p>\n<p>En la oportunidad, la <strong>nutricionista UPLA, Camila Cofr\u00e9<\/strong>, aclar\u00f3 que despu\u00e9s de un a\u00f1o la leche materna no pierde sus propiedades nutritivas, que pasados los 6 meses su inmunidad sigue siendo significativa para el beb\u00e9 y continuar\u00e1 por el tiempo que \u00e9ste decida lactar, protegi\u00e9ndolo de enfermedades y acortando la duraci\u00f3n de las que contraiga, a diferencia de los ni\u00f1os que consumen f\u00f3rmulas.<\/p>\n<figure id=\"attachment_143265\" aria-describedby=\"caption-attachment-143265\" style=\"width: 300px\" class=\"wp-caption alignright\"><a href=\"https:\/\/www.upla.cl\/noticias\/wp-content\/uploads\/2021\/08\/nutri_camila_cofre.png\"><img loading=\"lazy\" decoding=\"async\" class=\"wp-image-143265 size-medium\" src=\"https:\/\/www.upla.cl\/noticias\/wp-content\/uploads\/2021\/08\/nutri_camila_cofre-300x193.png\" alt=\"\" width=\"300\" height=\"193\" srcset=\"https:\/\/upla.cl\/noticias\/wp-content\/uploads\/2021\/08\/nutri_camila_cofre-300x193.png 300w, https:\/\/upla.cl\/noticias\/wp-content\/uploads\/2021\/08\/nutri_camila_cofre-768x494.png 768w, https:\/\/upla.cl\/noticias\/wp-content\/uploads\/2021\/08\/nutri_camila_cofre.png 789w\" sizes=\"auto, (max-width: 300px) 100vw, 300px\" \/><\/a><figcaption id=\"caption-attachment-143265\" class=\"wp-caption-text\">Nutricionista Camila Cofr\u00e9.<\/figcaption><\/figure>\n<p>Igualmente, fue enf\u00e1tica en afirmar que el destete depende solo de la madurez del ni\u00f1o, y cada infante tiene su propio reloj biol\u00f3gico para hacerlo. Acelerar este proceso no es saludable ni para la madre ni para el hijo, desterrando as\u00ed el mito de que mientras m\u00e1s tiempo la madre d\u00e9 pecho m\u00e1s dif\u00edcil ser\u00e1 el destete.<\/p>\n<p>\u201cNo se han constatado riesgos f\u00edsicos ni psicol\u00f3gicos en ni\u00f1os que toman pecho por m\u00e1s de 2 a 3 a\u00f1os. Tampoco hay evidencia de relaci\u00f3n entre malnutrici\u00f3n y aparici\u00f3n de caries por lactancia materna prolongada. A mayor duraci\u00f3n de la lactancia materna, mayor es su beneficio, por lo que se recomienda mantenerla de 12 a 24 meses, y el tiempo que madre e hijo deseen\u201d, explic\u00f3 la nutricionista UPLA.<\/p>\n<h5><strong>Mitos ling\u00fc\u00edsticos<\/strong><\/h5>\n<figure id=\"attachment_143263\" aria-describedby=\"caption-attachment-143263\" style=\"width: 300px\" class=\"wp-caption alignright\"><a href=\"https:\/\/www.upla.cl\/noticias\/wp-content\/uploads\/2021\/08\/paulina_carrasco.jpg\"><img loading=\"lazy\" decoding=\"async\" class=\"wp-image-143263 size-medium\" src=\"https:\/\/www.upla.cl\/noticias\/wp-content\/uploads\/2021\/08\/paulina_carrasco-300x176.jpg\" alt=\"\" width=\"300\" height=\"176\" srcset=\"https:\/\/upla.cl\/noticias\/wp-content\/uploads\/2021\/08\/paulina_carrasco-300x176.jpg 300w, https:\/\/upla.cl\/noticias\/wp-content\/uploads\/2021\/08\/paulina_carrasco.jpg 594w\" sizes=\"auto, (max-width: 300px) 100vw, 300px\" \/><\/a><figcaption id=\"caption-attachment-143263\" class=\"wp-caption-text\">Fonoaudi\u00f3loga Camila Carrasco<\/figcaption><\/figure>\n<p>La <strong>fonoaudi\u00f3loga UPLA, Paulina Carrasco<\/strong>, derrib\u00f3 otros mitos vinculados con aspectos ling\u00fc\u00edsticos-comunicativos que pudieran afectarse con la lactancia prolongada.<\/p>\n<p>Descart\u00f3 con evidencia de la literatura, que los ni\u00f1os no tendr\u00e1n problemas para hablar si toman pecho por m\u00e1s de 2 a\u00f1os, o que se les deformar\u00e1n los dientes. Que es errado aconsejar que es mejor tomar leche en mamadera para que sean m\u00e1s independientes, o afirmar que los ni\u00f1os ocupan a sus madres de chupetes.<\/p>\n<p><a href=\"https:\/\/www.upla.cl\/noticias\/wp-content\/uploads\/2021\/08\/lactancia_materna_2.jpg\"><img loading=\"lazy\" decoding=\"async\" class=\"alignright wp-image-143262 size-thumbnail\" src=\"https:\/\/www.upla.cl\/noticias\/wp-content\/uploads\/2021\/08\/lactancia_materna_2-150x150.jpg\" alt=\"\" width=\"150\" height=\"150\" \/><\/a>\u201cLa lactancia materna genera de 2 mil a 3 mil quinientos movimientos mandibulares versus la alimentaci\u00f3n artificial con mamadera, que es de mil quinientos a 2 mil movimientos, lo que produce un descenso en la estimulaci\u00f3n m\u00e1xilomotora. Dar pecho estimula y favorece el desarrollo del Sistema Estomatogm\u00e1tico -que permite comer, hablar, pronunciar- lo cual potenciar\u00e1 una correcta articulaci\u00f3n. La independencia se estimula en diferentes contextos, se genera desde otros h\u00e1bitos. La lactancia evita h\u00e1bitos deformantes, porque la estructura del pecho es moldeable a las estructuras anat\u00f3micas. Y la succi\u00f3n puede ser para la alimentaci\u00f3n y para el contacto y afecto\u201d, precis\u00f3 la<strong> fonoaudi\u00f3loga.<\/strong><\/p>\n<figure id=\"attachment_143264\" aria-describedby=\"caption-attachment-143264\" style=\"width: 300px\" class=\"wp-caption alignright\"><a href=\"https:\/\/www.upla.cl\/noticias\/wp-content\/uploads\/2021\/08\/Carol_moreno.jpg\"><img loading=\"lazy\" decoding=\"async\" class=\"size-medium wp-image-143264\" src=\"https:\/\/www.upla.cl\/noticias\/wp-content\/uploads\/2021\/08\/Carol_moreno-300x173.jpg\" alt=\"\" width=\"300\" height=\"173\" srcset=\"https:\/\/upla.cl\/noticias\/wp-content\/uploads\/2021\/08\/Carol_moreno-300x173.jpg 300w, https:\/\/upla.cl\/noticias\/wp-content\/uploads\/2021\/08\/Carol_moreno.jpg 604w\" sizes=\"auto, (max-width: 300px) 100vw, 300px\" \/><\/a><figcaption id=\"caption-attachment-143264\" class=\"wp-caption-text\">Coordinadora Comisi\u00f3n Regional Intersectorial de Lactancia Materna Seremi Salud, Carol Moreno.<\/figcaption><\/figure>\n<p>En tanto, desde la <strong>Comisi\u00f3n Regional Intersectorial de Lactancia Materna de la Seremi de Salud<\/strong>, instancia a la que la UPLA adscribe desde 2014, su <strong>coordinadora Carol Moreno<\/strong>, se refiri\u00f3 en forma detallada a la Estrategia Nacional de Salud y a las leyes que protegen la lactancia materna en Chile.<\/p>\n<p>La profesional expres\u00f3 que entre los desaf\u00edos de esta comisi\u00f3n est\u00e1 el compromiso por normalizar la lactancia materna, a trav\u00e9s de la educaci\u00f3n temprana, y trabajar en conjunto para empoderar a las madres, padres y sus familias de manera de garantizar el derecho a la lactancia materna ahora y en le futuro.<\/p>\n<p><em><strong>\u2022 <a href=\"https:\/\/youtu.be\/cRbbRVJhSwA\" target=\"_blank\" rel=\"noopener\">Revisar seminario aqu\u00ed<\/a><\/strong><\/em><\/p>\n","protected":false},"excerpt":{"rendered":"<p>En el D\u00eda Mundial de la Lactancia Materna, el Equipo Gestor de Promoci\u00f3n de la Salud y Calidad de Vida de la Universidad de Playa Ancha realiz\u00f3 seminario junto a la Secretar\u00eda Regional Ministerial de Salud de Valpara\u00edso, en el que abord\u00f3 el tema.<\/p>\n","protected":false},"author":10,"featured_media":143261,"comment_status":"closed","ping_status":"closed","sticky":false,"template":"","format":"standard","meta":{"footnotes":""},"categories":[51,96,40,101,97,74,122,113,91],"tags":[],"class_list":["post-143260","post","type-post","status-publish","format-standard","has-post-thumbnail","","category-academia","category-academicos","category-destacados","category-docencia","category-estudiantes","category-facultad-de-ciencias-de-la-salud","category-inclusion","category-universidades-en-red","category-vinculacion-con-el-medio"],"_links":{"self":[{"href":"https:\/\/upla.cl\/noticias\/wp-json\/wp\/v2\/posts\/143260","targetHints":{"allow":["GET"]}}],"collection":[{"href":"https:\/\/upla.cl\/noticias\/wp-json\/wp\/v2\/posts"}],"about":[{"href":"https:\/\/upla.cl\/noticias\/wp-json\/wp\/v2\/types\/post"}],"author":[{"embeddable":true,"href":"https:\/\/upla.cl\/noticias\/wp-json\/wp\/v2\/users\/10"}],"replies":[{"embeddable":true,"href":"https:\/\/upla.cl\/noticias\/wp-json\/wp\/v2\/comments?post=143260"}],"version-history":[{"count":0,"href":"https:\/\/upla.cl\/noticias\/wp-json\/wp\/v2\/posts\/143260\/revisions"}],"wp:featuredmedia":[{"embeddable":true,"href":"https:\/\/upla.cl\/noticias\/wp-json\/wp\/v2\/media\/143261"}],"wp:attachment":[{"href":"https:\/\/upla.cl\/noticias\/wp-json\/wp\/v2\/media?parent=143260"}],"wp:term":[{"taxonomy":"category","embeddable":true,"href":"https:\/\/upla.cl\/noticias\/wp-json\/wp\/v2\/categories?post=143260"},{"taxonomy":"post_tag","embeddable":true,"href":"https:\/\/upla.cl\/noticias\/wp-json\/wp\/v2\/tags?post=143260"}],"curies":[{"name":"wp","href":"https:\/\/api.w.org\/{rel}","templated":true}]}}