{"id":144214,"date":"2021-10-04T12:55:32","date_gmt":"2021-10-04T15:55:32","guid":{"rendered":"https:\/\/www.upla.cl\/noticias\/?p=144214"},"modified":"2021-10-04T14:05:25","modified_gmt":"2021-10-04T17:05:25","slug":"conoce-tu-carrera-a-pesar-de-la-pandemia","status":"publish","type":"post","link":"https:\/\/upla.cl\/noticias\/2021\/10\/04\/conoce-tu-carrera-a-pesar-de-la-pandemia\/","title":{"rendered":"Conoce tu carrera a pesar de la pandemia"},"content":{"rendered":"<p>El uso de las tecnolog\u00edas m\u00e1s avanzadas puestas al servicio del conocimiento, junto a testimonios reales de quienes vivieron o est\u00e1n viviendo una etapa importante de sus vidas en medio de un escenario nacional e internacional cambiante y vertiginoso, se encontrar\u00e1n en el ciclo de charlas \u201cConoce tu Carrera\u201d, espacio virtual que la Universidad de Playa Ancha pone a disposici\u00f3n de la comunidad a partir del martes 5 de octubre, en el marco del proceso de admisi\u00f3n 2022.<\/p>\n<p>La aplicaci\u00f3n de la tecnolog\u00eda resulta fundamental en estos tiempos de confinamiento y para cualquier proceso que requiera de la interacci\u00f3n con personas, normalmente al otro lado de una pantalla, cuando a\u00fan est\u00e1n vigentes algunas de las restricciones impuestas por la autoridad sanitaria. De hecho, as\u00ed ocurre incluso en programas de televisi\u00f3n, que transmiten con entrevistados grab\u00e1ndose a s\u00ed mismos desde sus tel\u00e9fonos, o con atenciones de salud, donde el o la profesional est\u00e1 en su consulta y el o la paciente en la comodidad de su hogar.<\/p>\n<p>As\u00ed lo hemos entendido tambi\u00e9n en nuestra Universidad y, por eso, este ciclo lo llevaremos hasta las casas mediante sesiones en vivo a trav\u00e9s del canal \u201cuplacomunica\u201d de la plataforma YouTube. Abordar\u00e1, de forma integral, todas las carreras de pregrado y t\u00e9cnicas que se ofrecen en nuestras sedes de Valpara\u00edso, as\u00ed como en San Felipe, para todo el valle del Aconcagua, acorde a las necesidades que la sociedad requiere.<\/p>\n<p>Conforme a nuestro sello social, as\u00ed como a nuestra cercan\u00eda con las comunidades y el trabajo en los diversos territorios, para \u00a0la Universidad de Playa Ancha resulta fundamental generar una instancia a trav\u00e9s de la cual poder responder interrogantes y contar las experiencias y vivencias respecto de c\u00f3mo hemos afrontado este per\u00edodo de pandemia por el virus del covid-19, que vino a transformar hasta las conductas m\u00e1s sencillas y rutinarias a las cuales est\u00e1bamos acostumbrados.<\/p>\n<p>Adicionalmente, este ciclo que se emitir\u00e1 todos los martes y jueves hasta fines de noviembre considera una sesi\u00f3n especial con especialistas sobre datos de inter\u00e9s para el actual proceso de admisi\u00f3n a las universidades. All\u00ed abordaremos sello misional, beneficios estudiantiles, v\u00edas de admisi\u00f3n y fechas importantes del proceso, con el fin de que todas las personas interesadas en ingresar a la educaci\u00f3n superior lo puedan hacer con toda la informaci\u00f3n que requieren.<\/p>\n<p>\u00bfC\u00f3mo ver este hecho? Como lo que es: una forma de aprovechar las nuevas tecnolog\u00edas para mantener un servicio habitual a la comunidad, que en este caso es la informaci\u00f3n permanente para que los m\u00e1s j\u00f3venes puedan acceder adecuadamente a la carrera que les dicte su vocaci\u00f3n. Si no existiera la pandemia, se har\u00eda presencialmente y en otros formatos, pero el resultado ser\u00eda el mismo. Y en estas circunstancias se da una ventaja invaluable: seguridad sanitaria para todos los participantes, sean estudiantes, acad\u00e9micos o egresados de nuestra universidad o futuros universitarios.<\/p>\n<p>Porque las universidades p\u00fablicas en este proceso no nos hemos detenido, seguimos brindando nuestro servicio de calidad en nuevas modalidades, que se suman a las formas tradicionales, pero siempre preocupados de la seguridad de nuestra comunidad. Las personas son lo primero.<\/p>\n<p>&nbsp;<\/p>\n<p><strong>Patricio Sanhueza Vivanco<\/strong><br \/>\nRector Universidad de Playa Ancha<\/p>\n<p>&nbsp;<\/p>\n<p><strong>Fuente<\/strong>: columna publicada en El Mercurio de Valpara\u00edso, domingo 4 de octubre de 2021.<\/p>\n<p>&nbsp;<\/p>\n","protected":false},"excerpt":{"rendered":"<p>Columna del rector Patricio Sanhueza, publicada en El Mercurio de Valpara\u00edso.<\/p>\n","protected":false},"author":4,"featured_media":104274,"comment_status":"closed","ping_status":"closed","sticky":false,"template":"","format":"standard","meta":{"footnotes":""},"categories":[40,98,44,178],"tags":[],"class_list":["post-144214","post","type-post","status-publish","format-standard","has-post-thumbnail","","category-destacados","category-gestion","category-opinion","category-rectoria"],"_links":{"self":[{"href":"https:\/\/upla.cl\/noticias\/wp-json\/wp\/v2\/posts\/144214","targetHints":{"allow":["GET"]}}],"collection":[{"href":"https:\/\/upla.cl\/noticias\/wp-json\/wp\/v2\/posts"}],"about":[{"href":"https:\/\/upla.cl\/noticias\/wp-json\/wp\/v2\/types\/post"}],"author":[{"embeddable":true,"href":"https:\/\/upla.cl\/noticias\/wp-json\/wp\/v2\/users\/4"}],"replies":[{"embeddable":true,"href":"https:\/\/upla.cl\/noticias\/wp-json\/wp\/v2\/comments?post=144214"}],"version-history":[{"count":0,"href":"https:\/\/upla.cl\/noticias\/wp-json\/wp\/v2\/posts\/144214\/revisions"}],"wp:featuredmedia":[{"embeddable":true,"href":"https:\/\/upla.cl\/noticias\/wp-json\/wp\/v2\/media\/104274"}],"wp:attachment":[{"href":"https:\/\/upla.cl\/noticias\/wp-json\/wp\/v2\/media?parent=144214"}],"wp:term":[{"taxonomy":"category","embeddable":true,"href":"https:\/\/upla.cl\/noticias\/wp-json\/wp\/v2\/categories?post=144214"},{"taxonomy":"post_tag","embeddable":true,"href":"https:\/\/upla.cl\/noticias\/wp-json\/wp\/v2\/tags?post=144214"}],"curies":[{"name":"wp","href":"https:\/\/api.w.org\/{rel}","templated":true}]}}