{"id":144235,"date":"2021-10-05T16:32:33","date_gmt":"2021-10-05T19:32:33","guid":{"rendered":"https:\/\/www.upla.cl\/noticias\/?p=144235"},"modified":"2021-10-05T16:49:22","modified_gmt":"2021-10-05T19:49:22","slug":"estudiantes-upla-organizan-la-iii-jornada-doctoral-literatura-sociedad-y-critica","status":"publish","type":"post","link":"https:\/\/upla.cl\/noticias\/2021\/10\/05\/estudiantes-upla-organizan-la-iii-jornada-doctoral-literatura-sociedad-y-critica\/","title":{"rendered":"Estudiantes UPLA organizan la III Jornada Doctoral \u00abLiteratura, sociedad y cr\u00edtica\u00bb"},"content":{"rendered":"<p><a href=\"https:\/\/www.upla.cl\/noticias\/wp-content\/uploads\/2021\/10\/Afiche_Jornada.jpg\"><img loading=\"lazy\" decoding=\"async\" class=\"alignright size-medium wp-image-144237\" src=\"https:\/\/www.upla.cl\/noticias\/wp-content\/uploads\/2021\/10\/Afiche_Jornada-212x300.jpg\" alt=\"\" width=\"212\" height=\"300\" srcset=\"https:\/\/upla.cl\/noticias\/wp-content\/uploads\/2021\/10\/Afiche_Jornada-212x300.jpg 212w, https:\/\/upla.cl\/noticias\/wp-content\/uploads\/2021\/10\/Afiche_Jornada-724x1024.jpg 724w, https:\/\/upla.cl\/noticias\/wp-content\/uploads\/2021\/10\/Afiche_Jornada-768x1087.jpg 768w, https:\/\/upla.cl\/noticias\/wp-content\/uploads\/2021\/10\/Afiche_Jornada.jpg 800w\" sizes=\"auto, (max-width: 212px) 100vw, 212px\" \/><\/a>Una convocatoria a sus pares de todo Chile hicieron estudiantes del <strong>Doctorado en Literatura Hispanoamericana Contempor\u00e1nea<\/strong> de la Universidad de Playa Ancha, que est\u00e1n organizando la <strong>III Jornada Doctoral \u00abLiteratura, sociedad y cr\u00edtica\u00bb<\/strong>, que se realizar\u00e1 en modalidad virtual del 3 al 5 de noviembre de este a\u00f1o.<\/p>\n<p>El encuentro est\u00e1 dirigido a estudiantes de este programa de la UPLA y a estudiantes de <strong>doctorado en Literatura<\/strong> de todas las universidades chilenas, sea que se encuentren en proceso de examen de candidatura, proceso de defensa doctoral o egresados de los programas.<\/p>\n<p><strong>Jennifer Soto Galaz<\/strong>, en nombre del equipo organizador, destac\u00f3 que \u00abel escenario pol\u00edtico, social y cultural actual ha puesto de manifiesto la urgencia de generar transformaciones en los modos de observar, analizar y participar en la sociedad en constante cambio. La crisis sanitaria derivada de la pandemia, ha dejado en vista las numerosas brechas sociales y culturales, as\u00ed como la necesidad de renovar mecanismos de acci\u00f3n y participaci\u00f3n. Por ello, consideramos que la intervenci\u00f3n de las humanidades debe situarse como un canal activo de an\u00e1lisis, reflexi\u00f3n, informaci\u00f3n e investigaci\u00f3n cient\u00edfica, como una forma de visibilizar los procesos sociales y sus huellas\u00bb.<\/p>\n<p>Entre las actividades programadas se encuentran conferencias inaugurales, clases magistrales y presentaci\u00f3n de trabajos (comunicaciones orales) por parte de los alumnos de doctorado en Literatura.<\/p>\n<h5><strong>Mesas tem\u00e1ticas<\/strong><\/h5>\n<p>Quienes deseen participar mediante una ponencia individual deben enviar sus res\u00famenes individuales (con un m\u00e1ximo de 300 palabras) y su curr\u00edculum abreviado al correo electr\u00f3nico <a href=\"mailto:jornadasdoctoralesupla@gmail.com\"><strong>jornadasdoctoralesupla@gmail.com<\/strong><\/a> hasta el viernes 16 de octubre de 2020. Se puede ver el formato de curr\u00edculum y otros datos de inter\u00e9s en el <strong><a href=\"https:\/\/www.upla.cl\/noticias\/wp-content\/uploads\/2021\/10\/SegundoLlamado.docx\">archivo de la convocatoria<\/a><\/strong>.<\/p>\n<p>Cada participante tendr\u00e1 diez minutos para presentar su tema de investigaci\u00f3n, en alguna de las seis mesas tem\u00e1ticas de la Jornada:<\/p>\n<ol>\n<li>Narrativa hispanoamericana contempor\u00e1nea, con \u00e9nfasis en las representaciones de la violencia pol\u00edtica y urbana y el v\u00ednculo narrativa-testimonio y narrativa-visualidades.<\/li>\n<li>Poes\u00eda latinoamericana (vanguardias y neovanguardias po\u00e9ticas y reescrituras y arte de apropiaci\u00f3n).<\/li>\n<li>Poes\u00eda chilena, con \u00e9nfasis en biopol\u00edtica, teor\u00eda queer, movimientos sociales y subjetividades pol\u00edticas.<\/li>\n<li>Literaturas regionales. Literaturas locales, ciudad e imaginarios urbanos.<\/li>\n<li>Literaturas comparadas y di\u00e1logos interdisciplinarios.<\/li>\n<li>Literatura y Filosof\u00eda: Filosof\u00eda latinoamericana contempor\u00e1nea, con \u00e9nfasis en la formulaci\u00f3n de filosof\u00edas cr\u00edticas a partir de discusiones con la idea de sujeto formulada por la tradici\u00f3n moderna; Filosof\u00eda Contempor\u00e1nea; y Filosof\u00eda moral y pol\u00edtica y \u00e9tica aplicada.<\/li>\n<\/ol>\n<p>&nbsp;<\/p>\n<p>&nbsp;<\/p>\n","protected":false},"excerpt":{"rendered":"<p>Alumnos del Doctorado en Literatura Hispanoamericana Contempor\u00e1nea invitan a todos sus pares de otras universidades a participar en el evento, que se desarrollar\u00e1 en noviembre pr\u00f3ximo.<\/p>\n","protected":false},"author":4,"featured_media":144238,"comment_status":"closed","ping_status":"closed","sticky":false,"template":"","format":"standard","meta":{"footnotes":""},"categories":[51,40,97,77,85],"tags":[],"class_list":["post-144235","post","type-post","status-publish","format-standard","has-post-thumbnail","","category-academia","category-destacados","category-estudiantes","category-facultad-de-humanidades","category-postgrados"],"_links":{"self":[{"href":"https:\/\/upla.cl\/noticias\/wp-json\/wp\/v2\/posts\/144235","targetHints":{"allow":["GET"]}}],"collection":[{"href":"https:\/\/upla.cl\/noticias\/wp-json\/wp\/v2\/posts"}],"about":[{"href":"https:\/\/upla.cl\/noticias\/wp-json\/wp\/v2\/types\/post"}],"author":[{"embeddable":true,"href":"https:\/\/upla.cl\/noticias\/wp-json\/wp\/v2\/users\/4"}],"replies":[{"embeddable":true,"href":"https:\/\/upla.cl\/noticias\/wp-json\/wp\/v2\/comments?post=144235"}],"version-history":[{"count":0,"href":"https:\/\/upla.cl\/noticias\/wp-json\/wp\/v2\/posts\/144235\/revisions"}],"wp:featuredmedia":[{"embeddable":true,"href":"https:\/\/upla.cl\/noticias\/wp-json\/wp\/v2\/media\/144238"}],"wp:attachment":[{"href":"https:\/\/upla.cl\/noticias\/wp-json\/wp\/v2\/media?parent=144235"}],"wp:term":[{"taxonomy":"category","embeddable":true,"href":"https:\/\/upla.cl\/noticias\/wp-json\/wp\/v2\/categories?post=144235"},{"taxonomy":"post_tag","embeddable":true,"href":"https:\/\/upla.cl\/noticias\/wp-json\/wp\/v2\/tags?post=144235"}],"curies":[{"name":"wp","href":"https:\/\/api.w.org\/{rel}","templated":true}]}}