{"id":144372,"date":"2021-10-14T16:50:15","date_gmt":"2021-10-14T19:50:15","guid":{"rendered":"https:\/\/www.upla.cl\/noticias\/?p=144372"},"modified":"2021-10-14T16:50:15","modified_gmt":"2021-10-14T19:50:15","slug":"implementaran-proyecto-de-huertos-comunitarios-en-colegio-de-valparaiso-para-estudiantes-con-tea","status":"publish","type":"post","link":"https:\/\/upla.cl\/noticias\/2021\/10\/14\/implementaran-proyecto-de-huertos-comunitarios-en-colegio-de-valparaiso-para-estudiantes-con-tea\/","title":{"rendered":"Implementar\u00e1n proyecto de huertos comunitarios en colegio de Valpara\u00edso para estudiantes con TEA"},"content":{"rendered":"<p><a href=\"https:\/\/www.upla.cl\/noticias\/wp-content\/uploads\/2021\/10\/HuertosAltavida.jpg\"><img loading=\"lazy\" decoding=\"async\" class=\"alignright size-medium wp-image-144373\" src=\"https:\/\/www.upla.cl\/noticias\/wp-content\/uploads\/2021\/10\/HuertosAltavida-231x300.jpg\" alt=\"\" width=\"231\" height=\"300\" srcset=\"https:\/\/upla.cl\/noticias\/wp-content\/uploads\/2021\/10\/HuertosAltavida-231x300.jpg 231w, https:\/\/upla.cl\/noticias\/wp-content\/uploads\/2021\/10\/HuertosAltavida.jpg 616w\" sizes=\"auto, (max-width: 231px) 100vw, 231px\" \/><\/a>Estudiantes de la Facultad de Ingenier\u00eda de la Universidad de Playa Ancha llevar\u00e1n a cabo el piloto del proyecto \u201cGesti\u00f3n y control de huertos comunitarios mediante m\u00e9todos tecnol\u00f3gicos\u201d en el Colegio Altavida de Placilla, en Valpara\u00edso, un centro de aprendizaje para estudiantes con Trastorno de Espectro Autista (TEA). Lo anterior, con el fin de implementar tecnolog\u00edas eficientes para el huerto que el establecimiento ha creado como m\u00e9todo de acercar el cuidado medioambiental a sus estudiantes.<\/p>\n<p>La ejecuci\u00f3n del proyecto, que se da en el marco de la adjudicaci\u00f3n que otorg\u00f3 la Direcci\u00f3n General de Vinculaci\u00f3n con el Medio (DGVM) de la UPLA a estudiantes y acad\u00e9micos para levantar iniciativas de innovaci\u00f3n social, contempla crear una app m\u00f3vil\/web para monitorear plantaciones presentes en huertos.<\/p>\n<p>Esta aplicaci\u00f3n incluir\u00e1 sensores de temperatura, humedad, luz y flujo de agua, adem\u00e1s de una gu\u00eda con el objetivo de lograr las condiciones \u00f3ptimas para cada hortaliza. El proyecto ser\u00e1 implementado en distintos huertos de la zona, de forma escalonada, para crear una red de huertos comunitarios en Valpara\u00edso.<\/p>\n<p>Daniela Moya, soci\u00f3loga UPLA y profesional de Altavida, indic\u00f3 que \u201cla llegada de este proyecto nos ayuda a enriquecer mucho m\u00e1s nuestro huerto. Lo m\u00e1s probable es que tengamos mucha ayuda o m\u00e1s recursos para poder ir desarrollando el huerto que antes no ten\u00edamos, desde un punto de vista tecnol\u00f3gico, de redes comunitarias, que es superimportante e innovador, y tambi\u00e9n la incorporaci\u00f3n de los estudiantes a todo el trabajo que se desarrolla en torno al proyecto del huerto\u201d.<\/p>\n<p>Adem\u00e1s, relev\u00f3 la importancia de que actividades como esta se realicen con menores con discapacidad cognitiva. \u201cHay mucho desconocimiento en esa \u00e1rea y nosotros siempre, como decimos, evangelizamos un poco con respecto a eso. Damos a conocer que el apoyo visual es superimportante para las personas con autismo, que las actividades concretas tambi\u00e9n son superimportantes. Entonces, la idea es que la gente, al ver este piloto, se entusiasme y le haga sentido que en el fondo las barreras son sociales y no son individuales\u201d, sostuvo.<\/p>\n<p>Por su parte, la estudiante y directora del proyecto Karla Inostroza se refiri\u00f3 a la importancia de la participaci\u00f3n de menores con TEA en el proyecto de huertos, ligado al cuidado del medioambiente. \u201cEstamos conscientes de que hay diferentes niveles de TEA y que, por lo tanto, la aceptaci\u00f3n es distinta, pero a la vez estos ni\u00f1os son superfuertes en esa \u00e1rea. Por eso consideramos que es superimportante reforzarla y ese es b\u00e1sicamente nuestro objetivo cuando pensamos en esta propuesta, ya que la inclusi\u00f3n es uno de los principales sellos de la UPLA\u201d.<\/p>\n<p>El Colegio Altavida de Placilla ya manten\u00eda un convenio de colaboraci\u00f3n con la universidad, el que permite que estudiantes de distintas carreras puedan ejercer sus pr\u00e1cticas profesionales en el establecimiento.<\/p>\n<p>&nbsp;<\/p>\n<p>&nbsp;<\/p>\n","protected":false},"excerpt":{"rendered":"<p>Iniciativa de la Universidad de Playa Ancha tambi\u00e9n busca crear una app para el monitoreo de este espacio verde en el establecimiento educacional \u201cAltavida\u201d. Se pretende replicar idea en diferentes sectores de la ciudad.<\/p>\n","protected":false},"author":4,"featured_media":144374,"comment_status":"closed","ping_status":"closed","sticky":false,"template":"","format":"standard","meta":{"footnotes":""},"categories":[40,97,78,122,91],"tags":[],"class_list":["post-144372","post","type-post","status-publish","format-standard","has-post-thumbnail","","category-destacados","category-estudiantes","category-facultad-de-ingenieria","category-inclusion","category-vinculacion-con-el-medio"],"_links":{"self":[{"href":"https:\/\/upla.cl\/noticias\/wp-json\/wp\/v2\/posts\/144372","targetHints":{"allow":["GET"]}}],"collection":[{"href":"https:\/\/upla.cl\/noticias\/wp-json\/wp\/v2\/posts"}],"about":[{"href":"https:\/\/upla.cl\/noticias\/wp-json\/wp\/v2\/types\/post"}],"author":[{"embeddable":true,"href":"https:\/\/upla.cl\/noticias\/wp-json\/wp\/v2\/users\/4"}],"replies":[{"embeddable":true,"href":"https:\/\/upla.cl\/noticias\/wp-json\/wp\/v2\/comments?post=144372"}],"version-history":[{"count":0,"href":"https:\/\/upla.cl\/noticias\/wp-json\/wp\/v2\/posts\/144372\/revisions"}],"wp:featuredmedia":[{"embeddable":true,"href":"https:\/\/upla.cl\/noticias\/wp-json\/wp\/v2\/media\/144374"}],"wp:attachment":[{"href":"https:\/\/upla.cl\/noticias\/wp-json\/wp\/v2\/media?parent=144372"}],"wp:term":[{"taxonomy":"category","embeddable":true,"href":"https:\/\/upla.cl\/noticias\/wp-json\/wp\/v2\/categories?post=144372"},{"taxonomy":"post_tag","embeddable":true,"href":"https:\/\/upla.cl\/noticias\/wp-json\/wp\/v2\/tags?post=144372"}],"curies":[{"name":"wp","href":"https:\/\/api.w.org\/{rel}","templated":true}]}}