{"id":144425,"date":"2021-10-15T18:18:50","date_gmt":"2021-10-15T21:18:50","guid":{"rendered":"https:\/\/www.upla.cl\/noticias\/?p=144425"},"modified":"2021-11-11T11:43:44","modified_gmt":"2021-11-11T14:43:44","slug":"potosi-ciudad-patrimonial","status":"publish","type":"post","link":"https:\/\/upla.cl\/noticias\/2021\/10\/15\/potosi-ciudad-patrimonial\/","title":{"rendered":"Potos\u00ed, ciudad patrimonial"},"content":{"rendered":"<figure id=\"attachment_144435\" aria-describedby=\"caption-attachment-144435\" style=\"width: 640px\" class=\"wp-caption aligncenter\"><a href=\"https:\/\/www.upla.cl\/noticias\/wp-content\/uploads\/2021\/10\/maxresdefault.jpg\"><img loading=\"lazy\" decoding=\"async\" class=\"wp-image-144435 size-full\" src=\"https:\/\/www.upla.cl\/noticias\/wp-content\/uploads\/2021\/10\/maxresdefault.jpg\" alt=\"\" width=\"640\" height=\"360\" srcset=\"https:\/\/upla.cl\/noticias\/wp-content\/uploads\/2021\/10\/maxresdefault.jpg 640w, https:\/\/upla.cl\/noticias\/wp-content\/uploads\/2021\/10\/maxresdefault-300x169.jpg 300w\" sizes=\"auto, (max-width: 640px) 100vw, 640px\" \/><\/a><figcaption id=\"caption-attachment-144435\" class=\"wp-caption-text\">Cr\u00e9dito: maxresdefault<\/figcaption><\/figure>\n<p>\u00abLa ciudad, como el m\u00e1xime del asentamiento y sedentarismo humano, tiene como acervo de fundaci\u00f3n diversos motivos que determinan su dinamismo y transformaci\u00f3n que, para el caso de Potos\u00ed, Bolivia, se debe a la asociaci\u00f3n entre un recurso natural, en este caso Cerro Rico y la creaci\u00f3n del asentamiento que evolucion\u00f3 desde su creaci\u00f3n (1541) hasta el presente. Se consolid\u00f3 en una urbe que, en diferentes per\u00edodos de su evoluci\u00f3n, incorpor\u00f3 m\u00faltiples construcciones e integr\u00f3 costumbres, que junto a las propias tradiciones y visiones de los pueblos originarios, establecieron una plataforma de indudable valor patrimonial.<\/p>\n<p>En 1987, la Organizaci\u00f3n de las Naciones Unidas para la Educaci\u00f3n, la Ciencia y la Cultura (UNESCO) reconoci\u00f3 la trascendental importancia del legado potosino, incorporando a la Villa Imperial como una realidad\u00a0 inigualable y excepcional al patrimonio cultural de la humanidad, situaci\u00f3n de se mantiene hasta la actualidad.<\/p>\n<p>En relaci\u00f3n con los argumentos de la pertenencia de Potos\u00ed como integrante de la condici\u00f3n cultural indicada, resaltan excelsos demostrativos materiales que se argumentan con edificaciones religiosas, administrativas propias de la colonia, infraestructura de servicios, casas habitaci\u00f3n, entre otros arquetipos que demuestran en su estilo, est\u00e9tica y significados un sincretismo particular. A lo anterior se agrega una interesante y amplia variedad de archivos documentales que, en conjunto, validan a esta urbe como un referente cultural que, por su irradiaci\u00f3n, es motivo de visita no solo por la atracci\u00f3n paisaj\u00edstica citadina y natural, sino a la vez, por la posibilidad de vivenciar en una comunidad que por esencia mantiene sentimientos territoriales muy arraigados a su realidad local.<\/p>\n<p>Sin embargo, como todo paisaje humano el paso del tiempo causa efectos en la conservaci\u00f3n del plantel arquitect\u00f3nico y\u00a0 tambi\u00e9n en la idiosincrasia, situaciones que deben ser permanentemente revisadas y analizadas de manera de hacer intervenciones para reducir el desgaste del materico y vitalizar el tejido social, para que no pierda la esencia de la autenticidad de sus expresivos.<\/p>\n<p>En atenci\u00f3n a lo indicado, el pasado mes de julio el municipio organiz\u00f3 la \u201cCumbre de \u00a0Patrimonio, Culturas y Turismo\u201d, ocasi\u00f3n en la que se expusieron diversas visiones acerca de c\u00f3mo asumir el desaf\u00edo patrimonial y el uso tur\u00edstico del mismo. Actividad esta \u00faltima que es un vector trascendental por el efecto multiplicador en la socioeconom\u00eda potosina, que se explicita por ser una importante fuente de empleo formal, ampliar la cadena de proveedores de la comuna, captaci\u00f3n de divisas e impuestos territoriales, acercar a las comunidades a trav\u00e9s del intercambio de experiencias, entre otros aspectos.<\/p>\n<p>As\u00ed las cosas, el desaf\u00edo en cuesti\u00f3n no solo es propio del Gobierno Aut\u00f3nomo Municipal de Potos\u00ed (GAMP), sino que involucra una gesti\u00f3n participativa de todos los agentes territoriales que, mediante un di\u00e1logo donde prime la democracia de las opiniones propositivas, con argumentos que involucren un sentido socioterritorial amplio,\u00a0 d\u00e9 positivos efectos, sin duda, la envolvente Potos\u00ed ser\u00e1 por hoy y siempre una ciudad patrimonial orgullo, no solo de sus habitantes, sino tambi\u00e9n un recuerdo imborrable de sus visitantes\u00bb.<\/p>\n<p>&nbsp;<\/p>\n<p>***<em>Gast\u00f3n Gaete Coddou,\u00a0 ge\u00f3grafo y acad\u00e9mico de la<strong>\u00a0<a href=\"https:\/\/www.upla.cl\/cienciasnaturalesyexactas\/\">Facultad de Ciencias Naturales y Exactas<\/a><\/strong>, Universidad de Playa Ancha<\/em>.<\/p>\n<p>Columna de opini\u00f3n publicada en diario\u00a0<a href=\"https:\/\/www.upla.cl\/noticias\/wp-content\/uploads\/2021\/10\/eltrabajo-2.jpg-13-10-21.jpg\"><strong>El Trabajo de San Felipe<\/strong><\/a>, el mi\u00e9rcoles\u00a0 13 de octubre de 2021, y en<a href=\"https:\/\/elpotosi.net\/opinion\/20211016_potosi-ciudad-patrimonial.html\" target=\"_blank\" rel=\"noopener\"> El Potos\u00ed de Bolivia<\/a>, el 17 de octubre de 2021.<\/p>\n","protected":false},"excerpt":{"rendered":"<p>Columna del ge\u00f3grafo y profesor de la Facultad de Ciencias Naturales y Exactas, Gast\u00f3n Gaete Coddou, publicada en diario El Trabajo de San Felipe, el mi\u00e9rcoles 13 de octubre de 2021 y en El Potos\u00ed de Bolivia.<\/p>\n","protected":false},"author":10,"featured_media":144435,"comment_status":"closed","ping_status":"closed","sticky":false,"template":"","format":"standard","meta":{"footnotes":""},"categories":[51,96,40,75,44,179,45,91],"tags":[],"class_list":["post-144425","post","type-post","status-publish","format-standard","has-post-thumbnail","","category-academia","category-academicos","category-destacados","category-facultad-de-ciencias-naturales-y-exactas","category-opinion","category-prensa","category-upla-en-los-medios","category-vinculacion-con-el-medio"],"_links":{"self":[{"href":"https:\/\/upla.cl\/noticias\/wp-json\/wp\/v2\/posts\/144425","targetHints":{"allow":["GET"]}}],"collection":[{"href":"https:\/\/upla.cl\/noticias\/wp-json\/wp\/v2\/posts"}],"about":[{"href":"https:\/\/upla.cl\/noticias\/wp-json\/wp\/v2\/types\/post"}],"author":[{"embeddable":true,"href":"https:\/\/upla.cl\/noticias\/wp-json\/wp\/v2\/users\/10"}],"replies":[{"embeddable":true,"href":"https:\/\/upla.cl\/noticias\/wp-json\/wp\/v2\/comments?post=144425"}],"version-history":[{"count":0,"href":"https:\/\/upla.cl\/noticias\/wp-json\/wp\/v2\/posts\/144425\/revisions"}],"wp:featuredmedia":[{"embeddable":true,"href":"https:\/\/upla.cl\/noticias\/wp-json\/wp\/v2\/media\/144435"}],"wp:attachment":[{"href":"https:\/\/upla.cl\/noticias\/wp-json\/wp\/v2\/media?parent=144425"}],"wp:term":[{"taxonomy":"category","embeddable":true,"href":"https:\/\/upla.cl\/noticias\/wp-json\/wp\/v2\/categories?post=144425"},{"taxonomy":"post_tag","embeddable":true,"href":"https:\/\/upla.cl\/noticias\/wp-json\/wp\/v2\/tags?post=144425"}],"curies":[{"name":"wp","href":"https:\/\/api.w.org\/{rel}","templated":true}]}}