{"id":144755,"date":"2021-11-04T09:28:07","date_gmt":"2021-11-04T12:28:07","guid":{"rendered":"https:\/\/www.upla.cl\/noticias\/?p=144755"},"modified":"2021-11-04T09:28:07","modified_gmt":"2021-11-04T12:28:07","slug":"lanzan-libro-digital-con-material-de-ensenanza-sobre-musicas-latinoamericanas","status":"publish","type":"post","link":"https:\/\/upla.cl\/noticias\/2021\/11\/04\/lanzan-libro-digital-con-material-de-ensenanza-sobre-musicas-latinoamericanas\/","title":{"rendered":"Lanzan libro digital con material de ense\u00f1anza sobre m\u00fasicas latinoamericanas"},"content":{"rendered":"<p><a href=\"https:\/\/www.upla.cl\/noticias\/wp-content\/uploads\/2021\/11\/Modulo-quena.jpg\"><img loading=\"lazy\" decoding=\"async\" class=\"aligncenter size-full wp-image-144759\" src=\"https:\/\/www.upla.cl\/noticias\/wp-content\/uploads\/2021\/11\/Modulo-quena.jpg\" alt=\"\" width=\"640\" height=\"472\" srcset=\"https:\/\/upla.cl\/noticias\/wp-content\/uploads\/2021\/11\/Modulo-quena.jpg 640w, https:\/\/upla.cl\/noticias\/wp-content\/uploads\/2021\/11\/Modulo-quena-300x221.jpg 300w\" sizes=\"auto, (max-width: 640px) 100vw, 640px\" \/><\/a>Docentes de m\u00fasica y directores orquestales ser\u00e1n los destinatarios del libro digital \u00abEl huayno: Estrategias did\u00e1cticas para la ense\u00f1anza\u00bb que elaboraron y presentaron los integrantes del Ensamble Abya Yala de la Facultad de Arte de la UPLA, representados por su director, el docente de Pedagog\u00eda en Educaci\u00f3n Musical Rodrigo Montes Anguita.<\/p>\n<p>El material socializado se centra en poner a disposici\u00f3n de profesionales del \u00e1rea musical, herramientas de trabajo que podr\u00e1n utilizar en aulas y\/o talleres extraprogram\u00e1ticos para la ense\u00f1anza de las m\u00fasicas latinoamericanas utilizando la estructura musical del huayno, danza de origen pre-colombino quechua-aymara presente en toda la zona altipl\u00e1nica.<\/p>\n<p><a href=\"https:\/\/www.upla.cl\/noticias\/wp-content\/uploads\/2021\/11\/Libro-Huayno2.jpg\"><img loading=\"lazy\" decoding=\"async\" class=\"alignleft size-medium wp-image-144757\" src=\"https:\/\/www.upla.cl\/noticias\/wp-content\/uploads\/2021\/11\/Libro-Huayno2-300x167.jpg\" alt=\"\" width=\"300\" height=\"167\" srcset=\"https:\/\/upla.cl\/noticias\/wp-content\/uploads\/2021\/11\/Libro-Huayno2-300x167.jpg 300w, https:\/\/upla.cl\/noticias\/wp-content\/uploads\/2021\/11\/Libro-Huayno2.jpg 640w\" sizes=\"auto, (max-width: 300px) 100vw, 300px\" \/><\/a>Rodrigo Montes, director de la agrupaci\u00f3n, explic\u00f3 que el material a utilizar consta de cuatro sesiones, cada una de ellas trabajadas con instrumentos caracter\u00edsticos del huayno: guitarra, charango, quena y siku. \u201cPor medio de esta din\u00e1mica se formulan ejes auditivos, reflexivos y pr\u00e1cticos. Se proponen actividades, ejercicios t\u00e9cnicos instrumentales, repertorios, tablas auditivas, ejercicios de calentamiento muscular e informaciones diversas sobre la contextualizaci\u00f3n del instrumento en cuesti\u00f3n. Todo desde una perspectiva abierta\u201d, agreg\u00f3.<\/p>\n<p>\u201cEsta propuesta educativa puede ser utilizada \u00edntegramente desde la sesi\u00f3n 1 a la 4, haciendo todas y cada una de las actividades planteadas, como tambi\u00e9n, sacar elementos y trabajarlos para alguna clase que se pretenda realizar, sin necesariamente seguir la cronolog\u00eda que proponemos. En ese sentido, esperamos que este trabajo sea de utilidad para las y los docentes y directores que est\u00e9n interesados en la ense\u00f1anza de las m\u00fasicas tradicionales y para aquellos que busquen persistentemente incluirlas en el aula\u201d, plante\u00f3 Montes Anguita.<\/p>\n<p>Cabe destacar que este libro digital no es un material inicial para la ense\u00f1anza de un instrumento, sino que parte de la base que la persona interesada ya lo sabe tocar. Lo que se busca es ense\u00f1ar a tocar el ritmo del huayno en el instrumento y algunas t\u00e9cnicas que se ocupan en esta danza. Incluye una parte hist\u00f3rica de contextualizaci\u00f3n, otra que dice relaci\u00f3n con el trabajo corporal, ejercicios t\u00e9cnicos y de aplicaci\u00f3n directamente al huayno, entre otras.<\/p>\n<p><a href=\"https:\/\/www.upla.cl\/noticias\/wp-content\/uploads\/2021\/11\/Libro-Huayno1.jpg\"><img loading=\"lazy\" decoding=\"async\" class=\"alignright size-medium wp-image-144756\" src=\"https:\/\/www.upla.cl\/noticias\/wp-content\/uploads\/2021\/11\/Libro-Huayno1-300x170.jpg\" alt=\"\" width=\"300\" height=\"170\" srcset=\"https:\/\/upla.cl\/noticias\/wp-content\/uploads\/2021\/11\/Libro-Huayno1-300x170.jpg 300w, https:\/\/upla.cl\/noticias\/wp-content\/uploads\/2021\/11\/Libro-Huayno1.jpg 640w\" sizes=\"auto, (max-width: 300px) 100vw, 300px\" \/><\/a>Este proyecto es fruto del trabajo realizado por los integrantes del Ensamble Abya Yala, entre marzo y octubre de 2021, como consecuencia de la pandemia y la suspensi\u00f3n presencial de ensayos y presentaciones. En ese escenario surgi\u00f3 la idea de un libro que abordase la ense\u00f1anza de las m\u00fasicas de nuestro continente para luego ponerlo a disposici\u00f3n de las y los profesionales.<\/p>\n<p>Tras la presentaci\u00f3n del libro digital realizada el pasado s\u00e1bado 30 de octubre la agrupaci\u00f3n de m\u00fasica latinoamericana de la Facultad de Arte UPLA realizar\u00e1 un taller para estudiantes del sistema escolar (s\u00e1bado 13 de noviembre, a las 11:00 horas), en el que se aplicar\u00e1n las propuestas que contiene este trabajo de ense\u00f1anza y aprendizaje, que utiliza el huayno como expresi\u00f3n musical.<\/p>\n<p>Link de inscripci\u00f3n:<\/p>\n<p><a href=\"https:\/\/docs.google.com\/forms\/d\/e\/1FAIpQLSczqiK7q2Rh_1gPECQyfss6YYD2Bisfqn1zPK2BOGzUcS6owg\/viewform?vc=0&amp;c=0&amp;w=1&amp;flr=0\" target=\"_blank\" rel=\"noopener\">https:\/\/docs.google.com\/forms\/d\/e\/1FAIpQLSczqiK7q2Rh_1gPECQyfss6YYD2Bisfqn1zPK2BOGzUcS6owg\/viewform?vc=0&amp;c=0&amp;w=1&amp;flr=0<\/a><\/p>\n<div id='gallery-1' class='gallery galleryid-144755 gallery-columns-2 gallery-size-medium'><figure class='gallery-item'>\n\t\t\t<div class='gallery-icon landscape'>\n\t\t\t\t<a href=\"https:\/\/upla.cl\/noticias\/wp-content\/uploads\/2021\/11\/Modulo-charango.jpg\"><img loading=\"lazy\" decoding=\"async\" width=\"300\" height=\"164\" src=\"https:\/\/upla.cl\/noticias\/wp-content\/uploads\/2021\/11\/Modulo-charango-300x164.jpg\" class=\"attachment-medium size-medium\" alt=\"\" srcset=\"https:\/\/upla.cl\/noticias\/wp-content\/uploads\/2021\/11\/Modulo-charango-300x164.jpg 300w, https:\/\/upla.cl\/noticias\/wp-content\/uploads\/2021\/11\/Modulo-charango.jpg 640w\" sizes=\"auto, (max-width: 300px) 100vw, 300px\" \/><\/a>\n\t\t\t<\/div><\/figure><figure class='gallery-item'>\n\t\t\t<div class='gallery-icon landscape'>\n\t\t\t\t<a href=\"https:\/\/upla.cl\/noticias\/wp-content\/uploads\/2021\/11\/Modulo-siku.jpg\"><img loading=\"lazy\" decoding=\"async\" width=\"300\" height=\"241\" src=\"https:\/\/upla.cl\/noticias\/wp-content\/uploads\/2021\/11\/Modulo-siku-300x241.jpg\" class=\"attachment-medium size-medium\" alt=\"\" srcset=\"https:\/\/upla.cl\/noticias\/wp-content\/uploads\/2021\/11\/Modulo-siku-300x241.jpg 300w, https:\/\/upla.cl\/noticias\/wp-content\/uploads\/2021\/11\/Modulo-siku.jpg 640w\" sizes=\"auto, (max-width: 300px) 100vw, 300px\" \/><\/a>\n\t\t\t<\/div><\/figure>\n\t\t<\/div>\n\n<p>&nbsp;<\/p>\n","protected":false},"excerpt":{"rendered":"<p>\u00abEl huayno: Estrategias did\u00e1cticas para la ense\u00f1anza\u00bb fue presentado por el director del Ensamble Latinoamericano Abya Yala de la Facultad de Arte UPLA, Rodrigo Montes Anguita.   <\/p>\n","protected":false},"author":11,"featured_media":144759,"comment_status":"closed","ping_status":"closed","sticky":false,"template":"","format":"standard","meta":{"footnotes":""},"categories":[96,40,69,97,71,43,91],"tags":[],"class_list":["post-144755","post","type-post","status-publish","format-standard","has-post-thumbnail","","category-academicos","category-destacados","category-egresados","category-estudiantes","category-facultad-de-arte","category-investigacion","category-vinculacion-con-el-medio"],"_links":{"self":[{"href":"https:\/\/upla.cl\/noticias\/wp-json\/wp\/v2\/posts\/144755","targetHints":{"allow":["GET"]}}],"collection":[{"href":"https:\/\/upla.cl\/noticias\/wp-json\/wp\/v2\/posts"}],"about":[{"href":"https:\/\/upla.cl\/noticias\/wp-json\/wp\/v2\/types\/post"}],"author":[{"embeddable":true,"href":"https:\/\/upla.cl\/noticias\/wp-json\/wp\/v2\/users\/11"}],"replies":[{"embeddable":true,"href":"https:\/\/upla.cl\/noticias\/wp-json\/wp\/v2\/comments?post=144755"}],"version-history":[{"count":0,"href":"https:\/\/upla.cl\/noticias\/wp-json\/wp\/v2\/posts\/144755\/revisions"}],"wp:featuredmedia":[{"embeddable":true,"href":"https:\/\/upla.cl\/noticias\/wp-json\/wp\/v2\/media\/144759"}],"wp:attachment":[{"href":"https:\/\/upla.cl\/noticias\/wp-json\/wp\/v2\/media?parent=144755"}],"wp:term":[{"taxonomy":"category","embeddable":true,"href":"https:\/\/upla.cl\/noticias\/wp-json\/wp\/v2\/categories?post=144755"},{"taxonomy":"post_tag","embeddable":true,"href":"https:\/\/upla.cl\/noticias\/wp-json\/wp\/v2\/tags?post=144755"}],"curies":[{"name":"wp","href":"https:\/\/api.w.org\/{rel}","templated":true}]}}