{"id":144763,"date":"2021-11-04T12:07:29","date_gmt":"2021-11-04T15:07:29","guid":{"rendered":"https:\/\/www.upla.cl\/noticias\/?p=144763"},"modified":"2021-11-04T12:07:29","modified_gmt":"2021-11-04T15:07:29","slug":"estudiante-de-educacion-basica-participa-en-el-festival-de-las-ciencias-de-explora","status":"publish","type":"post","link":"https:\/\/upla.cl\/noticias\/2021\/11\/04\/estudiante-de-educacion-basica-participa-en-el-festival-de-las-ciencias-de-explora\/","title":{"rendered":"Estudiante de Educaci\u00f3n B\u00e1sica participa en el Festival de las Ciencias de Explora"},"content":{"rendered":"<p style=\"text-align: justify\"><a href=\"https:\/\/www.upla.cl\/noticias\/wp-content\/uploads\/2021\/11\/Ibet_Perez_EBA_1-e1636038202379.jpg\"><img loading=\"lazy\" decoding=\"async\" class=\"aligncenter size-large wp-image-144764\" src=\"https:\/\/www.upla.cl\/noticias\/wp-content\/uploads\/2021\/11\/Ibet_Perez_EBA_1-1024x576.jpg\" alt=\"\" width=\"618\" height=\"348\" \/><\/a>Acercar a los ni\u00f1os de manera divertida y reciclar para colaborar con el cuidado del medio ambiente fueron las principales motivaciones para que la estudiante de primer a\u00f1o de <strong>Educaci\u00f3n de B\u00e1sica de la UPLA, Ibet P\u00e9rez Vallejo<\/strong> participara en el <strong>Festival de las Ciencias de Explora.<\/strong><\/p>\n<p style=\"text-align: justify\">La estudiante, con el apoyo de la acad\u00e9mica de la <strong>Facultad de Ciencias de la Educaci\u00f3n y Coordinadora Ejecutiva Programa de Indagaci\u00f3n Cient\u00edfica, ICEC-UPLA, Karen Cuevas<\/strong>, realiz\u00f3 un taller para ense\u00f1ar a los m\u00e1s peque\u00f1os una libreta Midori.<\/p>\n<p style=\"text-align: justify\"><a href=\"https:\/\/www.upla.cl\/noticias\/wp-content\/uploads\/2021\/11\/Libreta_Midori_EBA-e1636038233596.png\"><img loading=\"lazy\" decoding=\"async\" class=\"alignright size-medium wp-image-144766\" src=\"https:\/\/www.upla.cl\/noticias\/wp-content\/uploads\/2021\/11\/Libreta_Midori_EBA-300x122.png\" alt=\"\" width=\"300\" height=\"122\" \/><\/a>De acuerdo a lo informado por Ibet P\u00e9rez una libreta Midori es una libreta de viaje: \u201cDe confecci\u00f3n muy sencilla, ideal para comenzar con la encuadernaci\u00f3n. Consta de cuadernillos intercambiables, dentro de una funda de material resistente que las proteja y la usan los viajeros para anotar o dibujar sus experiencias, como una bit\u00e1cora\u201d.<\/p>\n<p style=\"text-align: justify\">La libreta se puede confeccionar con materiales que se tengan en casa y la actividad est\u00e1 dirigida a ni\u00f1os y ni\u00f1as desde los 10 a\u00f1os junto a sus familias, pues se requiere el uso de tijeras y aguja, adem\u00e1s de paciencia y ganas de pasarlo bien.<\/p>\n<p style=\"text-align: justify\"><a href=\"https:\/\/www.upla.cl\/noticias\/wp-content\/uploads\/2021\/11\/Ibet_Perez_EBA_2-e1636038313209.jpg\"><img loading=\"lazy\" decoding=\"async\" class=\"alignright size-medium wp-image-144765\" src=\"https:\/\/www.upla.cl\/noticias\/wp-content\/uploads\/2021\/11\/Ibet_Perez_EBA_2-e1636038313209-300x235.jpg\" alt=\"\" width=\"300\" height=\"235\" srcset=\"https:\/\/upla.cl\/noticias\/wp-content\/uploads\/2021\/11\/Ibet_Perez_EBA_2-e1636038313209-300x235.jpg 300w, https:\/\/upla.cl\/noticias\/wp-content\/uploads\/2021\/11\/Ibet_Perez_EBA_2-e1636038313209.jpg 457w\" sizes=\"auto, (max-width: 300px) 100vw, 300px\" \/><\/a>El poder crear conciencia en los m\u00e1s peque\u00f1os de la casa, quienes son los que muchas veces mueven a los mayores al cambio, sobre una cultura m\u00e1s ecol\u00f3gica, de reducir el consumo de materiales desechables y el aprovechamiento de esos mismos elementos. De no ser as\u00ed, terminan en vertederos, contaminando el planeta, pues un cuaderno o juguete hecho con materiales desechables deja de ser basura, dijo la estudiante.<\/p>\n<p style=\"text-align: justify\">Para quienes deseen realizar esta libreta Midori, pueden hacer click en el siguiente enlace:<br \/>\n<a href=\"https:\/\/view.genial.ly\/616964b7025d0a0dd17229ff\/learning-experience-didactic-unit-cuadernos-de-carton\" target=\"_blank\" rel=\"noopener\">https:\/\/view.genial.ly\/616964b7025d0a0dd17229ff\/learning-experience-didactic-unit-cuadernos-de-carton<\/a><\/p>\n","protected":false},"excerpt":{"rendered":"<p>Mediante un tutorial la estudiante de primer a\u00f1o ense\u00f1\u00f3 a ni\u00f1os y ni\u00f1as a confeccionar con materiales reciclados una libreta de viaje. <\/p>\n","protected":false},"author":11,"featured_media":144764,"comment_status":"closed","ping_status":"closed","sticky":false,"template":"","format":"standard","meta":{"footnotes":""},"categories":[96,60,61,40,97,73,75,91],"tags":[],"class_list":["post-144763","post","type-post","status-publish","format-standard","has-post-thumbnail","","category-academicos","category-campus-san-felipe","category-carreras-vespertinas","category-destacados","category-estudiantes","category-facultad-de-ciencias-de-la-educacion","category-facultad-de-ciencias-naturales-y-exactas","category-vinculacion-con-el-medio"],"_links":{"self":[{"href":"https:\/\/upla.cl\/noticias\/wp-json\/wp\/v2\/posts\/144763","targetHints":{"allow":["GET"]}}],"collection":[{"href":"https:\/\/upla.cl\/noticias\/wp-json\/wp\/v2\/posts"}],"about":[{"href":"https:\/\/upla.cl\/noticias\/wp-json\/wp\/v2\/types\/post"}],"author":[{"embeddable":true,"href":"https:\/\/upla.cl\/noticias\/wp-json\/wp\/v2\/users\/11"}],"replies":[{"embeddable":true,"href":"https:\/\/upla.cl\/noticias\/wp-json\/wp\/v2\/comments?post=144763"}],"version-history":[{"count":0,"href":"https:\/\/upla.cl\/noticias\/wp-json\/wp\/v2\/posts\/144763\/revisions"}],"wp:featuredmedia":[{"embeddable":true,"href":"https:\/\/upla.cl\/noticias\/wp-json\/wp\/v2\/media\/144764"}],"wp:attachment":[{"href":"https:\/\/upla.cl\/noticias\/wp-json\/wp\/v2\/media?parent=144763"}],"wp:term":[{"taxonomy":"category","embeddable":true,"href":"https:\/\/upla.cl\/noticias\/wp-json\/wp\/v2\/categories?post=144763"},{"taxonomy":"post_tag","embeddable":true,"href":"https:\/\/upla.cl\/noticias\/wp-json\/wp\/v2\/tags?post=144763"}],"curies":[{"name":"wp","href":"https:\/\/api.w.org\/{rel}","templated":true}]}}