{"id":145153,"date":"2021-11-22T11:49:35","date_gmt":"2021-11-22T14:49:35","guid":{"rendered":"https:\/\/www.upla.cl\/noticias\/?p=145153"},"modified":"2021-11-22T15:41:57","modified_gmt":"2021-11-22T18:41:57","slug":"upla-se-adjudico-fondos-del-ministerio-de-medio-ambiente-para-recuperar-suelos-degradados-de-puchuncavi","status":"publish","type":"post","link":"https:\/\/upla.cl\/noticias\/2021\/11\/22\/upla-se-adjudico-fondos-del-ministerio-de-medio-ambiente-para-recuperar-suelos-degradados-de-puchuncavi\/","title":{"rendered":"UPLA se adjudic\u00f3 fondos del Ministerio de Medio Ambiente para recuperar suelos degradados de Puchuncav\u00ed"},"content":{"rendered":"<p><a href=\"https:\/\/www.upla.cl\/facultad\/ingenieria\/wp-content\/uploads\/2021\/11\/seremivictoriagazmuri_xespinoza_vmeza_facultadingenieriaupla.jpg\"><img loading=\"lazy\" decoding=\"async\" class=\"wp-image-109308 alignright \" src=\"https:\/\/www.upla.cl\/facultad\/ingenieria\/wp-content\/uploads\/2021\/11\/seremivictoriagazmuri_xespinoza_vmeza_facultadingenieriaupla.jpg\" alt=\"\" width=\"351\" height=\"233\" \/><\/a>Hace algunos d\u00edas se dio el vamos al proyecto <strong>\u201cImplementaci\u00f3n de t\u00e9cnicas para la recuperaci\u00f3n de suelos degradados y fortalecimiento de capacidades, comuna de Puchuncav\u00ed\u201d<\/strong>, que llevar\u00e1 a cabo un equipo multidisciplinario liderado por acad\u00e9micas de la <a href=\"https:\/\/www.upla.cl\/facultad\/ingenieria\">Facultad de Ingenier\u00eda de la Universidad de Playa Ancha<\/a> y que se inserta en los \u201cProgramas de Recuperaci\u00f3n Ambiental y Social (PRAS)\u201d que financia el Ministerio de Medio Ambiente.<\/p>\n<p>A la primera reuni\u00f3n de trabajo asistieron la seremi de Medio Ambiente de la Regi\u00f3n de Valpara\u00edso, <strong>Victoria Gazmuri Munita<\/strong>; profesionales de la cartera y las acad\u00e9micas UPLA <strong>Mag. Ver\u00f3nica Meza Ram\u00edrez y Dra. \u00a9 Ximena Espinoza Ortiz<\/strong>. Estas \u00faltimas ser\u00e1n investigadora principal y directora del proyecto, respectivamente.<\/p>\n<p>La iniciativa, que cuenta con una inversi\u00f3n de $30 millones y 18 meses para su ejecuci\u00f3n, tiene entre sus principales objetivos analizar la informaci\u00f3n existente e identificar el o los sectores a intervenir en la comuna de Puchuncav\u00ed y alrededores, fortalecer capacidades en sus habitantes y dise\u00f1ar la intervenci\u00f3n de recuperaci\u00f3n de suelos degradados e implementarla, considerando la experiencia en fitoestabilizaci\u00f3n de suelos y\/o t\u00e9cnicas innovadoras realizadas en la localidad.<\/p>\n<p>Desde 2015, el equipo de la Facultad de Ingenier\u00eda UPLA trabaja en la investigaci\u00f3n de suelos con potencial presencia de contaminantes y en la remediaci\u00f3n con especies nativas con el apoyo de las propias comunidades.<\/p>\n<p>Respecto de esa labor, la seremi de Medio Ambiente de la Regi\u00f3n de Valpara\u00edso, Victoria Gazmuri, record\u00f3 que hace un par de a\u00f1os \u201cnos reunimos para conversar sobre la fitorremediaci\u00f3n en la zona de Puchuncav\u00ed y hoy tener un convenio firmado para avanzar, hacerlo vida, es tremendamente relevante. La comunidad requiere y necesita no solamente del compromiso profesional sino que tambi\u00e9n de la entrega del amor y el cari\u00f1o, entregarnos por entero en el trabajo que estamos haciendo de recuperaci\u00f3n ambiental y social en Quintero &#8211; Puchuncav\u00ed, as\u00ed que tenemos las mayores expectativas y sabemos que va a ser muy exitoso el proyecto, estamos muy agradecidos de la colaboraci\u00f3n de la Universidad de Playa Ancha\u201d.<\/p>\n<p><a href=\"https:\/\/www.upla.cl\/facultad\/ingenieria\/wp-content\/uploads\/2021\/11\/seremivictoriagazmuri1_xespinoza_vmeza_facultadingenieriaupla.jpg\"><img loading=\"lazy\" decoding=\"async\" class=\"wp-image-109310 alignright \" src=\"https:\/\/www.upla.cl\/facultad\/ingenieria\/wp-content\/uploads\/2021\/11\/seremivictoriagazmuri1_xespinoza_vmeza_facultadingenieriaupla.jpg\" alt=\"\" width=\"351\" height=\"233\" \/><\/a>La directora del proyecto, Dra. \u00a9 Ximena Espinoza Ortiz, recalc\u00f3 la trayectoria en trabajo comunitario de la Facultad de Ingenier\u00eda y del Departamento de Ciencias de la Ingenier\u00eda para la Sostenibilidad, puesto que ha sido en los distintos territorios y \u201ca partir de la aplicaci\u00f3n de metodolog\u00edas activas y de aprendizaje significativo que hemos ido formando competencias en las comunidades para que de alguna forma ellas tengan las herramientas para poder aportar en la soluci\u00f3n a mediano y largo plazo de los problemas de contaminaci\u00f3n\u201d.<\/p>\n<p>De esta manera, complement\u00f3 la decana Ver\u00f3nica Meza, \u201cno solo se contempla una biorremediaci\u00f3n inicial de suelos, sino que tambi\u00e9n se incorporar\u00e1 a una comunidad o a varias comunidades y tambi\u00e9n estudiantes que, en conjunto, abordar\u00e1n una problem\u00e1tica que es tremendamente compleja y que se repite en distintos puntos del pa\u00eds\u201d.<\/p>\n<p>El equipo tras esta propuesta est\u00e1 compuesto por las investigadoras de la Facultad de Ingenier\u00eda, a quienes se sumar\u00e1n el director de la carrera de Ingenier\u00eda Civil Inform\u00e1tica, <strong>Javier Castillo Allaria<\/strong>; la antrop\u00f3loga social y acad\u00e9mica de la Facultad de Ciencias Sociales <strong>Clorinda Cuminao<\/strong>; estudiantes de las carreras de Ingenier\u00eda Ambiental e <a href=\"https:\/\/www.upla.cl\/admision\/carreras-profesionales\/facultad-de-ingenieria\/ingenieria-civil-ambiental\/\">Ingenier\u00eda Civil Ambiental<\/a> y el ge\u00f3grafo <strong>Carlos Romero<\/strong>, de la Facultad de Ciencias Naturales y Exactas de la UPLA.<\/p>\n<p>&nbsp;<\/p>\n","protected":false},"excerpt":{"rendered":"<p>Las acad\u00e9micas de la Facultad de Ingenier\u00eda Ximena Espinoza Ortiz y Ver\u00f3nica Meza Ram\u00edrez liderar\u00e1n el proyecto que cuenta con 30 millones de inversi\u00f3n y 18 meses para ejecutarlo.<\/p>\n","protected":false},"author":2,"featured_media":145156,"comment_status":"closed","ping_status":"closed","sticky":false,"template":"","format":"standard","meta":{"footnotes":""},"categories":[51,40,101,97,78,43,91],"tags":[],"class_list":["post-145153","post","type-post","status-publish","format-standard","has-post-thumbnail","","category-academia","category-destacados","category-docencia","category-estudiantes","category-facultad-de-ingenieria","category-investigacion","category-vinculacion-con-el-medio"],"_links":{"self":[{"href":"https:\/\/upla.cl\/noticias\/wp-json\/wp\/v2\/posts\/145153","targetHints":{"allow":["GET"]}}],"collection":[{"href":"https:\/\/upla.cl\/noticias\/wp-json\/wp\/v2\/posts"}],"about":[{"href":"https:\/\/upla.cl\/noticias\/wp-json\/wp\/v2\/types\/post"}],"author":[{"embeddable":true,"href":"https:\/\/upla.cl\/noticias\/wp-json\/wp\/v2\/users\/2"}],"replies":[{"embeddable":true,"href":"https:\/\/upla.cl\/noticias\/wp-json\/wp\/v2\/comments?post=145153"}],"version-history":[{"count":0,"href":"https:\/\/upla.cl\/noticias\/wp-json\/wp\/v2\/posts\/145153\/revisions"}],"wp:featuredmedia":[{"embeddable":true,"href":"https:\/\/upla.cl\/noticias\/wp-json\/wp\/v2\/media\/145156"}],"wp:attachment":[{"href":"https:\/\/upla.cl\/noticias\/wp-json\/wp\/v2\/media?parent=145153"}],"wp:term":[{"taxonomy":"category","embeddable":true,"href":"https:\/\/upla.cl\/noticias\/wp-json\/wp\/v2\/categories?post=145153"},{"taxonomy":"post_tag","embeddable":true,"href":"https:\/\/upla.cl\/noticias\/wp-json\/wp\/v2\/tags?post=145153"}],"curies":[{"name":"wp","href":"https:\/\/api.w.org\/{rel}","templated":true}]}}