{"id":145158,"date":"2021-11-22T16:29:53","date_gmt":"2021-11-22T19:29:53","guid":{"rendered":"https:\/\/www.upla.cl\/noticias\/?p=145158"},"modified":"2021-11-22T16:29:53","modified_gmt":"2021-11-22T19:29:53","slug":"casi-150-millones-de-pesos-otorgo-la-anid-a-la-upla-para-el-fortalecimiento-de-la-educacion-publica","status":"publish","type":"post","link":"https:\/\/upla.cl\/noticias\/2021\/11\/22\/casi-150-millones-de-pesos-otorgo-la-anid-a-la-upla-para-el-fortalecimiento-de-la-educacion-publica\/","title":{"rendered":"Casi 150 millones de pesos otorg\u00f3 la ANID a la UPLA para el fortalecimiento de la educaci\u00f3n p\u00fablica"},"content":{"rendered":"<p style=\"text-align: justify\"><img loading=\"lazy\" decoding=\"async\" class=\"aligncenter size-full wp-image-139909\" src=\"https:\/\/www.upla.cl\/noticias\/wp-content\/uploads\/2021\/03\/Silvia_Sarzoza_Entrevista_Decana2-e1614958899981.jpg\" alt=\"\" width=\"640\" height=\"427\" \/>Casi 150 millones de pesos, que deber\u00e1n ser ejecutados en tres a\u00f1os, se adjudic\u00f3 la <strong>Facultad de Ciencias de la Educaci\u00f3n de la UPLA,<\/strong> tras el llamado a la presentaci\u00f3n de proyectos <strong>\u201cConvocatoria Nacional Subvenci\u00f3n a la Instalaci\u00f3n en la Academia 2021\u201d de la Agencia Nacional de Investigaci\u00f3n y Desarrollo de Chile, ANID.<\/strong><\/p>\n<p style=\"text-align: justify\">La propuesta <strong>\u201cGrupo de investigaci\u00f3n de Pedagog\u00edas Latinoamericanas: educaci\u00f3n, pol\u00edtica y ciudadan\u00eda\u201d (C\u00d3DIGO SA77210044) <\/strong>fue liderada por la <strong>Dra. Sivia Sarzoza Herrera,<\/strong> Decana de la esta facultad de la UPLA y tiene como uno de sus ejes principales el fortalecimiento de la educaci\u00f3n p\u00fablica.<\/p>\n<p style=\"text-align: justify\"><img loading=\"lazy\" decoding=\"async\" class=\"alignleft size-medium wp-image-145159\" src=\"https:\/\/www.upla.cl\/noticias\/wp-content\/uploads\/2021\/11\/proyecto_UPLA_ANID-300x200.jpg\" alt=\"\" width=\"300\" height=\"200\" \/>De acuerdo a lo explicado por la Dra. Sarzoza la adjudicaci\u00f3n de este tipo de proyectos es una de las tantas metas que tiene la facultad para el fortalecimiento y el desarrollo de la investigaci\u00f3n en educaci\u00f3n: \u201cEsta es la primera, esperamos el pr\u00f3ximo a\u00f1o poder adjudicar nuevas propuestas, poder incorporar nuevos y nuevas acad\u00e9micas, interesados en el fortalecimiento de la educaci\u00f3n p\u00fablica, desde sus distintas aristas y por supuesto con la claridad y la convicci\u00f3n de que la investigaci\u00f3n no se desarrolla de manera aislada, sino que se requiere la constituci\u00f3n de equipos de investigaci\u00f3n, de equipos de trabajo\u201d.<\/p>\n<p style=\"text-align: justify\">El proyecto obtuvo una calificaci\u00f3n final de 4,900 (cuatro coma novecientos), en una escala que va de 0,00 a 5,00 puntos y se destac\u00f3 por contener actividades que son coherentes al plan estrat\u00e9gico institucional y detallar las funciones que tendr\u00eda el grupo de investigaci\u00f3n y la proyecci\u00f3n de las actividades a realizar, as\u00ed como destacar el fortalecimiento de programas de postgrado y su posterior aplicaci\u00f3n al pregrado, escuelas y liceos, refiere parte de la pauta de aprobaci\u00f3n de la ANID, como lo comenta la decana Silvia Sarzoza: \u201cEs una de las tantas acciones que tenemos previstas hacer uso de los dispositivos que nos ofrece ANID y tambi\u00e9n de los dispositivos institucionales para revalorizar, reposicionar y dar a conocer el trabajo investigativo que hacemos desde la Facultad de Ciencias de la Educaci\u00f3n por los y las profesoras desde hace ya varios a\u00f1os pero, por supuesto, siempre es importante inyectar cuotas de energ\u00eda y en esta oportunidad a trav\u00e9s de la inserci\u00f3n\u201d, finaliz\u00f3 la autoridad.<\/p>\n","protected":false},"excerpt":{"rendered":"<p>El proyecto liderado por la Dra. Silvia Sarzoza, Decana de la Facultad de Ciencias de la Educaci\u00f3n, se ejecutar\u00e1 en tres a\u00f1os y pretende abarcar investigaciones para favorecer todos los niveles educativos desde la educaci\u00f3n b\u00e1sica hasta el postgrado. <\/p>\n","protected":false},"author":11,"featured_media":139909,"comment_status":"closed","ping_status":"closed","sticky":false,"template":"","format":"standard","meta":{"footnotes":""},"categories":[51,96,60,61,40,101,69,97,73,43,85,91],"tags":[],"class_list":["post-145158","post","type-post","status-publish","format-standard","has-post-thumbnail","","category-academia","category-academicos","category-campus-san-felipe","category-carreras-vespertinas","category-destacados","category-docencia","category-egresados","category-estudiantes","category-facultad-de-ciencias-de-la-educacion","category-investigacion","category-postgrados","category-vinculacion-con-el-medio"],"_links":{"self":[{"href":"https:\/\/upla.cl\/noticias\/wp-json\/wp\/v2\/posts\/145158","targetHints":{"allow":["GET"]}}],"collection":[{"href":"https:\/\/upla.cl\/noticias\/wp-json\/wp\/v2\/posts"}],"about":[{"href":"https:\/\/upla.cl\/noticias\/wp-json\/wp\/v2\/types\/post"}],"author":[{"embeddable":true,"href":"https:\/\/upla.cl\/noticias\/wp-json\/wp\/v2\/users\/11"}],"replies":[{"embeddable":true,"href":"https:\/\/upla.cl\/noticias\/wp-json\/wp\/v2\/comments?post=145158"}],"version-history":[{"count":0,"href":"https:\/\/upla.cl\/noticias\/wp-json\/wp\/v2\/posts\/145158\/revisions"}],"wp:featuredmedia":[{"embeddable":true,"href":"https:\/\/upla.cl\/noticias\/wp-json\/wp\/v2\/media\/139909"}],"wp:attachment":[{"href":"https:\/\/upla.cl\/noticias\/wp-json\/wp\/v2\/media?parent=145158"}],"wp:term":[{"taxonomy":"category","embeddable":true,"href":"https:\/\/upla.cl\/noticias\/wp-json\/wp\/v2\/categories?post=145158"},{"taxonomy":"post_tag","embeddable":true,"href":"https:\/\/upla.cl\/noticias\/wp-json\/wp\/v2\/tags?post=145158"}],"curies":[{"name":"wp","href":"https:\/\/api.w.org\/{rel}","templated":true}]}}