{"id":145164,"date":"2021-11-23T10:23:49","date_gmt":"2021-11-23T13:23:49","guid":{"rendered":"https:\/\/www.upla.cl\/noticias\/?p=145164"},"modified":"2021-11-23T10:24:07","modified_gmt":"2021-11-23T13:24:07","slug":"academico-upla-elabora-guia-para-evitar-mal-uso-de-fotos-de-ninos-y-ninas-en-las-redes-sociales","status":"publish","type":"post","link":"https:\/\/upla.cl\/noticias\/2021\/11\/23\/academico-upla-elabora-guia-para-evitar-mal-uso-de-fotos-de-ninos-y-ninas-en-las-redes-sociales\/","title":{"rendered":"Acad\u00e9mico UPLA elabora gu\u00eda para evitar mal uso de fotos de ni\u00f1os y ni\u00f1as en las redes sociales"},"content":{"rendered":"<p><a href=\"https:\/\/www.upla.cl\/noticias\/wp-content\/uploads\/2021\/11\/fotorespeto-guia-completa-15-nov.jpg\"><img loading=\"lazy\" decoding=\"async\" class=\"alignleft size-medium wp-image-145165\" src=\"https:\/\/www.upla.cl\/noticias\/wp-content\/uploads\/2021\/11\/fotorespeto-guia-completa-15-nov-300x300.jpg\" alt=\"\" width=\"300\" height=\"300\" srcset=\"https:\/\/upla.cl\/noticias\/wp-content\/uploads\/2021\/11\/fotorespeto-guia-completa-15-nov-300x300.jpg 300w, https:\/\/upla.cl\/noticias\/wp-content\/uploads\/2021\/11\/fotorespeto-guia-completa-15-nov-150x150.jpg 150w, https:\/\/upla.cl\/noticias\/wp-content\/uploads\/2021\/11\/fotorespeto-guia-completa-15-nov.jpg 640w\" sizes=\"auto, (max-width: 300px) 100vw, 300px\" \/><\/a>FotoRespeto es el nombre de una gu\u00eda elaborada por profesionales de la Regi\u00f3n de Valpara\u00edso para evitar situaciones negativas que afecten los derechos de ni\u00f1os, ni\u00f1as y adolescentes producto del mal uso sus fotograf\u00edas personales en internet y las redes sociales.<\/p>\n<p>El <strong>editor de la Gu\u00eda FotoRespeto, C\u00e9sar Pincheira Gonz\u00e1lez -fotoperiodista y acad\u00e9mico de la Universidad de Playa Ancha<\/strong>\u00a0 explic\u00f3 que \u201cla idea es invitar a las familias y profesionales de la imagen a poner m\u00e1s atenci\u00f3n al modo en que publicamos fotos de ni\u00f1os y ni\u00f1as en internet para evitar que esas im\u00e1genes puedan ser mal utilizadas por otras personas, da\u00f1ando la integridad personal y los derechos de la infancia\u201d, sostuvo.<\/p>\n<h5><strong>TIPOS DE AUDIENCIAS<\/strong><\/h5>\n<p>Los contenidos de la gu\u00eda est\u00e1n divididos en tres audiencias: los ni\u00f1os, ni\u00f1as y adolescentes (NNA); sus entornos adultos (padres, madres, apoderados y cuidadores); y tambi\u00e9n a los profesionales que trabajan con im\u00e1genes como son las y los fot\u00f3grafos, camar\u00f3grafos, periodistas y editores, entre otros.<\/p>\n<figure id=\"attachment_590\" aria-describedby=\"caption-attachment-590\" style=\"width: 211px\" class=\"wp-caption alignright\"><a href=\"https:\/\/www.upla.cl\/noticias\/wp-content\/uploads\/2008\/09\/cesar-pincheira.jpg\"><img loading=\"lazy\" decoding=\"async\" class=\"wp-image-590 \" src=\"https:\/\/www.upla.cl\/noticias\/wp-content\/uploads\/2008\/09\/cesar-pincheira-300x289.jpg\" alt=\"\" width=\"211\" height=\"203\" srcset=\"https:\/\/upla.cl\/noticias\/wp-content\/uploads\/2008\/09\/cesar-pincheira-300x289.jpg 300w, https:\/\/upla.cl\/noticias\/wp-content\/uploads\/2008\/09\/cesar-pincheira-600x578.jpg 600w, https:\/\/upla.cl\/noticias\/wp-content\/uploads\/2008\/09\/cesar-pincheira.jpg 996w\" sizes=\"auto, (max-width: 211px) 100vw, 211px\" \/><\/a><figcaption id=\"caption-attachment-590\" class=\"wp-caption-text\"><strong>C\u00e9sar Pincheira.<\/strong><\/figcaption><\/figure>\n<p>Su objetivo es instalar buenas pr\u00e1cticas en el manejo de im\u00e1genes fotogr\u00e1ficas personales tanto desde la perspectiva del autocuidado para el primer grupo (NNA), como de la autonom\u00eda progresiva que deben aplicar los adultos y por \u00faltimo desde el enfoque de la \u00e9tica en el caso los profesionales de la imagen.<\/p>\n<p>La Gu\u00eda FotoRespeto es una iniciativa de la agencia period\u00edstica huelladigital.cl materializada gracias al apoyo del Fondo de Concursos Participativos Territoriales 2020 del Instituto Profesional Arcos y el acompa\u00f1amiento de la ONG Paicab\u00ed, entidad promotora de los derechos de la infancia.<\/p>\n<p>La gu\u00eda estar\u00e1 disponible para su descarga desde el sitio www.fotorespeto.cl a partir de su lanzamiento, que se realiz\u00f3 el viernes 19 de noviembre pasado, fecha en que se conmemor\u00f3 el D\u00eda Mundial para la Prevenci\u00f3n del Abuso y Violencia contra los ni\u00f1os, ni\u00f1as y adolescentes.<\/p>\n","protected":false},"excerpt":{"rendered":"<p>Documento busca promover mejores pr\u00e1cticas familiares y profesionales al momento de compartir im\u00e1genes en internet para evitar la vulneraci\u00f3n de derechos de las y los menores de edad.<\/p>\n","protected":false},"author":3,"featured_media":145165,"comment_status":"closed","ping_status":"closed","sticky":false,"template":"","format":"standard","meta":{"footnotes":""},"categories":[51,96,40,76],"tags":[],"class_list":["post-145164","post","type-post","status-publish","format-standard","has-post-thumbnail","","category-academia","category-academicos","category-destacados","category-facultad-de-ciencias-sociales"],"_links":{"self":[{"href":"https:\/\/upla.cl\/noticias\/wp-json\/wp\/v2\/posts\/145164","targetHints":{"allow":["GET"]}}],"collection":[{"href":"https:\/\/upla.cl\/noticias\/wp-json\/wp\/v2\/posts"}],"about":[{"href":"https:\/\/upla.cl\/noticias\/wp-json\/wp\/v2\/types\/post"}],"author":[{"embeddable":true,"href":"https:\/\/upla.cl\/noticias\/wp-json\/wp\/v2\/users\/3"}],"replies":[{"embeddable":true,"href":"https:\/\/upla.cl\/noticias\/wp-json\/wp\/v2\/comments?post=145164"}],"version-history":[{"count":0,"href":"https:\/\/upla.cl\/noticias\/wp-json\/wp\/v2\/posts\/145164\/revisions"}],"wp:featuredmedia":[{"embeddable":true,"href":"https:\/\/upla.cl\/noticias\/wp-json\/wp\/v2\/media\/145165"}],"wp:attachment":[{"href":"https:\/\/upla.cl\/noticias\/wp-json\/wp\/v2\/media?parent=145164"}],"wp:term":[{"taxonomy":"category","embeddable":true,"href":"https:\/\/upla.cl\/noticias\/wp-json\/wp\/v2\/categories?post=145164"},{"taxonomy":"post_tag","embeddable":true,"href":"https:\/\/upla.cl\/noticias\/wp-json\/wp\/v2\/tags?post=145164"}],"curies":[{"name":"wp","href":"https:\/\/api.w.org\/{rel}","templated":true}]}}