{"id":145168,"date":"2021-11-23T15:39:01","date_gmt":"2021-11-23T18:39:01","guid":{"rendered":"https:\/\/www.upla.cl\/noticias\/?p=145168"},"modified":"2021-11-23T20:22:20","modified_gmt":"2021-11-23T23:22:20","slug":"upla-coorganizo-encuentro-reservas-de-la-biosfera","status":"publish","type":"post","link":"https:\/\/upla.cl\/noticias\/2021\/11\/23\/upla-coorganizo-encuentro-reservas-de-la-biosfera\/","title":{"rendered":"UPLA coorganiz\u00f3 \u00abEncuentro Reservas de la Biosfera\u00bb"},"content":{"rendered":"<p><a href=\"https:\/\/www.upla.cl\/noticias\/wp-content\/uploads\/2021\/11\/seminario_biosfera_6_.jpeg\"><img loading=\"lazy\" decoding=\"async\" class=\"aligncenter size-full wp-image-145176\" src=\"https:\/\/www.upla.cl\/noticias\/wp-content\/uploads\/2021\/11\/seminario_biosfera_6_.jpeg\" alt=\"\" width=\"634\" height=\"326\" srcset=\"https:\/\/upla.cl\/noticias\/wp-content\/uploads\/2021\/11\/seminario_biosfera_6_.jpeg 634w, https:\/\/upla.cl\/noticias\/wp-content\/uploads\/2021\/11\/seminario_biosfera_6_-300x154.jpeg 300w\" sizes=\"auto, (max-width: 634px) 100vw, 634px\" \/><\/a><\/p>\n<p>Con excelente convocatoria se realiz\u00f3 el 16 y 17 de noviembre en la comuna de Olmu\u00e9 el <strong>\u201cEncuentro Reservas de la Biosfera. Oportunidad de Desarrollo Territorial Sustentable<\/strong>\u201d, organizado por la Oficina de Promoci\u00f3n y Educaci\u00f3n Ambiental del municipio local junto a acad\u00e9micos de las carreras de Geograf\u00eda de las universidades de Playa Ancha, UPLA, y Pontificia Universidad Cat\u00f3lica de Valpara\u00edso, PUCV.<\/p>\n<p>El encuentro tambi\u00e9n cont\u00f3 con la colaboraci\u00f3n de la Vicerrector\u00eda de Vinculaci\u00f3n con el Medio de la Universidad de Valpara\u00edso, la Corporaci\u00f3n Nacional Forestal, CONAF, el Centro Tur\u00edstico Olmu\u00e9 Natura y el proyecto Anillos PIA SOC 180040 BioGeoArt.<\/p>\n<p>\u201cLa actividad tuvo por objetivos compartir experiencias sobre las Reservas de la Biosfera como territorios sustentables, proyectar el futuro de las Reservas de la Biosfera de la Regi\u00f3n de Valpara\u00edso por medio de una gesti\u00f3n participativa, incorporar a la comunidad en los procesos de desarrollo sustentable, junto con promover el desarrollo local de productos y opciones amigables con el medio ambiente\u201d, explic\u00f3 el <strong>acad\u00e9mico de la carrera de <a href=\"https:\/\/www.upla.cl\/cienciasnaturalesyexactas\/geografia\/\">Geograf\u00eda<\/a> de la UPLA, Marcelo Legu\u00eda<\/strong>.<\/p>\n<p><a href=\"https:\/\/www.upla.cl\/noticias\/wp-content\/uploads\/2021\/11\/seminario_biosfera_4.jpg\"><img loading=\"lazy\" decoding=\"async\" class=\"alignright size-medium wp-image-145171\" src=\"https:\/\/www.upla.cl\/noticias\/wp-content\/uploads\/2021\/11\/seminario_biosfera_4-300x180.jpg\" alt=\"\" width=\"300\" height=\"180\" srcset=\"https:\/\/upla.cl\/noticias\/wp-content\/uploads\/2021\/11\/seminario_biosfera_4-300x180.jpg 300w, https:\/\/upla.cl\/noticias\/wp-content\/uploads\/2021\/11\/seminario_biosfera_4.jpg 640w\" sizes=\"auto, (max-width: 300px) 100vw, 300px\" \/><\/a>En la oportunidad, el acad\u00e9mico del Instituto de Geograf\u00eda de la PUCV, Dr. Andr\u00e9s Moreira, moder\u00f3 el tema \u201cLas Reservas de la Bi\u00f3sfera en un contexto de cambio global\u201d, que cont\u00f3 con la participaci\u00f3n online de Tania Moreno de la Universidad para la Cooperaci\u00f3n de Costa Rica, y Ana Sof\u00eda Vaz de la Universidad de Granada,<\/p>\n<p>Igualmente, se expuso sobre \u201cLa Reserva de la Bi\u00f3sfera La Campana Pe\u00f1uelas. Actualidad, desaf\u00edos e iniciativas locales\u201d, moderado por el acad\u00e9mico UPLA, <strong>Marcelo Legu\u00eda<\/strong>, tema en el cual destac\u00f3 la participaci\u00f3n del <strong>Laboratorio de Teledetecci\u00f3n Ambiental de la <a href=\"https:\/\/www.upla.cl\/cienciasnaturalesyexactas\/geografia\/\">Facultad de Ciencias Naturales y Exactas<\/a><\/strong> de dicha casa de estudios, con la ponencia del <strong>Dr. Freddy Saavedra<\/strong>, sobre los usos potenciales de la tecnolog\u00eda satelital en dicho espacio natural.<\/p>\n<h5><strong>Acciones participativas<\/strong><\/h5>\n<p><a href=\"https:\/\/www.upla.cl\/noticias\/wp-content\/uploads\/2021\/11\/seminario_biosfera_5.jpg\"><img loading=\"lazy\" decoding=\"async\" class=\"alignright size-medium wp-image-145172\" src=\"https:\/\/www.upla.cl\/noticias\/wp-content\/uploads\/2021\/11\/seminario_biosfera_5-300x291.jpg\" alt=\"\" width=\"300\" height=\"291\" srcset=\"https:\/\/upla.cl\/noticias\/wp-content\/uploads\/2021\/11\/seminario_biosfera_5-300x291.jpg 300w, https:\/\/upla.cl\/noticias\/wp-content\/uploads\/2021\/11\/seminario_biosfera_5.jpg 623w\" sizes=\"auto, (max-width: 300px) 100vw, 300px\" \/><\/a>La iniciativa consider\u00f3 una Cartograf\u00eda Participativa, mediante la cual los asistentes definieron conflictos socioambientales y buenas pr\u00e1cticas, orientados por el equipo de investigadores de BIOGEOART, as\u00ed como una visita al Parque Nacional La Campana, sector Caj\u00f3n Grande, donde junto con CONAF y el equipo multidisciplinario trabajaron conceptos y conocimientos para la protecci\u00f3n y conservaci\u00f3n de la flora y fauna nativa en la Reserva de Bi\u00f3sfera.<\/p>\n<p>El programa contempl\u00f3, asimismo, una feria de emprendedores locales con productos y artesan\u00eda con <a href=\"https:\/\/www.upla.cl\/noticias\/wp-content\/uploads\/2021\/11\/seminario_biosfera_3.jpg\"><img loading=\"lazy\" decoding=\"async\" class=\"alignright wp-image-145170 size-medium\" src=\"https:\/\/www.upla.cl\/noticias\/wp-content\/uploads\/2021\/11\/seminario_biosfera_3-300x225.jpg\" alt=\"\" width=\"300\" height=\"225\" srcset=\"https:\/\/upla.cl\/noticias\/wp-content\/uploads\/2021\/11\/seminario_biosfera_3-300x225.jpg 300w, https:\/\/upla.cl\/noticias\/wp-content\/uploads\/2021\/11\/seminario_biosfera_3.jpg 589w\" sizes=\"auto, (max-width: 300px) 100vw, 300px\" \/><\/a>potencial para desarrollar el sello Reserva de la Biosfera, y la presencia de carreras de universidades orientadas a la sustentabilidad, resaltando la participaci\u00f3n de las carreras del <strong>Departamento de Ciencias y Geograf\u00eda de la Facultad de Ciencias Naturales y Exactas de la UPLA, Geograf\u00eda<\/strong> y <strong><a href=\"https:\/\/www.upla.cl\/cienciasnaturalesyexactas\/pedagogia-en-quimica-y-ciencias\/\">Pedagog\u00eda en Qu\u00edmica y Ciencias<\/a>.<\/strong><\/p>\n<p>El evento cont\u00f3 con la presencia de los alcaldes de Olmu\u00e9, Jorge Jil Herreras, de Quilpu\u00e9, Valeria Melipill\u00e1n Figueroa, y de Limache, Daniel Morales Esp\u00edndola, m\u00e1s acad\u00e9micos, representantes de pueblos originarios y los asistentes previamente inscritos.<\/p>\n","protected":false},"excerpt":{"rendered":"<p>Actividad se efectu\u00f3 el 16 y 17 de noviembre en la comuna de Olmu\u00e9, con el objetivo de reflexionar sobre oportunidades de desarrollo territorial sustentable en torno a \u00e1reas cuya finalidad es armonizar la conservaci\u00f3n de la diversidad biol\u00f3gica y cultural y el desarrollo econ\u00f3mico y social, a trav\u00e9s de la relaci\u00f3n de las personas con la naturaleza.<\/p>\n","protected":false},"author":10,"featured_media":145176,"comment_status":"closed","ping_status":"closed","sticky":false,"template":"","format":"standard","meta":{"footnotes":""},"categories":[51,40,101,97,75,113,91],"tags":[],"class_list":["post-145168","post","type-post","status-publish","format-standard","has-post-thumbnail","","category-academia","category-destacados","category-docencia","category-estudiantes","category-facultad-de-ciencias-naturales-y-exactas","category-universidades-en-red","category-vinculacion-con-el-medio"],"_links":{"self":[{"href":"https:\/\/upla.cl\/noticias\/wp-json\/wp\/v2\/posts\/145168","targetHints":{"allow":["GET"]}}],"collection":[{"href":"https:\/\/upla.cl\/noticias\/wp-json\/wp\/v2\/posts"}],"about":[{"href":"https:\/\/upla.cl\/noticias\/wp-json\/wp\/v2\/types\/post"}],"author":[{"embeddable":true,"href":"https:\/\/upla.cl\/noticias\/wp-json\/wp\/v2\/users\/10"}],"replies":[{"embeddable":true,"href":"https:\/\/upla.cl\/noticias\/wp-json\/wp\/v2\/comments?post=145168"}],"version-history":[{"count":0,"href":"https:\/\/upla.cl\/noticias\/wp-json\/wp\/v2\/posts\/145168\/revisions"}],"wp:featuredmedia":[{"embeddable":true,"href":"https:\/\/upla.cl\/noticias\/wp-json\/wp\/v2\/media\/145176"}],"wp:attachment":[{"href":"https:\/\/upla.cl\/noticias\/wp-json\/wp\/v2\/media?parent=145168"}],"wp:term":[{"taxonomy":"category","embeddable":true,"href":"https:\/\/upla.cl\/noticias\/wp-json\/wp\/v2\/categories?post=145168"},{"taxonomy":"post_tag","embeddable":true,"href":"https:\/\/upla.cl\/noticias\/wp-json\/wp\/v2\/tags?post=145168"}],"curies":[{"name":"wp","href":"https:\/\/api.w.org\/{rel}","templated":true}]}}