{"id":146230,"date":"2021-12-30T16:59:56","date_gmt":"2021-12-30T19:59:56","guid":{"rendered":"https:\/\/www.upla.cl\/noticias\/?p=146230"},"modified":"2021-12-30T16:59:56","modified_gmt":"2021-12-30T19:59:56","slug":"vih-la-otra-pandemia-instalada-en-chile-y-el-mundo-hace-30-anos","status":"publish","type":"post","link":"https:\/\/upla.cl\/noticias\/2021\/12\/30\/vih-la-otra-pandemia-instalada-en-chile-y-el-mundo-hace-30-anos\/","title":{"rendered":"VIH: La otra pandemia instalada en Chile y el mundo hace 30 a\u00f1os"},"content":{"rendered":"<figure id=\"attachment_146237\" aria-describedby=\"caption-attachment-146237\" style=\"width: 300px\" class=\"wp-caption alignright\"><a href=\"https:\/\/www.upla.cl\/noticias\/wp-content\/uploads\/2021\/12\/rosalba_orellana.png\"><img loading=\"lazy\" decoding=\"async\" class=\"size-medium wp-image-146237\" src=\"https:\/\/www.upla.cl\/noticias\/wp-content\/uploads\/2021\/12\/rosalba_orellana-300x216.png\" alt=\"\" width=\"300\" height=\"216\" srcset=\"https:\/\/upla.cl\/noticias\/wp-content\/uploads\/2021\/12\/rosalba_orellana-300x216.png 300w, https:\/\/upla.cl\/noticias\/wp-content\/uploads\/2021\/12\/rosalba_orellana.png 711w\" sizes=\"auto, (max-width: 300px) 100vw, 300px\" \/><\/a><figcaption id=\"caption-attachment-146237\" class=\"wp-caption-text\">Rosalba Orellana, acad\u00e9mica Facultad de la Salud.<\/figcaption><\/figure>\n<p>Tres d\u00e9cadas han pasado desde que en 1981 se registr\u00f3 el primer caso en el mundo de un paciente diagnosticado con el Virus de Inmuno Deficiencia Humana, VIH, y que dos a\u00f1os despu\u00e9s lleg\u00f3 a Chile.<\/p>\n<p>Si bien la mortalidad causada por el VIH ha disminuido, por el acceso universal a la terapia antirretroviral, los contagios siguen creciendo, y los mitos y la estigmatizaci\u00f3n sobre la enfermedad persisten, obstaculizando su comprensi\u00f3n y prevenci\u00f3n.<\/p>\n<p>En virtud de aquello, el <a href=\"https:\/\/upla.cl\/promociondelasalud\/\"><strong>Equipo Gestor de Promoci\u00f3n de la Salud y Calidad de Vida de la Universidad de Playa Ancha<\/strong><\/a> con la colaboraci\u00f3n de la <strong>Secretar\u00eda Regional Ministerial de Salud de Valpara\u00edso<\/strong>, realizaron el \u00faltimo seminario de un ciclo desarrollado durante este a\u00f1o, en el que abordaron el tema del VIH\/SIDA, las v\u00edas de contagio y los programas de prevenci\u00f3n existentes.<\/p>\n<p>La <strong>acad\u00e9mica del Departamento de Salud, Comunidad y Gesti\u00f3n de la <a href=\"https:\/\/upla.cl\/facultad\/cienciassalud\/\">Facultad de Ciencias de la Salud<\/a> de la Universidad de Playa Ancha, Mg. Rosalba Orellana<\/strong>, sostuvo que, pese a los 30 a\u00f1os de la presencia de la enfermedad, sigue habiendo confusi\u00f3n entre VIH y SIDA.<\/p>\n<p>\u201cEl Virus de Inmuno Deficiencia Humana es un estado de asintom\u00e1tico, con el que puede vivir la persona muchos a\u00f1os antes que se exprese en el SIDA, que es el S\u00edndrome de Inmuno Deficiencia Adquirida. Una enfermedad sintom\u00e1tica, 3.11donde las manifestaciones cl\u00ednicas ya est\u00e1n, aparecen en etapa avanzada y que, afortunadamente, est\u00e1 en las Garant\u00edas Expl\u00edcitas de Salud, GES, y todas las personas pueden acceder al tratamiento\u201d, precis\u00f3 la acad\u00e9mica.<\/p>\n<h5><strong>V\u00edas de transmisi\u00f3n<\/strong><\/h5>\n<figure id=\"attachment_146234\" aria-describedby=\"caption-attachment-146234\" style=\"width: 300px\" class=\"wp-caption alignright\"><a href=\"https:\/\/www.upla.cl\/noticias\/wp-content\/uploads\/2021\/12\/vias_transmision_vih.png\"><img loading=\"lazy\" decoding=\"async\" class=\"size-medium wp-image-146234\" src=\"https:\/\/www.upla.cl\/noticias\/wp-content\/uploads\/2021\/12\/vias_transmision_vih-300x169.png\" alt=\"\" width=\"300\" height=\"169\" srcset=\"https:\/\/upla.cl\/noticias\/wp-content\/uploads\/2021\/12\/vias_transmision_vih-300x169.png 300w, https:\/\/upla.cl\/noticias\/wp-content\/uploads\/2021\/12\/vias_transmision_vih.png 640w\" sizes=\"auto, (max-width: 300px) 100vw, 300px\" \/><\/a><figcaption id=\"caption-attachment-146234\" class=\"wp-caption-text\">V\u00edas de transmisi\u00f3n VIH.<\/figcaption><\/figure>\n<p>El VIH en Chile se transmite, principalmente, a trav\u00e9s de relaciones sexuales vaginales, anales u orales sin protecci\u00f3n. Pero tambi\u00e9n por medio del intercambio de jeringas entre personas contagiadas y transfusiones de sangre -aunque en nuestro pa\u00eds, ese riego est\u00e1 controlado, ya que desde 1987 toda la sangre donada se examina para detectar VIH. Igualmente, la transmisi\u00f3n puede ocurrir desde una madre portadora del virus a su hijo durante el embarazo, el parto y la lactancia.<\/p>\n<p>La enfermera Orellana afirm\u00f3 que el VIH se puede transmitir tambi\u00e9n por rasuradoras, m\u00e1quinas de afeitar e instrumentos para hacer piercings y tatuajes sin esterilizar, y fue enf\u00e1tica en descartar la transmisi\u00f3n del virus a trav\u00e9s de abrazos, besos, insectos o de heridas en contacto con el entorno.<\/p>\n<p><a href=\"https:\/\/www.upla.cl\/noticias\/wp-content\/uploads\/2021\/12\/vias_transmision_2.png\"><img loading=\"lazy\" decoding=\"async\" class=\"alignright size-medium wp-image-146239\" src=\"https:\/\/www.upla.cl\/noticias\/wp-content\/uploads\/2021\/12\/vias_transmision_2-300x183.png\" alt=\"\" width=\"300\" height=\"183\" srcset=\"https:\/\/upla.cl\/noticias\/wp-content\/uploads\/2021\/12\/vias_transmision_2-300x183.png 300w, https:\/\/upla.cl\/noticias\/wp-content\/uploads\/2021\/12\/vias_transmision_2.png 700w\" sizes=\"auto, (max-width: 300px) 100vw, 300px\" \/><\/a>Desde que comenz\u00f3 en los \u201980 esta pandemia 32 millones de personas en el mundo han fallecido producto de enfermedades relacionadas con el SIDA. En Chile, seg\u00fan ONUSIDA 70 mil personas viven con VIH y al a\u00f1o se infectan 5 mil.<\/p>\n<p>Desde el 2016 ha habido un aumento de un 20% de contagios en la poblaci\u00f3n adolescente de 15 a 19 a\u00f1os (tasa de 9,1 por 100 mil habitantes). En 2018, el grupo etario de 20 a 29 a\u00f1os present\u00f3 las mayores tasas de nuevos casos (99.2 por 100 mil habitantes).<\/p>\n<h5><strong>Cero casos de SIDA al 2030<\/strong><\/h5>\n<figure id=\"attachment_146236\" aria-describedby=\"caption-attachment-146236\" style=\"width: 150px\" class=\"wp-caption alignright\"><a href=\"https:\/\/www.upla.cl\/noticias\/wp-content\/uploads\/2021\/12\/viviana_ledezma.png\"><img loading=\"lazy\" decoding=\"async\" class=\"wp-image-146236 size-thumbnail\" src=\"https:\/\/www.upla.cl\/noticias\/wp-content\/uploads\/2021\/12\/viviana_ledezma-150x150.png\" alt=\"\" width=\"150\" height=\"150\" \/><\/a><figcaption id=\"caption-attachment-146236\" class=\"wp-caption-text\">Viviana Ledezma, encargada de Epidemiolog\u00eda Seremi Salud.<\/figcaption><\/figure>\n<p>La <strong>enfermera-matrona, encargada de Epidemiolog\u00eda del Programa de Prevenci\u00f3n y Control de VIH\/SIDA e ITS de la Seremi de Salud de Valpara\u00edso, Viviana Ledezma<\/strong>, expres\u00f3 que el VIH se puede prevenir y detectar precozmente.<\/p>\n<p>Usando siempre correctamente condones masculinos o femeninos, evitando compartir jeringas, realiz\u00e1ndose desde los 14 a\u00f1os el test r\u00e1pido gratuito para detectar VIH en CESFAM o en operativos de testeo en espacios p\u00fablicos realizados por la Seremi de Salud o el Instituto de la Juventud. Si resulta positivo, iniciar tratamiento antirretroviral, oportunamente, el cual est\u00e1 dentro de las Garant\u00edas Expl\u00edcitas de Salud.<\/p>\n<p>\u201cTenemos como desaf\u00edo para el 2030 no presentar en Chile casos de SIDA. Las personas que conocen su condici\u00f3n durante la etapa de VIH, si ingresan a tratamiento se pueden mantener en esa etapa por toda su vida y nunca ser un caso de SIDA, y ese es nuestro desaf\u00edo\u201d, dijo la enfermera Ledezma.<\/p>\n<p><strong>\u2022 <em><a href=\"https:\/\/www.youtube.com\/watch?v=V-wWtaV-f80\" target=\"_blank\" rel=\"noopener\">Revisar aqu\u00ed seminario<\/a><\/em><\/strong><\/p>\n","protected":false},"excerpt":{"rendered":"<p>En seminario realizado por el Equipo Gestor de Promoci\u00f3n de la Salud y Calidad de Vida de la Universidad de Playa Ancha y la Secretar\u00eda Regional Ministerial de Salud de Valpara\u00edso abordaron mitos, v\u00edas de transmisi\u00f3n y programas de prevenci\u00f3n.<\/p>\n","protected":false},"author":10,"featured_media":146241,"comment_status":"closed","ping_status":"closed","sticky":false,"template":"","format":"standard","meta":{"footnotes":""},"categories":[51,40,101,97,74,91],"tags":[],"class_list":["post-146230","post","type-post","status-publish","format-standard","has-post-thumbnail","","category-academia","category-destacados","category-docencia","category-estudiantes","category-facultad-de-ciencias-de-la-salud","category-vinculacion-con-el-medio"],"_links":{"self":[{"href":"https:\/\/upla.cl\/noticias\/wp-json\/wp\/v2\/posts\/146230","targetHints":{"allow":["GET"]}}],"collection":[{"href":"https:\/\/upla.cl\/noticias\/wp-json\/wp\/v2\/posts"}],"about":[{"href":"https:\/\/upla.cl\/noticias\/wp-json\/wp\/v2\/types\/post"}],"author":[{"embeddable":true,"href":"https:\/\/upla.cl\/noticias\/wp-json\/wp\/v2\/users\/10"}],"replies":[{"embeddable":true,"href":"https:\/\/upla.cl\/noticias\/wp-json\/wp\/v2\/comments?post=146230"}],"version-history":[{"count":0,"href":"https:\/\/upla.cl\/noticias\/wp-json\/wp\/v2\/posts\/146230\/revisions"}],"wp:featuredmedia":[{"embeddable":true,"href":"https:\/\/upla.cl\/noticias\/wp-json\/wp\/v2\/media\/146241"}],"wp:attachment":[{"href":"https:\/\/upla.cl\/noticias\/wp-json\/wp\/v2\/media?parent=146230"}],"wp:term":[{"taxonomy":"category","embeddable":true,"href":"https:\/\/upla.cl\/noticias\/wp-json\/wp\/v2\/categories?post=146230"},{"taxonomy":"post_tag","embeddable":true,"href":"https:\/\/upla.cl\/noticias\/wp-json\/wp\/v2\/tags?post=146230"}],"curies":[{"name":"wp","href":"https:\/\/api.w.org\/{rel}","templated":true}]}}