{"id":147607,"date":"2022-04-07T10:08:03","date_gmt":"2022-04-07T14:08:03","guid":{"rendered":"https:\/\/www.upla.cl\/noticias\/?p=147607"},"modified":"2025-10-30T18:27:54","modified_gmt":"2025-10-30T21:27:54","slug":"carrera-de-pedagogia-en-educacion-diferencial-realiza-talleres-de-bienvenida-para-sus-nuevas-promociones","status":"publish","type":"post","link":"https:\/\/upla.cl\/noticias\/2022\/04\/07\/carrera-de-pedagogia-en-educacion-diferencial-realiza-talleres-de-bienvenida-para-sus-nuevas-promociones\/","title":{"rendered":"Carrera de Pedagog\u00eda en Educaci\u00f3n Diferencial realiza talleres de bienvenida para sus nuevas promociones"},"content":{"rendered":"<p style=\"text-align: justify\"><a href=\"https:\/\/www.upla.cl\/noticias\/wp-content\/uploads\/2022\/04\/Bienvenida_EDI_Nuevas_promociones_2022-3-e1649340185169.jpg\"><img loading=\"lazy\" decoding=\"async\" class=\"aligncenter size-full wp-image-147609\" src=\"https:\/\/www.upla.cl\/noticias\/wp-content\/uploads\/2022\/04\/Bienvenida_EDI_Nuevas_promociones_2022-3-e1649340185169.jpg\" alt=\"\" width=\"640\" height=\"360\" \/><\/a>Para compartir experiencias de la vida universitaria la carrera de <strong>Pedagog\u00eda en Educaci\u00f3n Diferencial<\/strong> particip\u00f3 de diversas actividades l\u00fadicas, acad\u00e9micas y talleres, organizadas por estudiantes de promociones superiores.<\/p>\n<p style=\"text-align: justify\">Dentro de los talleres que se desarrollaron estuvieron <strong>\u201cVida Universitaria en la Upla\u201d,<\/strong> <strong>\u201cTaller de Perfil de Egreso del Profesor o Profesora de Educaci\u00f3n Diferencial de la UPLA\u201d y \u201cTaller de Plan de Estudios, L\u00ednea de Pr\u00e1cticas y Campo Ocupacional de la Carrera\u201d.<\/strong><\/p>\n<p style=\"text-align: justify\"><strong><a href=\"https:\/\/www.upla.cl\/noticias\/wp-content\/uploads\/2022\/04\/AFICHE-ACT.-BIENVENIDA-EDI-2022-e1649340123737.jpg\"><img loading=\"lazy\" decoding=\"async\" class=\"alignleft size-medium wp-image-147613\" src=\"https:\/\/www.upla.cl\/noticias\/wp-content\/uploads\/2022\/04\/AFICHE-ACT.-BIENVENIDA-EDI-2022-212x300.jpg\" alt=\"\" width=\"212\" height=\"300\" \/><\/a>La estudiante de primer a\u00f1o,<\/strong> <strong>Krishna Guti\u00e9rrez Vidal<\/strong> comenta: \u201cme gustaron mucho las actividades, pude acercarme a mis compa\u00f1eros, me sirvieron para no andar tan desorientada dentro de la universidad y resolvieron varias dudas que ten\u00eda sobre la carrera\u201d.<\/p>\n<p style=\"text-align: justify\">Tambi\u00e9n,<strong> Andrea Barr\u00eda Bascu\u00f1\u00e1n, estudiante de promoci\u00f3n 2019 y organizadora de la iniciativa,<\/strong> explic\u00f3 que uno de los objetivos principales fue entregar orientaci\u00f3n a sus compa\u00f1eras y compa\u00f1eros de las nuevas promociones: \u201cComo estudiantes de cursos superiores creamos estas actividades con el fin de mostrar la universidad desde las experiencias que hemos vivido en la Upla, resaltando la raz\u00f3n por la que nuestra universidad se caracteriza por poseer un fuerte car\u00e1cter y compromiso social y c\u00f3mo se aborda desde la carrera. Otra cosa importante, es que estas actividades fueron organizadas para las generaciones que no conoc\u00edan f\u00edsicamente la universidad, en estas actividades se pudieron relacionar entre ellos, lo que es fundamental para establecer lazos de colaboraci\u00f3n entre compa\u00f1eras y compa\u00f1eros\u201d.<\/p>\n<p>&nbsp;<\/p>\n<div id='gallery-1' class='gallery galleryid-147607 gallery-columns-2 gallery-size-medium'><figure class='gallery-item'>\n\t\t\t<div class='gallery-icon landscape'>\n\t\t\t\t<a href='https:\/\/upla.cl\/noticias\/wp-content\/uploads\/2022\/04\/Bienvenida_EDI_Nuevas_promociones_2022-1-e1649340145835.jpeg'><img loading=\"lazy\" decoding=\"async\" width=\"300\" height=\"225\" src=\"https:\/\/upla.cl\/noticias\/wp-content\/uploads\/2022\/04\/Bienvenida_EDI_Nuevas_promociones_2022-1-300x225.jpeg\" class=\"attachment-medium size-medium\" alt=\"\" srcset=\"https:\/\/upla.cl\/noticias\/wp-content\/uploads\/2022\/04\/Bienvenida_EDI_Nuevas_promociones_2022-1-300x225.jpeg 300w, https:\/\/upla.cl\/noticias\/wp-content\/uploads\/2022\/04\/Bienvenida_EDI_Nuevas_promociones_2022-1-e1649340145835.jpeg 640w\" sizes=\"auto, (max-width: 300px) 100vw, 300px\" \/><\/a>\n\t\t\t<\/div><\/figure><figure class='gallery-item'>\n\t\t\t<div class='gallery-icon landscape'>\n\t\t\t\t<a href='https:\/\/upla.cl\/noticias\/wp-content\/uploads\/2022\/04\/Bienvenida_EDI_Nuevas_promociones_2022-1-e1649340161869.jpg'><img loading=\"lazy\" decoding=\"async\" width=\"300\" height=\"225\" src=\"https:\/\/upla.cl\/noticias\/wp-content\/uploads\/2022\/04\/Bienvenida_EDI_Nuevas_promociones_2022-1-300x225.jpg\" class=\"attachment-medium size-medium\" alt=\"\" srcset=\"https:\/\/upla.cl\/noticias\/wp-content\/uploads\/2022\/04\/Bienvenida_EDI_Nuevas_promociones_2022-1-300x225.jpg 300w, https:\/\/upla.cl\/noticias\/wp-content\/uploads\/2022\/04\/Bienvenida_EDI_Nuevas_promociones_2022-1-1024x768.jpg 1024w, https:\/\/upla.cl\/noticias\/wp-content\/uploads\/2022\/04\/Bienvenida_EDI_Nuevas_promociones_2022-1-768x576.jpg 768w, https:\/\/upla.cl\/noticias\/wp-content\/uploads\/2022\/04\/Bienvenida_EDI_Nuevas_promociones_2022-1-e1649340161869.jpg 640w\" sizes=\"auto, (max-width: 300px) 100vw, 300px\" \/><\/a>\n\t\t\t<\/div><\/figure>\n\t\t<\/div>\n\n<p>&nbsp;<\/p>\n","protected":false},"excerpt":{"rendered":"<p>Actividades tuvieron como prop\u00f3sito conocer a los nuevos estudiantes y orientarlos en la vida universitaria.<\/p>\n","protected":false},"author":11,"featured_media":147609,"comment_status":"closed","ping_status":"closed","sticky":false,"template":"","format":"standard","meta":{"footnotes":""},"categories":[96,40,69,97,73,725],"tags":[],"class_list":["post-147607","post","type-post","status-publish","format-standard","has-post-thumbnail","","category-academicos","category-destacados","category-egresados","category-estudiantes","category-facultad-de-ciencias-de-la-educacion","category-pedagogia-en-educacion-fisica"],"_links":{"self":[{"href":"https:\/\/upla.cl\/noticias\/wp-json\/wp\/v2\/posts\/147607","targetHints":{"allow":["GET"]}}],"collection":[{"href":"https:\/\/upla.cl\/noticias\/wp-json\/wp\/v2\/posts"}],"about":[{"href":"https:\/\/upla.cl\/noticias\/wp-json\/wp\/v2\/types\/post"}],"author":[{"embeddable":true,"href":"https:\/\/upla.cl\/noticias\/wp-json\/wp\/v2\/users\/11"}],"replies":[{"embeddable":true,"href":"https:\/\/upla.cl\/noticias\/wp-json\/wp\/v2\/comments?post=147607"}],"version-history":[{"count":0,"href":"https:\/\/upla.cl\/noticias\/wp-json\/wp\/v2\/posts\/147607\/revisions"}],"wp:featuredmedia":[{"embeddable":true,"href":"https:\/\/upla.cl\/noticias\/wp-json\/wp\/v2\/media\/147609"}],"wp:attachment":[{"href":"https:\/\/upla.cl\/noticias\/wp-json\/wp\/v2\/media?parent=147607"}],"wp:term":[{"taxonomy":"category","embeddable":true,"href":"https:\/\/upla.cl\/noticias\/wp-json\/wp\/v2\/categories?post=147607"},{"taxonomy":"post_tag","embeddable":true,"href":"https:\/\/upla.cl\/noticias\/wp-json\/wp\/v2\/tags?post=147607"}],"curies":[{"name":"wp","href":"https:\/\/api.w.org\/{rel}","templated":true}]}}