{"id":148684,"date":"2022-05-16T16:07:37","date_gmt":"2022-05-16T20:07:37","guid":{"rendered":"https:\/\/www.upla.cl\/noticias\/?p=148684"},"modified":"2022-05-16T16:07:37","modified_gmt":"2022-05-16T20:07:37","slug":"linguista-aborda-distintas-expresiones-que-utilizamos-los-chilenos","status":"publish","type":"post","link":"https:\/\/upla.cl\/noticias\/2022\/05\/16\/linguista-aborda-distintas-expresiones-que-utilizamos-los-chilenos\/","title":{"rendered":"Ling\u00fcista aborda distintas expresiones que utilizamos los chilenos"},"content":{"rendered":"<p><a href=\"https:\/\/www.upla.cl\/noticias\/wp-content\/uploads\/2022\/05\/Hablantes-chilenos.jpg\"><img loading=\"lazy\" decoding=\"async\" class=\"alignleft size-medium wp-image-148685\" src=\"https:\/\/www.upla.cl\/noticias\/wp-content\/uploads\/2022\/05\/Hablantes-chilenos-300x200.jpg\" alt=\"\" width=\"300\" height=\"200\" srcset=\"https:\/\/upla.cl\/noticias\/wp-content\/uploads\/2022\/05\/Hablantes-chilenos-300x200.jpg 300w, https:\/\/upla.cl\/noticias\/wp-content\/uploads\/2022\/05\/Hablantes-chilenos.jpg 640w\" sizes=\"auto, (max-width: 300px) 100vw, 300px\" \/><\/a>\u00bfSab\u00eda usted que las expresiones como \u201csanguchito de palta\u201d, \u201chablar hasta por los codos\u201d, \u201cse le cay\u00f3 el cassette\u201d, o \u201cno tener pelos en la lengua\u201d, corresponden a un fen\u00f3meno que los ling\u00fcistas llaman Metalenguaje?<\/p>\n<p>As\u00ed lo afirma el <strong>Dr. Juan Pablo Reyes, acad\u00e9mico de la Facultad de Humanidades de la Universidad de Playa Ancha, UPLA<\/strong>, quien sostiene que el metalenguaje es la capacidad que tenemos de autoanalizar el lenguaje, de tomar conciencia de su importancia, de sus capacidades expresivas y de su necesaria presencia para nuestras interacciones socioculturales.<\/p>\n<p>\u201cEs la funci\u00f3n que tiene el lenguaje de hablar del lenguaje mismo. Palabras hablando de las palabras. Tomamos conciencia de lo que es hablar. Hoy, m\u00e1s que nunca, hacemos uso de la funci\u00f3n metaling\u00fc\u00edstica, por ejemplo, redefiniendo, resignificando los conceptos, las palabras, no solo de uso m\u00e1s corriente, que provienen del \u00e1mbito del derecho, la econom\u00eda, la salud y la seguridad del pa\u00eds, si no aquellas expresiones m\u00e1s restringidas, como son los lenguajes inclusivos de g\u00e9nero de las comunidades sordas y con capacidades distintas, dice el Dr. Reyes, director del Departamento de Literatura y ling\u00fc\u00edstica.<\/p>\n<p>Agrega que la funci\u00f3n metaling\u00fc\u00edstica que poseen todas las lenguas de los pueblos, as\u00ed como las jergas cient\u00edficas, se ejemplifican en algunos de los recursos siguientes: es decir, dicho en otras palabras, esto significa, esto quiere decir, as\u00ed llamado, lo que quiero decir es, d\u00edgalo, usted no lo diga. Un ejemplo cl\u00e1sico de la administraci\u00f3n es la expresi\u00f3n escrita dice:\u2026debe decir:.<\/p>\n<p>Es enf\u00e1tico en afirmar, adem\u00e1s, que el metalenguaje permite enmarcar y en, cierto modo, regular los acuerdos que se dicen respecto de los fen\u00f3menos, las personas y las cosas. Es un proceso verbal permanente que va hablando del mismo hablar, en un estado de reflexi\u00f3n ling\u00fc\u00edstica. Es estar pendiente del qu\u00e9 se dice, c\u00f3mo lo dice, lo qu\u00e9e se debe decir y no decir, para qu\u00e9 lo dice, etc. El metalenguaje es una especie de control para mantener grados de acuerdos y consensos -dice el Dr. en Ling\u00fcista.<\/p>\n<h5><strong>EXPRESIONES<\/strong><\/h5>\n<figure id=\"attachment_148033\" aria-describedby=\"caption-attachment-148033\" style=\"width: 300px\" class=\"wp-caption alignright\"><a href=\"https:\/\/www.upla.cl\/noticias\/wp-content\/uploads\/2022\/04\/Juan-Pablo-Reyes-copia.jpg\"><img loading=\"lazy\" decoding=\"async\" class=\"wp-image-148033 size-medium\" src=\"https:\/\/www.upla.cl\/noticias\/wp-content\/uploads\/2022\/04\/Juan-Pablo-Reyes-copia-300x200.jpg\" alt=\"\" width=\"300\" height=\"200\" srcset=\"https:\/\/upla.cl\/noticias\/wp-content\/uploads\/2022\/04\/Juan-Pablo-Reyes-copia-300x200.jpg 300w, https:\/\/upla.cl\/noticias\/wp-content\/uploads\/2022\/04\/Juan-Pablo-Reyes-copia.jpg 640w\" sizes=\"auto, (max-width: 300px) 100vw, 300px\" \/><\/a><figcaption id=\"caption-attachment-148033\" class=\"wp-caption-text\"><strong>Dr. Juan Pablo Reyes.<\/strong><\/figcaption><\/figure>\n<p>Otra forma de identificar fen\u00f3menos de metaling\u00fc\u00edstica se da cuando la persona se refiere al modo de hablar de los dem\u00e1s, por ejemplo (y tal como lo mencionamos al comienzo de esta nota), cuando decimos que alguien es sanguchito de palta, habla hasta por los codos o, por el contrario, es muy escueto, es monosil\u00e1bico, no deber\u00eda decir eso, se le cay\u00f3 el cassette, habla mucho, pero dice poco, es decir, dicho de otro modo, no tener pelos en la lengua, por no decir, digo esto por ser diplom\u00e1tico o por ser suave, palabras sacan palabras.<\/p>\n<p>Hay otro tipo de estos casos de metaling\u00fc\u00edstica que se advierte en aquellos hablantes que prefieren, conscientemente, utilizar ciertos nombres para designar algo, ejemplo: la constituci\u00f3n de Lagos, la de Pinochet, la de los cuatro generales, la de los ochenta; o podr\u00eda ser tambi\u00e9n wallmapu, macrozona sur, el sur, la Araucan\u00eda, el territorio mapuche, tierras en disputa o el caso de plaza Baquedano, plaza Italia, plaza dignidad.<\/p>\n<p>\u201cEl lenguaje facilita a trav\u00e9s de la metaling\u00fc\u00edstica el que sus hablantes puedan ser tambi\u00e9n ling\u00fcistas. Es una demostraci\u00f3n de que toda comunidad idiom\u00e1tica, ya sea, a nivel panhispano, latinoamericano, chileno, provincial, barrial o escolar expl\u00edcitamente pueden reflexionar acerca de sus modos de hablar y significar. Desde lo macro a lo micro comunicativo, existe la posibilidad de pensar el lenguaje con el lenguaje mismo. Es la posibilidad de siempre estar pregunt\u00e1ndonos \u00bfqu\u00e9 significa eso?\u201d, se pregunta el acad\u00e9mico.<\/p>\n<p>En s\u00edntesis, subraya que s\u00ed hablamos de c\u00f3mo hablamos cuando hablamos, entonces nos estamos preguntando por nosotros mismos como grupo y como individuos, por nuestros juicios acerca de la verdad, la credibilidad y la confianza.<\/p>\n","protected":false},"excerpt":{"rendered":"<p>Dr. Juan Pablo Reyes  explica que, decir que una persona  \u201chablar hasta por los codos, o \u201cno tiene pelos en la lengua\u201d, t\u00e9cnicamente, corresponden a fen\u00f3menos del Metalenguaje, que utilizamos consciente o inconscientemente.<\/p>\n","protected":false},"author":3,"featured_media":148685,"comment_status":"closed","ping_status":"closed","sticky":false,"template":"","format":"standard","meta":{"footnotes":""},"categories":[51,96,40,77,1],"tags":[],"class_list":["post-148684","post","type-post","status-publish","format-standard","has-post-thumbnail","","category-academia","category-academicos","category-destacados","category-facultad-de-humanidades","category-sin-categoria"],"_links":{"self":[{"href":"https:\/\/upla.cl\/noticias\/wp-json\/wp\/v2\/posts\/148684","targetHints":{"allow":["GET"]}}],"collection":[{"href":"https:\/\/upla.cl\/noticias\/wp-json\/wp\/v2\/posts"}],"about":[{"href":"https:\/\/upla.cl\/noticias\/wp-json\/wp\/v2\/types\/post"}],"author":[{"embeddable":true,"href":"https:\/\/upla.cl\/noticias\/wp-json\/wp\/v2\/users\/3"}],"replies":[{"embeddable":true,"href":"https:\/\/upla.cl\/noticias\/wp-json\/wp\/v2\/comments?post=148684"}],"version-history":[{"count":0,"href":"https:\/\/upla.cl\/noticias\/wp-json\/wp\/v2\/posts\/148684\/revisions"}],"wp:featuredmedia":[{"embeddable":true,"href":"https:\/\/upla.cl\/noticias\/wp-json\/wp\/v2\/media\/148685"}],"wp:attachment":[{"href":"https:\/\/upla.cl\/noticias\/wp-json\/wp\/v2\/media?parent=148684"}],"wp:term":[{"taxonomy":"category","embeddable":true,"href":"https:\/\/upla.cl\/noticias\/wp-json\/wp\/v2\/categories?post=148684"},{"taxonomy":"post_tag","embeddable":true,"href":"https:\/\/upla.cl\/noticias\/wp-json\/wp\/v2\/tags?post=148684"}],"curies":[{"name":"wp","href":"https:\/\/api.w.org\/{rel}","templated":true}]}}