{"id":148690,"date":"2022-05-17T12:25:53","date_gmt":"2022-05-17T16:25:53","guid":{"rendered":"https:\/\/www.upla.cl\/noticias\/?p=148690"},"modified":"2022-05-17T13:27:24","modified_gmt":"2022-05-17T17:27:24","slug":"nuevas-areas-de-abordaje-concitaron-el-interes-en-la-celebracion-del-dia-del-kinesiologo","status":"publish","type":"post","link":"https:\/\/upla.cl\/noticias\/2022\/05\/17\/nuevas-areas-de-abordaje-concitaron-el-interes-en-la-celebracion-del-dia-del-kinesiologo\/","title":{"rendered":"Nuevas \u00e1reas de abordaje concitaron el inter\u00e9s en la celebraci\u00f3n del D\u00eda del Kinesi\u00f3logo"},"content":{"rendered":"<p><a href=\"https:\/\/www.upla.cl\/noticias\/wp-content\/uploads\/2022\/05\/Di\u0301a-del-kine-9.png\"><img loading=\"lazy\" decoding=\"async\" class=\"alignleft size-medium wp-image-148691\" src=\"https:\/\/www.upla.cl\/noticias\/wp-content\/uploads\/2022\/05\/Di\u0301a-del-kine-9-300x221.png\" alt=\"\" width=\"300\" height=\"221\" srcset=\"https:\/\/upla.cl\/noticias\/wp-content\/uploads\/2022\/05\/Di\u0301a-del-kine-9-300x221.png 300w, https:\/\/upla.cl\/noticias\/wp-content\/uploads\/2022\/05\/Di\u0301a-del-kine-9.png 640w\" sizes=\"auto, (max-width: 300px) 100vw, 300px\" \/><\/a>La nueva emergencia de las tem\u00e1ticas que se desarrollaron en el seminario que se realiz\u00f3 en el marco de la celebraci\u00f3n del D\u00eda del Kinesi\u00f3logo, fue el aspecto m\u00e1s relevante de la cita que congreg\u00f3 a estudiantes y acad\u00e9micos de la <strong>carrera de Kinesiolog\u00eda de la Facultad de Ciencias de la Salud.<\/strong><\/p>\n<p>As\u00ed lo inform\u00f3 su <strong>directora, Ang\u00e9lica Guti\u00e9rrez D\u00edaz,<\/strong> quien subray\u00f3 a las distintas \u00e1reas en las cuales puede intervenir la kinesiolog\u00eda, tal como inclusi\u00f3n escolar, que desaroll\u00f3 la acad\u00e9mica <strong>Joselyn Godoy Bricen\u0303o<\/strong>. All\u00ed el \u00e9nfasis est\u00e1 en dar garant\u00eda de la igualdad y equidad de los estudiantes.<\/p>\n<p>Otro tema que se present\u00f3 fue la evaluacio\u0301n del proceso de decanulacio\u0301n en pacientes traqueostomizados en el <strong>Hospital Carlos van Bu\u0308ren,<\/strong> que estuvo a cargo del <strong>kinesi\u00f3logo Cristian Corte\u0301s Quinchavil.<\/strong><\/p>\n<p>El Uso de los i\u0301ndices antropome\u0301tricos para identificacio\u0301n del riesgo cardiometabo\u0301lico que expuso <strong>Antonio L\u00f3pez Fuenzalida<\/strong>, fue otro tema que concit\u00f3 la atenci\u00f3n de lo asistentes, al igual como el abordaje que hace el kinesi\u00f3logo en el \u00e1rea maxilofacial, tema que desarroll\u00f3 el <strong>acad\u00e9mico Rodrigo Lo\u0301pez Garci\u0301a.<\/strong><\/p>\n<p><a href=\"https:\/\/www.upla.cl\/noticias\/wp-content\/uploads\/2022\/05\/Di\u0301a-del-Kine-8.png\"><img loading=\"lazy\" decoding=\"async\" class=\"alignleft size-medium wp-image-148692\" src=\"https:\/\/www.upla.cl\/noticias\/wp-content\/uploads\/2022\/05\/Di\u0301a-del-Kine-8-300x208.png\" alt=\"\" width=\"300\" height=\"208\" srcset=\"https:\/\/upla.cl\/noticias\/wp-content\/uploads\/2022\/05\/Di\u0301a-del-Kine-8-300x208.png 300w, https:\/\/upla.cl\/noticias\/wp-content\/uploads\/2022\/05\/Di\u0301a-del-Kine-8-110x75.png 110w, https:\/\/upla.cl\/noticias\/wp-content\/uploads\/2022\/05\/Di\u0301a-del-Kine-8.png 640w\" sizes=\"auto, (max-width: 300px) 100vw, 300px\" \/><\/a>El seminario concluy\u00f3 con la presentaci\u00f3n de la <strong>acad\u00e9mica Carla Sanguinetti<\/strong>, quien expuso sobre el tabaquismo en Chile y la intervenci\u00f3n que el kinesi\u00f3logo hace en el paciente.<\/p>\n<p>A modo de evaluaci\u00f3n, la directora de la carrera expres\u00f3 su satisfacci\u00f3n por el inter\u00e9s que los temas generaron entre los participantes, pues hicieron una aproximaci\u00f3n a las distintas \u00e1reas en las que este profesional puede desarrollar.<\/p>\n<p>\u201cEste encuentro, en el que participaron estudiantes y acad\u00e9micos, fue muy positivo, porque se presentaron distintos \u00e1mbitos en los cuales nosotros como kinesi\u00f3logos podemos intervenir, pues no solo trabajamos en la rehabilitaci\u00f3n del paciente, sino que tambi\u00e9n acompa\u00f1amos a la persona en todo su proceso. Adem\u00e1s, queda claro que somos un profesional articulador, porque trabajamos de manera multidisciplinaria\u201d, concluy\u00f3 <strong>Ang\u00e9lica Guti\u00e9rrez D\u00edaz.<\/strong><\/p>\n<div id='gallery-1' class='gallery galleryid-148690 gallery-columns-3 gallery-size-thumbnail'><figure class='gallery-item'>\n\t\t\t<div class='gallery-icon landscape'>\n\t\t\t\t<a href='https:\/\/upla.cl\/noticias\/wp-content\/uploads\/2022\/05\/Di\u0301a-del-kine-1.png'><img loading=\"lazy\" decoding=\"async\" width=\"150\" height=\"150\" src=\"https:\/\/upla.cl\/noticias\/wp-content\/uploads\/2022\/05\/Di\u0301a-del-kine-1-150x150.png\" class=\"attachment-thumbnail size-thumbnail\" alt=\"\" \/><\/a>\n\t\t\t<\/div><\/figure><figure class='gallery-item'>\n\t\t\t<div class='gallery-icon landscape'>\n\t\t\t\t<a href='https:\/\/upla.cl\/noticias\/wp-content\/uploads\/2022\/05\/Di\u0301a-del-Kine-3.png'><img loading=\"lazy\" decoding=\"async\" width=\"150\" height=\"150\" src=\"https:\/\/upla.cl\/noticias\/wp-content\/uploads\/2022\/05\/Di\u0301a-del-Kine-3-150x150.png\" class=\"attachment-thumbnail size-thumbnail\" alt=\"\" \/><\/a>\n\t\t\t<\/div><\/figure><figure class='gallery-item'>\n\t\t\t<div class='gallery-icon landscape'>\n\t\t\t\t<a href='https:\/\/upla.cl\/noticias\/wp-content\/uploads\/2022\/05\/Di\u0301a-del-Kine-4.png'><img loading=\"lazy\" decoding=\"async\" width=\"150\" height=\"150\" src=\"https:\/\/upla.cl\/noticias\/wp-content\/uploads\/2022\/05\/Di\u0301a-del-Kine-4-150x150.png\" class=\"attachment-thumbnail size-thumbnail\" alt=\"\" \/><\/a>\n\t\t\t<\/div><\/figure><figure class='gallery-item'>\n\t\t\t<div class='gallery-icon landscape'>\n\t\t\t\t<a href='https:\/\/upla.cl\/noticias\/wp-content\/uploads\/2022\/05\/Di\u0301a-del-Kine-7.png'><img loading=\"lazy\" decoding=\"async\" width=\"150\" height=\"150\" src=\"https:\/\/upla.cl\/noticias\/wp-content\/uploads\/2022\/05\/Di\u0301a-del-Kine-7-150x150.png\" class=\"attachment-thumbnail size-thumbnail\" alt=\"\" \/><\/a>\n\t\t\t<\/div><\/figure><figure class='gallery-item'>\n\t\t\t<div class='gallery-icon landscape'>\n\t\t\t\t<a href='https:\/\/upla.cl\/noticias\/wp-content\/uploads\/2022\/05\/Di\u0301a-del-Kine-8-1.png'><img loading=\"lazy\" decoding=\"async\" width=\"150\" height=\"150\" src=\"https:\/\/upla.cl\/noticias\/wp-content\/uploads\/2022\/05\/Di\u0301a-del-Kine-8-1-150x150.png\" class=\"attachment-thumbnail size-thumbnail\" alt=\"\" \/><\/a>\n\t\t\t<\/div><\/figure><figure class='gallery-item'>\n\t\t\t<div class='gallery-icon landscape'>\n\t\t\t\t<a href='https:\/\/upla.cl\/noticias\/wp-content\/uploads\/2022\/05\/Di\u0301a-del-kine-9-1.png'><img loading=\"lazy\" decoding=\"async\" width=\"150\" height=\"150\" src=\"https:\/\/upla.cl\/noticias\/wp-content\/uploads\/2022\/05\/Di\u0301a-del-kine-9-1-150x150.png\" class=\"attachment-thumbnail size-thumbnail\" alt=\"\" \/><\/a>\n\t\t\t<\/div><\/figure><figure class='gallery-item'>\n\t\t\t<div class='gallery-icon portrait'>\n\t\t\t\t<a href='https:\/\/upla.cl\/noticias\/wp-content\/uploads\/2022\/05\/Di\u0301a-del-Kine-11.png'><img loading=\"lazy\" decoding=\"async\" width=\"150\" height=\"150\" src=\"https:\/\/upla.cl\/noticias\/wp-content\/uploads\/2022\/05\/Di\u0301a-del-Kine-11-150x150.png\" class=\"attachment-thumbnail size-thumbnail\" alt=\"\" \/><\/a>\n\t\t\t<\/div><\/figure><figure class='gallery-item'>\n\t\t\t<div class='gallery-icon landscape'>\n\t\t\t\t<a href='https:\/\/upla.cl\/noticias\/wp-content\/uploads\/2022\/05\/Di\u0301a-del-Kine-12.png'><img loading=\"lazy\" decoding=\"async\" width=\"150\" height=\"150\" src=\"https:\/\/upla.cl\/noticias\/wp-content\/uploads\/2022\/05\/Di\u0301a-del-Kine-12-150x150.png\" class=\"attachment-thumbnail size-thumbnail\" alt=\"\" \/><\/a>\n\t\t\t<\/div><\/figure><figure class='gallery-item'>\n\t\t\t<div class='gallery-icon landscape'>\n\t\t\t\t<a href='https:\/\/upla.cl\/noticias\/wp-content\/uploads\/2022\/05\/Di\u0301a-del-Kines-2.png'><img loading=\"lazy\" decoding=\"async\" width=\"150\" height=\"150\" src=\"https:\/\/upla.cl\/noticias\/wp-content\/uploads\/2022\/05\/Di\u0301a-del-Kines-2-150x150.png\" class=\"attachment-thumbnail size-thumbnail\" alt=\"\" \/><\/a>\n\t\t\t<\/div><\/figure><figure class='gallery-item'>\n\t\t\t<div class='gallery-icon landscape'>\n\t\t\t\t<a href='https:\/\/upla.cl\/noticias\/wp-content\/uploads\/2022\/05\/Di\u0301a-del-Kines-5.png'><img loading=\"lazy\" decoding=\"async\" width=\"150\" height=\"150\" src=\"https:\/\/upla.cl\/noticias\/wp-content\/uploads\/2022\/05\/Di\u0301a-del-Kines-5-150x150.png\" class=\"attachment-thumbnail size-thumbnail\" alt=\"\" \/><\/a>\n\t\t\t<\/div><\/figure><figure class='gallery-item'>\n\t\t\t<div class='gallery-icon portrait'>\n\t\t\t\t<a href='https:\/\/upla.cl\/noticias\/wp-content\/uploads\/2022\/05\/Di\u0301a-del-Kines-7.png'><img loading=\"lazy\" decoding=\"async\" width=\"150\" height=\"150\" src=\"https:\/\/upla.cl\/noticias\/wp-content\/uploads\/2022\/05\/Di\u0301a-del-Kines-7-150x150.png\" class=\"attachment-thumbnail size-thumbnail\" alt=\"\" \/><\/a>\n\t\t\t<\/div><\/figure><figure class='gallery-item'>\n\t\t\t<div class='gallery-icon portrait'>\n\t\t\t\t<a href='https:\/\/upla.cl\/noticias\/wp-content\/uploads\/2022\/05\/Di\u0301a-del-kines-10.png'><img loading=\"lazy\" decoding=\"async\" width=\"150\" height=\"150\" src=\"https:\/\/upla.cl\/noticias\/wp-content\/uploads\/2022\/05\/Di\u0301a-del-kines-10-150x150.png\" class=\"attachment-thumbnail size-thumbnail\" alt=\"\" \/><\/a>\n\t\t\t<\/div><\/figure>\n\t\t<\/div>\n\n","protected":false},"excerpt":{"rendered":"<p>Inclusi\u00f3n e intervenci\u00f3n en trastornos maxilofacial, son algunos de los temas que se trataron en seminario que se desarroll\u00f3 en el Auditorio del edificio de Independencia.<\/p>\n","protected":false},"author":3,"featured_media":148698,"comment_status":"closed","ping_status":"closed","sticky":false,"template":"","format":"standard","meta":{"footnotes":""},"categories":[51,96,52,40,97,74],"tags":[],"class_list":["post-148690","post","type-post","status-publish","format-standard","has-post-thumbnail","","category-academia","category-academicos","category-cultura","category-destacados","category-estudiantes","category-facultad-de-ciencias-de-la-salud"],"_links":{"self":[{"href":"https:\/\/upla.cl\/noticias\/wp-json\/wp\/v2\/posts\/148690","targetHints":{"allow":["GET"]}}],"collection":[{"href":"https:\/\/upla.cl\/noticias\/wp-json\/wp\/v2\/posts"}],"about":[{"href":"https:\/\/upla.cl\/noticias\/wp-json\/wp\/v2\/types\/post"}],"author":[{"embeddable":true,"href":"https:\/\/upla.cl\/noticias\/wp-json\/wp\/v2\/users\/3"}],"replies":[{"embeddable":true,"href":"https:\/\/upla.cl\/noticias\/wp-json\/wp\/v2\/comments?post=148690"}],"version-history":[{"count":0,"href":"https:\/\/upla.cl\/noticias\/wp-json\/wp\/v2\/posts\/148690\/revisions"}],"wp:featuredmedia":[{"embeddable":true,"href":"https:\/\/upla.cl\/noticias\/wp-json\/wp\/v2\/media\/148698"}],"wp:attachment":[{"href":"https:\/\/upla.cl\/noticias\/wp-json\/wp\/v2\/media?parent=148690"}],"wp:term":[{"taxonomy":"category","embeddable":true,"href":"https:\/\/upla.cl\/noticias\/wp-json\/wp\/v2\/categories?post=148690"},{"taxonomy":"post_tag","embeddable":true,"href":"https:\/\/upla.cl\/noticias\/wp-json\/wp\/v2\/tags?post=148690"}],"curies":[{"name":"wp","href":"https:\/\/api.w.org\/{rel}","templated":true}]}}