{"id":149078,"date":"2022-05-27T14:01:33","date_gmt":"2022-05-27T18:01:33","guid":{"rendered":"https:\/\/www.upla.cl\/noticias\/?p=149078"},"modified":"2022-05-27T17:16:51","modified_gmt":"2022-05-27T21:16:51","slug":"rectora-y-rectores-de-las-universidades-regionales-sesionaron-en-valparaiso","status":"publish","type":"post","link":"https:\/\/upla.cl\/noticias\/2022\/05\/27\/rectora-y-rectores-de-las-universidades-regionales-sesionaron-en-valparaiso\/","title":{"rendered":"Rectora y rectores de las universidades regionales sesionaron en Valpara\u00edso"},"content":{"rendered":"<p><a href=\"https:\/\/www.upla.cl\/noticias\/wp-content\/uploads\/2022\/05\/AURmayo.jpg\"><img loading=\"lazy\" decoding=\"async\" class=\"alignright size-medium wp-image-149091\" src=\"https:\/\/www.upla.cl\/noticias\/wp-content\/uploads\/2022\/05\/AURmayo-300x158.jpg\" alt=\"\" width=\"300\" height=\"158\" srcset=\"https:\/\/upla.cl\/noticias\/wp-content\/uploads\/2022\/05\/AURmayo-300x158.jpg 300w, https:\/\/upla.cl\/noticias\/wp-content\/uploads\/2022\/05\/AURmayo-768x403.jpg 768w, https:\/\/upla.cl\/noticias\/wp-content\/uploads\/2022\/05\/AURmayo.jpg 800w\" sizes=\"auto, (max-width: 300px) 100vw, 300px\" \/><\/a>En la Universidad de Valpara\u00edso se realiz\u00f3 la sesi\u00f3n plenaria de los rectores de la Agrupaci\u00f3n de Universidades Regionales (AUR), correspondiente al mes de mayo. La encabez\u00f3 el presidente de AUR y rector de la Universidad de Playa Ancha, Patricio Sanhueza Vivanco.<\/p>\n<p>En el marco de este encuentro, llevado a cabo el mi\u00e9rcoles 25 de mayo, el pleno de rectores recibi\u00f3 por primera vez al nuevo rector de la Universidad de Talca, Carlos Torres Fuchslocher, a quien dieron una cordial bienvenida y lo invitaron a formar parte activa de las distintas actividades que impulsa la Agrupaci\u00f3n.<\/p>\n<p>La reuni\u00f3n, que se extendi\u00f3 por m\u00e1s de dos horas en la sala de lectura de la Escuela de Derecho de la UV, contempl\u00f3 la revisi\u00f3n de la planificaci\u00f3n estrat\u00e9gica institucional, as\u00ed como el an\u00e1lisis de temas vinculados a la educaci\u00f3n superior en la propuesta de una nueva Constituci\u00f3n.<\/p>\n<p>Osvaldo Corrales, rector de la Universidad de Valpara\u00edso, como anfitri\u00f3n de las jornadas de trabajo de las autoridades universitarias, dirigi\u00f3 palabras de bienvenida y acogida a los participantes, desplegando apoyos diversos para la ejecuci\u00f3n de las agendas previstas para las distintas organizaciones de las univresidades, qe aparte de AUR incluyen al Consejo de Rectores de las Universidades Chilenas (CRUCH), el Consorcio de Universidades del Estado (CUECH) y la Red de Universidades P\u00fablicas no Estatales (G9).<\/p>\n<p>&nbsp;<\/p>\n<p><strong>Fuente<\/strong>: Comunicaciones &#8211; <a href=\"https:\/\/www.auregionales.cl\/2022\/05\/26\/rectora-y-rectores-de-las-universidades-regionales-sesionan-en-la-universidad-de-valparaiso\/\" target=\"_blank\" rel=\"noopener\">Agrupaci\u00f3n de Universidades Regionales<\/a>.<\/p>\n<p>&nbsp;<\/p>\n","protected":false},"excerpt":{"rendered":"<p>Sesi\u00f3n plenaria fue presidida por el rector de la Universidad de Playa Ancha, Patricio Sanhueza, como presidente de AUR.<\/p>\n","protected":false},"author":4,"featured_media":149091,"comment_status":"closed","ping_status":"closed","sticky":false,"template":"","format":"standard","meta":{"footnotes":""},"categories":[178,113],"tags":[],"class_list":["post-149078","post","type-post","status-publish","format-standard","has-post-thumbnail","","category-rectoria","category-universidades-en-red"],"_links":{"self":[{"href":"https:\/\/upla.cl\/noticias\/wp-json\/wp\/v2\/posts\/149078","targetHints":{"allow":["GET"]}}],"collection":[{"href":"https:\/\/upla.cl\/noticias\/wp-json\/wp\/v2\/posts"}],"about":[{"href":"https:\/\/upla.cl\/noticias\/wp-json\/wp\/v2\/types\/post"}],"author":[{"embeddable":true,"href":"https:\/\/upla.cl\/noticias\/wp-json\/wp\/v2\/users\/4"}],"replies":[{"embeddable":true,"href":"https:\/\/upla.cl\/noticias\/wp-json\/wp\/v2\/comments?post=149078"}],"version-history":[{"count":0,"href":"https:\/\/upla.cl\/noticias\/wp-json\/wp\/v2\/posts\/149078\/revisions"}],"wp:featuredmedia":[{"embeddable":true,"href":"https:\/\/upla.cl\/noticias\/wp-json\/wp\/v2\/media\/149091"}],"wp:attachment":[{"href":"https:\/\/upla.cl\/noticias\/wp-json\/wp\/v2\/media?parent=149078"}],"wp:term":[{"taxonomy":"category","embeddable":true,"href":"https:\/\/upla.cl\/noticias\/wp-json\/wp\/v2\/categories?post=149078"},{"taxonomy":"post_tag","embeddable":true,"href":"https:\/\/upla.cl\/noticias\/wp-json\/wp\/v2\/tags?post=149078"}],"curies":[{"name":"wp","href":"https:\/\/api.w.org\/{rel}","templated":true}]}}