{"id":149095,"date":"2022-05-27T15:19:32","date_gmt":"2022-05-27T19:19:32","guid":{"rendered":"https:\/\/www.upla.cl\/noticias\/?p=149095"},"modified":"2022-05-27T17:41:57","modified_gmt":"2022-05-27T21:41:57","slug":"se-constituyo-la-primera-red-de-vicerrectores-academicos-de-las-universidades-estatales","status":"publish","type":"post","link":"https:\/\/upla.cl\/noticias\/2022\/05\/27\/se-constituyo-la-primera-red-de-vicerrectores-academicos-de-las-universidades-estatales\/","title":{"rendered":"Se constituy\u00f3 la primera Red de Vicerrectores Acad\u00e9micos de las Universidades Estatales"},"content":{"rendered":"<p><a href=\"https:\/\/www.upla.cl\/noticias\/wp-content\/uploads\/2022\/05\/RedVRA.jpg\"><img loading=\"lazy\" decoding=\"async\" class=\"alignright size-medium wp-image-149103\" src=\"https:\/\/www.upla.cl\/noticias\/wp-content\/uploads\/2022\/05\/RedVRA-300x200.jpg\" alt=\"\" width=\"300\" height=\"200\" srcset=\"https:\/\/upla.cl\/noticias\/wp-content\/uploads\/2022\/05\/RedVRA-300x200.jpg 300w, https:\/\/upla.cl\/noticias\/wp-content\/uploads\/2022\/05\/RedVRA-768x512.jpg 768w, https:\/\/upla.cl\/noticias\/wp-content\/uploads\/2022\/05\/RedVRA.jpg 800w\" sizes=\"auto, (max-width: 300px) 100vw, 300px\" \/><\/a>Los d\u00edas 18 y 19 de mayo, en la sede Puc\u00f3n de la Universidad de la Frontera, se conform\u00f3 el directorio para la primera <strong>Red de Vicerrectores\/as Acad\u00e9micos\/as del Sistema de Universidades del Estado<\/strong> (SUE), siendo \u201cun hito muy importante porque permite fortalecer la relaci\u00f3n entre las universidades del Estado y posicionar elementos estrat\u00e9gicos para su desarrollo, como lo son los modelos educativos asociados a la identidad de las universidades del Estado\u201d, coment\u00f3 <strong>Violeta Acu\u00f1a Collado<\/strong>, vicerrectora acad\u00e9mica de la Universidad de Playa Ancha y miembro del directorio de la Red VRA.<\/p>\n<p>El directorio de la Red de Vicerrectores Acad\u00e9micos (Red VRA) se constituy\u00f3 en el marco de los Planes de Fortalecimiento de las Universidades Estatales, en base a criterios de paridad de g\u00e9nero y de representaci\u00f3n regional con integrantes de la zona norte, centro, sur y extremo sur del pa\u00eds. El primer directorio de la Red VRA est\u00e1 integrado por el vicerrector acad\u00e9mico (subrogante) de la Universidad de Atacama, <strong>Fernando Herrera<\/strong>; la vicerrectora acad\u00e9mica de la Universidad de Playa Ancha, <strong>Violeta Acu\u00f1a<\/strong>; la vicerrectora acad\u00e9mica de la Universidad Metropolitana de Ciencias de la Educaci\u00f3n, <strong>Paola Quintanilla<\/strong>; el vicerrector acad\u00e9mico de la Universidad de la Frontera, <strong>Renato Hunter<\/strong>; y el director acad\u00e9mico de la Universidad de Ays\u00e9n, <strong>Gabriel N\u00fa\u00f1ez<\/strong>.<\/p>\n<p>Entre los acuerdos planteados en la sesi\u00f3n se defini\u00f3 que la Red VRA buscar\u00e1 fortalecer el compromiso con el desarrollo social del pa\u00eds, junto con fomentar la colaboraci\u00f3n entre universidades y sus territorios, considerando que las universidades del Estado tienen presencia en todas las regiones y son los espacios educativos que m\u00e1s integran en t\u00e9rminos de acceso y equidad a estudiantes de las diversas comunidades y culturas que componen esta sociedad.<\/p>\n<h5><strong>El <em>ethos<\/em> de las universidades del Estado<\/strong><\/h5>\n<p>Uno de los objetivos centrales de la conformaci\u00f3n de la Red VRA ,y que tambi\u00e9n es parte de los resultados del proyecto Ethos (RED 2099-1), es levantar un marco definiciones y orientaciones para los Modelos Educativos del SUE que permita posicionar una identidad com\u00fan, reconociendo las particularidades al interior del sistema estatal a partir de un diagn\u00f3stico de los modelos educativos. \u00abEl paso siguiente es la institucionalizaci\u00f3n de estos resultados y tambi\u00e9n posicionar los elementos comunes que nos definen como universidades p\u00fablicas\u00bb, coment\u00f3 Gabriel N\u00fa\u00f1ez, director acad\u00e9mico de la Universidad de Ays\u00e9n.<\/p>\n<h5><strong>Modelos educativos, acceso y caracterizaci\u00f3n estudiantil<\/strong><\/h5>\n<p>Para implementar las propuestas, la Red VRA defini\u00f3 conformar las siguientes comisiones de trabajo: Modelos educativos, Acceso, Pol\u00edticas educativas y Caracterizaci\u00f3n estudiantil. Estas son las \u00e1reas que la Red defini\u00f3 como prioritarias para el desarrollo estrat\u00e9gico de las universidades estatales. \u00abComo sistema, tenemos que colaborar y complementarnos en estas \u00e1reas, para tener injerencia a nivel nacional\u00bb, se\u00f1al\u00f3 Paola Quintanilla, vicerrectora acad\u00e9mica de la UMCE.<\/p>\n<p>Entre los pr\u00f3ximos desaf\u00edos de la Red se encuentra la articulaci\u00f3n con la Red de Pregrado, para hacer propuestas que apunten a la elaboraci\u00f3n conjunta de un marco de orientaciones para los modelos educativos, que puedan ser parte de los planes de desarrollo estrat\u00e9gico y de los modelos educativos del SUE. Tambi\u00e9n se contempla la articulaci\u00f3n con otras iniciativas en red, en el marco de los planes de fortalecimiento de las universidades estatales.<\/p>\n<p>En la Universidad de Playa Ancha, la coordinaci\u00f3n institucional para el trabajo en la Red de Universidades Estatales, incluyendo el proyecto Ethos, est\u00e1 a cargo de la <a href=\"https:\/\/www.upla.cl\/desarrollo\/coordinacion-institucional-de-trabajo-en-la-red-de-universidades-estatales\/\" target=\"_blank\" rel=\"noopener\"><strong>Direcci\u00f3n General de An\u00e1lisis y Planificaci\u00f3n Estrat\u00e9gica Institucional<\/strong><\/a> (DAPEI).<\/p>\n<p>&nbsp;<\/p>\n<p><strong>Fuente<\/strong>: Comunicaciones &#8211; <a href=\"https:\/\/www.uestatales.cl\/cue\/?q=node\/9511\" target=\"_blank\" rel=\"noopener\">Consorcio de Universidades del Estado<\/a>.<\/p>\n<p>&nbsp;<\/p>\n","protected":false},"excerpt":{"rendered":"<p>Vicerrectora acad\u00e9mica de la Universidad de Playa Ancha, Violeta Acu\u00f1a Collado, es miembro del directorio de la nueva Red VRA.<\/p>\n","protected":false},"author":4,"featured_media":149103,"comment_status":"closed","ping_status":"closed","sticky":false,"template":"","format":"standard","meta":{"footnotes":""},"categories":[40,101,181,113,45],"tags":[],"class_list":["post-149095","post","type-post","status-publish","format-standard","has-post-thumbnail","","category-destacados","category-docencia","category-sitios-web-y-blogs","category-universidades-en-red","category-upla-en-los-medios"],"_links":{"self":[{"href":"https:\/\/upla.cl\/noticias\/wp-json\/wp\/v2\/posts\/149095","targetHints":{"allow":["GET"]}}],"collection":[{"href":"https:\/\/upla.cl\/noticias\/wp-json\/wp\/v2\/posts"}],"about":[{"href":"https:\/\/upla.cl\/noticias\/wp-json\/wp\/v2\/types\/post"}],"author":[{"embeddable":true,"href":"https:\/\/upla.cl\/noticias\/wp-json\/wp\/v2\/users\/4"}],"replies":[{"embeddable":true,"href":"https:\/\/upla.cl\/noticias\/wp-json\/wp\/v2\/comments?post=149095"}],"version-history":[{"count":0,"href":"https:\/\/upla.cl\/noticias\/wp-json\/wp\/v2\/posts\/149095\/revisions"}],"wp:featuredmedia":[{"embeddable":true,"href":"https:\/\/upla.cl\/noticias\/wp-json\/wp\/v2\/media\/149103"}],"wp:attachment":[{"href":"https:\/\/upla.cl\/noticias\/wp-json\/wp\/v2\/media?parent=149095"}],"wp:term":[{"taxonomy":"category","embeddable":true,"href":"https:\/\/upla.cl\/noticias\/wp-json\/wp\/v2\/categories?post=149095"},{"taxonomy":"post_tag","embeddable":true,"href":"https:\/\/upla.cl\/noticias\/wp-json\/wp\/v2\/tags?post=149095"}],"curies":[{"name":"wp","href":"https:\/\/api.w.org\/{rel}","templated":true}]}}