{"id":149271,"date":"2022-06-03T15:49:30","date_gmt":"2022-06-03T19:49:30","guid":{"rendered":"https:\/\/www.upla.cl\/noticias\/?p=149271"},"modified":"2025-10-31T00:25:11","modified_gmt":"2025-10-31T03:25:11","slug":"eligen-talleres-de-defensa-personal-y-boxeo-formativo-para-autoproteccion-y-desestres","status":"publish","type":"post","link":"https:\/\/upla.cl\/noticias\/2022\/06\/03\/eligen-talleres-de-defensa-personal-y-boxeo-formativo-para-autoproteccion-y-desestres\/","title":{"rendered":"Eligen talleres de defensa personal y boxeo formativo para autoprotecci\u00f3n y desestr\u00e9s"},"content":{"rendered":"<p><a href=\"https:\/\/www.upla.cl\/noticias\/wp-content\/uploads\/2022\/06\/defensa_personal_upla_2.jpg\"><img loading=\"lazy\" decoding=\"async\" class=\"aligncenter size-full wp-image-149324\" src=\"https:\/\/www.upla.cl\/noticias\/wp-content\/uploads\/2022\/06\/defensa_personal_upla_2.jpg\" alt=\"\" width=\"640\" height=\"428\" srcset=\"https:\/\/upla.cl\/noticias\/wp-content\/uploads\/2022\/06\/defensa_personal_upla_2.jpg 640w, https:\/\/upla.cl\/noticias\/wp-content\/uploads\/2022\/06\/defensa_personal_upla_2-300x201.jpg 300w, https:\/\/upla.cl\/noticias\/wp-content\/uploads\/2022\/06\/defensa_personal_upla_2-110x75.jpg 110w\" sizes=\"auto, (max-width: 640px) 100vw, 640px\" \/><\/a><\/p>\n<p>Vivir en alerta permanente por el temor a ser v\u00edctima de violencia interpersonal o social, evitar transitar por calles por las que antes se recorr\u00edan sin miedo o voltear constantemente para comprobar si alguien nos sigue, es la inseguridad que los altos \u00edndices de delincuencia en el pa\u00eds han desencadenado en muchas personas .<\/p>\n<p>Con el objetivo de desarrollar habilidades que permitan otorgar mayor seguridad, as\u00ed como defenderse cuando se es objetivo de un delito o de violencia, la <strong>Direcci\u00f3n de Deportes y Recreaci\u00f3n, DIDER<\/strong>, de la Universidad de Playa Ancha inici\u00f3 un <strong>taller de Defensa Personal<\/strong>, abierto hace un mes a estudiantes, funcionarios y familiares de estos \u00faltimos.<\/p>\n<p><a href=\"https:\/\/www.upla.cl\/noticias\/wp-content\/uploads\/2022\/06\/defensa_personal_upla_7-scaled.jpg\"><img loading=\"lazy\" decoding=\"async\" class=\"alignright wp-image-149327 size-medium\" src=\"https:\/\/www.upla.cl\/noticias\/wp-content\/uploads\/2022\/06\/defensa_personal_upla_7-300x201.jpg\" alt=\"\" width=\"300\" height=\"201\" srcset=\"https:\/\/upla.cl\/noticias\/wp-content\/uploads\/2022\/06\/defensa_personal_upla_7-300x201.jpg 300w, https:\/\/upla.cl\/noticias\/wp-content\/uploads\/2022\/06\/defensa_personal_upla_7-1024x684.jpg 1024w, https:\/\/upla.cl\/noticias\/wp-content\/uploads\/2022\/06\/defensa_personal_upla_7-768x513.jpg 768w, https:\/\/upla.cl\/noticias\/wp-content\/uploads\/2022\/06\/defensa_personal_upla_7-1536x1027.jpg 1536w, https:\/\/upla.cl\/noticias\/wp-content\/uploads\/2022\/06\/defensa_personal_upla_7-2048x1369.jpg 2048w, https:\/\/upla.cl\/noticias\/wp-content\/uploads\/2022\/06\/defensa_personal_upla_7-110x75.jpg 110w\" sizes=\"auto, (max-width: 300px) 100vw, 300px\" \/><\/a>\u201cCreemos que es atingente y contingente ofrecer algunos programas que les ayuden a adquirir habilidades, conocimientos y t\u00e9cnicas responsables para poder defenderse, adem\u00e1s de mantenerse activos y realizar actividad f\u00edsica. Ha sido muy positiva la respuesta por parte de la comunidad y eso nos mantiene muy contentos, porque estamos haciendo esfuerzos que van en coherencia con las necesidades y requerimientos de nuestra comunidad\u201d, afirm\u00f3 el <strong>director de la DIDER, Jorge Guzm\u00e1n<\/strong>.<\/p>\n<p>En el patio techado de Casa Central el <strong>estudiante de cuarto a\u00f1o de <a href=\"https:\/\/www.upla.cl\/cienciasactividadfisicaydeporte\/pedagogia-en-educacion-fisica\/\">Pedagog\u00eda en Educaci\u00f3n F\u00edsica<\/a>, 1\u00ba Dan de K\u00e1rate y exponente de Jiu Jitsu, Osvaldo Campos<\/strong>, dirige el calentamiento de rigor de los participantes, donde destaca la presencia femenina, para luego desarrollar la sesi\u00f3n durante una hora y media.<\/p>\n<figure id=\"attachment_149332\" aria-describedby=\"caption-attachment-149332\" style=\"width: 300px\" class=\"wp-caption alignright\"><a href=\"https:\/\/www.upla.cl\/noticias\/wp-content\/uploads\/2022\/06\/osvaldo_campos_monitor-scaled.jpg\"><img loading=\"lazy\" decoding=\"async\" class=\"size-medium wp-image-149332\" src=\"https:\/\/www.upla.cl\/noticias\/wp-content\/uploads\/2022\/06\/osvaldo_campos_monitor-300x201.jpg\" alt=\"\" width=\"300\" height=\"201\" srcset=\"https:\/\/upla.cl\/noticias\/wp-content\/uploads\/2022\/06\/osvaldo_campos_monitor-300x201.jpg 300w, https:\/\/upla.cl\/noticias\/wp-content\/uploads\/2022\/06\/osvaldo_campos_monitor-1024x684.jpg 1024w, https:\/\/upla.cl\/noticias\/wp-content\/uploads\/2022\/06\/osvaldo_campos_monitor-768x513.jpg 768w, https:\/\/upla.cl\/noticias\/wp-content\/uploads\/2022\/06\/osvaldo_campos_monitor-1536x1027.jpg 1536w, https:\/\/upla.cl\/noticias\/wp-content\/uploads\/2022\/06\/osvaldo_campos_monitor-2048x1369.jpg 2048w, https:\/\/upla.cl\/noticias\/wp-content\/uploads\/2022\/06\/osvaldo_campos_monitor-110x75.jpg 110w\" sizes=\"auto, (max-width: 300px) 100vw, 300px\" \/><\/a><figcaption id=\"caption-attachment-149332\" class=\"wp-caption-text\">Monitor Osvaldo Campos.<\/figcaption><\/figure>\n<p>\u201cHemos trabajo movimientos b\u00e1sicos de pies, golpes con las zonas duras del cuerpo con rodillas, canillas y codos, por ejemplo. Tambi\u00e9n hemos trabajado t\u00e9cnicas de espalda al piso para cuando alguien nos lleva al suelo, as\u00ed como diferentes tipos de asfixia, palanca al hombro, al codo y c\u00f3mo sacarme a alguien de encima\u201d, explic\u00f3 el monitor de Defensa Personal.<\/p>\n<p>La evoluci\u00f3n de los participantes ha sido notoria, cuenta Campos, a quienes en un principio les costaba patear y desenvolverse, ahora est\u00e1n m\u00e1s confiados y sus movimientos son m\u00e1s fluidos y fuertes.<\/p>\n<p><a href=\"https:\/\/www.upla.cl\/noticias\/wp-content\/uploads\/2022\/06\/francisca_pena-scaled.jpg\"><img loading=\"lazy\" decoding=\"async\" class=\"alignright size-thumbnail wp-image-149330\" src=\"https:\/\/www.upla.cl\/noticias\/wp-content\/uploads\/2022\/06\/francisca_pena-150x150.jpg\" alt=\"\" width=\"150\" height=\"150\" \/><\/a>La <strong>estudiante de 4\u00ba a\u00f1o <a href=\"https:\/\/www.upla.cl\/facultad\/ingenieria\/\">Ingenier\u00eda Civil Ambiental,<\/a> Francisca Pe\u00f1a<\/strong>, que siempre realiz\u00f3 danza y ballet, decidi\u00f3 asistir a este taller por temor a lo que ocurre en su ciudad. \u201cYo soy de una localidad de Petorca donde ya ha empezado el secuestro de personas, entonces quiero aprender a defenderme. Primera vez que se me ocurre hacer esto y lo bueno es que, al menos, tengo fuerza de piernas\u201d.<\/p>\n<p><a href=\"https:\/\/www.upla.cl\/noticias\/wp-content\/uploads\/2022\/06\/eduardo_robles.jpg\"><img loading=\"lazy\" decoding=\"async\" class=\"alignleft size-thumbnail wp-image-149329\" src=\"https:\/\/www.upla.cl\/noticias\/wp-content\/uploads\/2022\/06\/eduardo_robles-150x150.jpg\" alt=\"\" width=\"150\" height=\"150\" \/><\/a>En tanto, <strong>Eduardo Robles de segundo a\u00f1o de <a href=\"https:\/\/www.upla.cl\/csociales\/522\/\">Psicolog\u00eda<\/a><\/strong> se uni\u00f3 al taller para aprender las t\u00e9cnicas y luego traspas\u00e1rselas a su hermano menor. \u201cEn Re\u00f1aca Alto tambi\u00e9n han ocurrido bastantes delitos de agresi\u00f3n f\u00edsica a menores de edad y, como yo tengo un hermano menor de edad y me gustan las artes marciales, me gustar\u00eda ense\u00f1arle a defenderse. Como no <a href=\"https:\/\/www.upla.cl\/noticias\/wp-content\/uploads\/2022\/06\/marcelino_contreras-scaled.jpg\"><img loading=\"lazy\" decoding=\"async\" class=\"alignright wp-image-149331 size-thumbnail\" src=\"https:\/\/www.upla.cl\/noticias\/wp-content\/uploads\/2022\/06\/marcelino_contreras-150x150.jpg\" alt=\"\" width=\"150\" height=\"150\" \/><\/a>tiene talleres en su liceo y a m\u00ed me gusta aprender muchas cosas, me un\u00ed ac\u00e1\u201d.<\/p>\n<p>Quien tambi\u00e9n se motiv\u00f3 a participar es el <strong>mayordomo de la sede Independencia de la UPLA, Marcelino Contreras<\/strong>, que por muchos a\u00f1os compiti\u00f3 en Kenpo K\u00e1rate, y asiste al taller para mantenerse activo f\u00edsicamente y ense\u00f1ar tambi\u00e9n a los j\u00f3venes.<\/p>\n<h5><strong>Boxeo formativo<\/strong><\/h5>\n<figure id=\"attachment_149346\" aria-describedby=\"caption-attachment-149346\" style=\"width: 300px\" class=\"wp-caption alignleft\"><a href=\"https:\/\/www.upla.cl\/noticias\/wp-content\/uploads\/2022\/06\/sebastian_cuello_monitor_boxeo.jpg\"><img loading=\"lazy\" decoding=\"async\" class=\"size-medium wp-image-149346\" src=\"https:\/\/www.upla.cl\/noticias\/wp-content\/uploads\/2022\/06\/sebastian_cuello_monitor_boxeo-300x201.jpg\" alt=\"\" width=\"300\" height=\"201\" srcset=\"https:\/\/upla.cl\/noticias\/wp-content\/uploads\/2022\/06\/sebastian_cuello_monitor_boxeo-300x201.jpg 300w, https:\/\/upla.cl\/noticias\/wp-content\/uploads\/2022\/06\/sebastian_cuello_monitor_boxeo-110x75.jpg 110w, https:\/\/upla.cl\/noticias\/wp-content\/uploads\/2022\/06\/sebastian_cuello_monitor_boxeo.jpg 640w\" sizes=\"auto, (max-width: 300px) 100vw, 300px\" \/><\/a><figcaption id=\"caption-attachment-149346\" class=\"wp-caption-text\">Monitor Sebasti\u00e1n Cuello<\/figcaption><\/figure>\n<p>Otro taller de la DIDER que ha tenido una amplia recepci\u00f3n es el de <strong>Boxeo formativo<\/strong>, que lo imparte el <strong>estudiante de 5\u00ba a\u00f1o de Pedagog\u00eda en Educaci\u00f3n F\u00edsica, Sebasti\u00e1n Cuello<\/strong>, quien hace cuatro a\u00f1os practica este deporte.<\/p>\n<p>\u201cYo espero m\u00e1s que nada que la gente conozca el deporte. Hay como un rechazo a los deportes de contacto, porque se piensa que son muy agresivos, pero no necesariamente tienen que serlo. Yo estoy trabajando tambi\u00e9n en una propuesta para hacer este tipo de cosas en colegios, con ni\u00f1os. Yo creo que los ni\u00f1os van aprender a controlar sus emociones a trav\u00e9s del deporte. Yo busco que los estudiantes se desestresen, que puedan generar una condici\u00f3n f\u00edsica a trav\u00e9s del boxeo y puedan practicarlo de manera regular\u201d, indic\u00f3 el monitor.<\/p>\n<p><strong><a href=\"https:\/\/www.upla.cl\/noticias\/wp-content\/uploads\/2022\/06\/javiera_barraza.jpg\"><img loading=\"lazy\" decoding=\"async\" class=\"alignright size-thumbnail wp-image-149335\" src=\"https:\/\/www.upla.cl\/noticias\/wp-content\/uploads\/2022\/06\/javiera_barraza-150x150.jpg\" alt=\"\" width=\"150\" height=\"150\" \/><\/a>Javiera Barraza de 2\u00ba a\u00f1o de <a href=\"https:\/\/upla.cl\/facultad\/cienciassalud\/terapia-ocupacional\/\">Terapia Ocupacional<\/a><\/strong> mientras ejercita la coordinaci\u00f3n de movimientos de brazos y hombros, explic\u00f3 por qu\u00e9 se inscribi\u00f3 en este programa. \u201cSiento que despu\u00e9s de dos a\u00f1os de pandemia el estado f\u00edsico y la actividad f\u00edsica son fundamentales, sobre todo para una vida universitaria que conlleva ansiedad, estr\u00e9s y no tener tiempo libre. Aparte, sirve para relajarse y tener un rato de diversi\u00f3n en la semana, que es demasiado necesario\u201d.<\/p>\n<p><a href=\"https:\/\/www.upla.cl\/noticias\/wp-content\/uploads\/2022\/06\/claudio_pino.jpg\"><img loading=\"lazy\" decoding=\"async\" class=\"alignleft size-thumbnail wp-image-149338\" src=\"https:\/\/www.upla.cl\/noticias\/wp-content\/uploads\/2022\/06\/claudio_pino-150x150.jpg\" alt=\"\" width=\"150\" height=\"150\" \/><\/a>El <strong>estudiante Claudio Pino de 4\u00ba a\u00f1o de <a href=\"https:\/\/upla.cl\/facultad\/cienciassalud\/kinesiologia\/\">Kinesiolog\u00eda<\/a><\/strong> observa en este taller la oportunidad de seguir aprendiendo desde su disciplina. \u201cEn el rol kin\u00e9sico es s\u00faper importante moverse en todas las \u00e1reas. Dentro del boxeo tenemos movimientos de la vida diaria, es muy entretenido y nos ayuda a alejarnos un poco de estar encerrados en la casa\u201d.<\/p>\n<p>&nbsp;<\/p>\n<div id='gallery-1' class='gallery galleryid-149271 gallery-columns-5 gallery-size-thumbnail'><figure class='gallery-item'>\n\t\t\t<div class='gallery-icon landscape'>\n\t\t\t\t<a href='https:\/\/upla.cl\/noticias\/wp-content\/uploads\/2022\/06\/defensa_personal_upla.jpg'><img loading=\"lazy\" decoding=\"async\" width=\"150\" height=\"150\" src=\"https:\/\/upla.cl\/noticias\/wp-content\/uploads\/2022\/06\/defensa_personal_upla-150x150.jpg\" class=\"attachment-thumbnail size-thumbnail\" alt=\"\" \/><\/a>\n\t\t\t<\/div><\/figure><figure class='gallery-item'>\n\t\t\t<div class='gallery-icon landscape'>\n\t\t\t\t<a href='https:\/\/upla.cl\/noticias\/wp-content\/uploads\/2022\/06\/defensa_personal_upla_5.jpg'><img loading=\"lazy\" decoding=\"async\" width=\"150\" height=\"150\" src=\"https:\/\/upla.cl\/noticias\/wp-content\/uploads\/2022\/06\/defensa_personal_upla_5-150x150.jpg\" class=\"attachment-thumbnail size-thumbnail\" alt=\"\" \/><\/a>\n\t\t\t<\/div><\/figure><figure class='gallery-item'>\n\t\t\t<div class='gallery-icon landscape'>\n\t\t\t\t<a href='https:\/\/upla.cl\/noticias\/wp-content\/uploads\/2022\/06\/defensa_personal_upla_4.jpg'><img loading=\"lazy\" decoding=\"async\" width=\"150\" height=\"150\" src=\"https:\/\/upla.cl\/noticias\/wp-content\/uploads\/2022\/06\/defensa_personal_upla_4-150x150.jpg\" class=\"attachment-thumbnail size-thumbnail\" alt=\"\" \/><\/a>\n\t\t\t<\/div><\/figure><figure class='gallery-item'>\n\t\t\t<div class='gallery-icon landscape'>\n\t\t\t\t<a href='https:\/\/upla.cl\/noticias\/wp-content\/uploads\/2022\/06\/defensa_personal_3.jpg'><img loading=\"lazy\" decoding=\"async\" width=\"150\" height=\"150\" src=\"https:\/\/upla.cl\/noticias\/wp-content\/uploads\/2022\/06\/defensa_personal_3-150x150.jpg\" class=\"attachment-thumbnail size-thumbnail\" alt=\"\" \/><\/a>\n\t\t\t<\/div><\/figure><figure class='gallery-item'>\n\t\t\t<div class='gallery-icon landscape'>\n\t\t\t\t<a href='https:\/\/upla.cl\/noticias\/wp-content\/uploads\/2022\/06\/defensa_personal_upla_8.jpg'><img loading=\"lazy\" decoding=\"async\" width=\"150\" height=\"150\" src=\"https:\/\/upla.cl\/noticias\/wp-content\/uploads\/2022\/06\/defensa_personal_upla_8-150x150.jpg\" class=\"attachment-thumbnail size-thumbnail\" alt=\"\" \/><\/a>\n\t\t\t<\/div><\/figure><figure class='gallery-item'>\n\t\t\t<div class='gallery-icon landscape'>\n\t\t\t\t<a href='https:\/\/upla.cl\/noticias\/wp-content\/uploads\/2022\/06\/boxeo_formativo.jpg'><img loading=\"lazy\" decoding=\"async\" width=\"150\" height=\"150\" src=\"https:\/\/upla.cl\/noticias\/wp-content\/uploads\/2022\/06\/boxeo_formativo-150x150.jpg\" class=\"attachment-thumbnail size-thumbnail\" alt=\"\" \/><\/a>\n\t\t\t<\/div><\/figure><figure class='gallery-item'>\n\t\t\t<div class='gallery-icon landscape'>\n\t\t\t\t<a href='https:\/\/upla.cl\/noticias\/wp-content\/uploads\/2022\/06\/boxeo_formativo_6.jpg'><img loading=\"lazy\" decoding=\"async\" width=\"150\" height=\"150\" src=\"https:\/\/upla.cl\/noticias\/wp-content\/uploads\/2022\/06\/boxeo_formativo_6-150x150.jpg\" class=\"attachment-thumbnail size-thumbnail\" alt=\"\" \/><\/a>\n\t\t\t<\/div><\/figure><figure class='gallery-item'>\n\t\t\t<div class='gallery-icon landscape'>\n\t\t\t\t<a href='https:\/\/upla.cl\/noticias\/wp-content\/uploads\/2022\/06\/boxeo_formativo_2-1.jpg'><img loading=\"lazy\" decoding=\"async\" width=\"150\" height=\"150\" src=\"https:\/\/upla.cl\/noticias\/wp-content\/uploads\/2022\/06\/boxeo_formativo_2-1-150x150.jpg\" class=\"attachment-thumbnail size-thumbnail\" alt=\"\" \/><\/a>\n\t\t\t<\/div><\/figure><figure class='gallery-item'>\n\t\t\t<div class='gallery-icon landscape'>\n\t\t\t\t<a href='https:\/\/upla.cl\/noticias\/wp-content\/uploads\/2022\/06\/boxeo_formativo_3.jpg'><img loading=\"lazy\" decoding=\"async\" width=\"150\" height=\"150\" src=\"https:\/\/upla.cl\/noticias\/wp-content\/uploads\/2022\/06\/boxeo_formativo_3-150x150.jpg\" class=\"attachment-thumbnail size-thumbnail\" alt=\"\" \/><\/a>\n\t\t\t<\/div><\/figure><figure class='gallery-item'>\n\t\t\t<div class='gallery-icon landscape'>\n\t\t\t\t<a href='https:\/\/upla.cl\/noticias\/wp-content\/uploads\/2022\/06\/boxeo_formativo_1.jpg'><img loading=\"lazy\" decoding=\"async\" width=\"150\" height=\"150\" src=\"https:\/\/upla.cl\/noticias\/wp-content\/uploads\/2022\/06\/boxeo_formativo_1-150x150.jpg\" class=\"attachment-thumbnail size-thumbnail\" alt=\"\" \/><\/a>\n\t\t\t<\/div><\/figure>\n\t\t<\/div>\n\n","protected":false},"excerpt":{"rendered":"<p>Amplia participaci\u00f3n de estudiantes y funcionarios han tenido estos programas de la Direcci\u00f3n de Deportes y Recreaci\u00f3n de la UPLA, motivados muchos por el temor a ser v\u00edctimas de agresiones delictuales, pero tambi\u00e9n por la necesidad de botar la tensi\u00f3n f\u00edsica y emocional.<\/p>\n","protected":false},"author":10,"featured_media":149323,"comment_status":"closed","ping_status":"closed","sticky":false,"template":"","format":"standard","meta":{"footnotes":""},"categories":[51,96,42,40,101,97,72,73,74,75,76,77,78,99,725],"tags":[],"class_list":["post-149271","post","type-post","status-publish","format-standard","has-post-thumbnail","","category-academia","category-academicos","category-deportes","category-destacados","category-docencia","category-estudiantes","category-facultad-de-ciencias-actividad-fisica-y-deporte","category-facultad-de-ciencias-de-la-educacion","category-facultad-de-ciencias-de-la-salud","category-facultad-de-ciencias-naturales-y-exactas","category-facultad-de-ciencias-sociales","category-facultad-de-humanidades","category-facultad-de-ingenieria","category-funcionarios","category-pedagogia-en-educacion-fisica"],"_links":{"self":[{"href":"https:\/\/upla.cl\/noticias\/wp-json\/wp\/v2\/posts\/149271","targetHints":{"allow":["GET"]}}],"collection":[{"href":"https:\/\/upla.cl\/noticias\/wp-json\/wp\/v2\/posts"}],"about":[{"href":"https:\/\/upla.cl\/noticias\/wp-json\/wp\/v2\/types\/post"}],"author":[{"embeddable":true,"href":"https:\/\/upla.cl\/noticias\/wp-json\/wp\/v2\/users\/10"}],"replies":[{"embeddable":true,"href":"https:\/\/upla.cl\/noticias\/wp-json\/wp\/v2\/comments?post=149271"}],"version-history":[{"count":0,"href":"https:\/\/upla.cl\/noticias\/wp-json\/wp\/v2\/posts\/149271\/revisions"}],"wp:featuredmedia":[{"embeddable":true,"href":"https:\/\/upla.cl\/noticias\/wp-json\/wp\/v2\/media\/149323"}],"wp:attachment":[{"href":"https:\/\/upla.cl\/noticias\/wp-json\/wp\/v2\/media?parent=149271"}],"wp:term":[{"taxonomy":"category","embeddable":true,"href":"https:\/\/upla.cl\/noticias\/wp-json\/wp\/v2\/categories?post=149271"},{"taxonomy":"post_tag","embeddable":true,"href":"https:\/\/upla.cl\/noticias\/wp-json\/wp\/v2\/tags?post=149271"}],"curies":[{"name":"wp","href":"https:\/\/api.w.org\/{rel}","templated":true}]}}