{"id":149294,"date":"2022-06-03T13:26:00","date_gmt":"2022-06-03T17:26:00","guid":{"rendered":"https:\/\/www.upla.cl\/noticias\/?p=149294"},"modified":"2022-06-03T13:27:28","modified_gmt":"2022-06-03T17:27:28","slug":"el-interprete-manuel-chamorro-presento-cuadros-de-una-imposicion-en-el-museo-universitario-del-grabado","status":"publish","type":"post","link":"https:\/\/upla.cl\/noticias\/2022\/06\/03\/el-interprete-manuel-chamorro-presento-cuadros-de-una-imposicion-en-el-museo-universitario-del-grabado\/","title":{"rendered":"El int\u00e9rprete Manuel Chamorro present\u00f3 \u201cCuadros de una Imposici\u00f3n\u201d en el Museo Universitario del Grabado"},"content":{"rendered":"<p style=\"text-align: justify\"><a href=\"https:\/\/www.upla.cl\/noticias\/wp-content\/uploads\/2022\/06\/Prensa-01-1.jpg\"><img loading=\"lazy\" decoding=\"async\" class=\"aligncenter size-full wp-image-149303\" src=\"https:\/\/www.upla.cl\/noticias\/wp-content\/uploads\/2022\/06\/Prensa-01-1.jpg\" alt=\"\" width=\"640\" height=\"430\" srcset=\"https:\/\/upla.cl\/noticias\/wp-content\/uploads\/2022\/06\/Prensa-01-1.jpg 640w, https:\/\/upla.cl\/noticias\/wp-content\/uploads\/2022\/06\/Prensa-01-1-300x202.jpg 300w, https:\/\/upla.cl\/noticias\/wp-content\/uploads\/2022\/06\/Prensa-01-1-110x75.jpg 110w\" sizes=\"auto, (max-width: 640px) 100vw, 640px\" \/><\/a>En el <strong>Museo Universitario del Grabado de la Universidad de Playa Ancha (MUG),<\/strong> se realiz\u00f3 la segunda jornada de conversaciones con artistas, como parte del ciclo <strong>\u201cEn el MUG\u201d<\/strong>, en la que se present\u00f3 <strong>Manuel Chamorro, int\u00e9rprete y docente de la Universidad de Playa Ancha (Upla), qui\u00e9n expuso su proyecto \u201cCuadros de una Imposici\u00f3n\u201d que consiste en la musicalizaci\u00f3n de obras de grabado.<\/strong><\/p>\n<p style=\"text-align: justify\">En la presentaci\u00f3n Chamorro mostr\u00f3 la interpretaci\u00f3n musical acompa\u00f1ada de las obras en las que se inspir\u00f3: \u201c<strong>Paradiso\u201d (2017), de Jorge Mart\u00ednez, \u201cNoche de Amor\u201d (1997) de Santos Ch\u00e1vez, \u201cPescadores Caleta Portales\u201d (1964) de Gin\u00e9s Contreras. Tambi\u00e9n son parte de este proyecto \u201cCastillo de Zinc\u201d (1960) de Carlos Hermosilla, \u201cLas Cabras\u201d (1957) de Lucy Lortsch y \u201cMultitud\u201d (2011) de Roberto Acosta.<\/strong><\/p>\n<p style=\"text-align: justify\"><strong><a href=\"https:\/\/www.upla.cl\/noticias\/wp-content\/uploads\/2022\/06\/Prensa-02.jpg\"><img loading=\"lazy\" decoding=\"async\" class=\"alignright size-medium wp-image-149302\" src=\"https:\/\/www.upla.cl\/noticias\/wp-content\/uploads\/2022\/06\/Prensa-02-300x202.jpg\" alt=\"\" width=\"300\" height=\"202\" srcset=\"https:\/\/upla.cl\/noticias\/wp-content\/uploads\/2022\/06\/Prensa-02-300x202.jpg 300w, https:\/\/upla.cl\/noticias\/wp-content\/uploads\/2022\/06\/Prensa-02-110x75.jpg 110w, https:\/\/upla.cl\/noticias\/wp-content\/uploads\/2022\/06\/Prensa-02.jpg 640w\" sizes=\"auto, (max-width: 300px) 100vw, 300px\" \/><\/a>Elsa Colarte, asistente al conversatorio indic\u00f3 que<\/strong>: \u201cme fascin\u00f3 la musicalizaci\u00f3n que hizo el profesor Manuel, me encant\u00f3 porque yo en el cuadro de Valpara\u00edso, me lo imaginaba musicalizado, me encant\u00f3. El otro de la noche (\u201cNoche de Amor\u201d) de Santos Ch\u00e1vez tambi\u00e9n me gust\u00f3 por el sonido del agua, precioso todo, maravilloso\u201d.<\/p>\n<p style=\"text-align: justify\"><strong>Juan Huenul, tambi\u00e9n participante de la actividad,<\/strong> se\u00f1al\u00f3 que la encontr\u00f3: \u201cbastante interesante, porque uno realmente no tiene conocimiento de lo que es el arte y esto nos sirve harto, de traspasar estos conocimientos a otras personas es bonito y saber eso nos encant\u00f3 y estamos muy agradecidos por la invitaci\u00f3n\u201d.<\/p>\n<p style=\"text-align: justify\">Chamorro se\u00f1al\u00f3 en la jornada que \u00e9l compone hace mucho tiempo y que cuando le consultan por qu\u00e9 lo hace, el artista se\u00f1al\u00f3 que \u201cme acuerdo de la <strong>maestra Margot Loyola<\/strong> que dec\u00eda yo canto por cantar, entonces yo compongo por componer\u201d. Tambi\u00e9n afirm\u00f3 que necesita de una imagen para crear la musicalizaci\u00f3n.<\/p>\n<p style=\"text-align: justify\">Junto a <strong>\u201cCuadros de una Imposici\u00f3n\u201d Upla, del a\u00f1o 2018, el int\u00e9rprete se ha adjudicado otros proyectos de creaci\u00f3n: \u201cGaviotas\u201d m\u00fasica para el Ballet Gimn\u00e1stico Upla (2010), \u201cRescate Sonoro de Valpara\u00edso\u201d Upla (2013), \u201cPlaya Ancha, Sonidos y Silencios del Territorio\u201d Upla (2015) y fue ganador del IV concurso \u201cPremio a la M\u00fasica de Ra\u00edz\u201d Margot Loyola SCD 2019, con el tema \u201cLa Maiga\u201d.<\/strong><\/p>\n<p style=\"text-align: justify\"><a href=\"https:\/\/www.upla.cl\/noticias\/wp-content\/uploads\/2022\/06\/Prensa-04.jpg\"><img loading=\"lazy\" decoding=\"async\" class=\"alignleft size-medium wp-image-149300\" src=\"https:\/\/www.upla.cl\/noticias\/wp-content\/uploads\/2022\/06\/Prensa-04-300x202.jpg\" alt=\"\" width=\"300\" height=\"202\" srcset=\"https:\/\/upla.cl\/noticias\/wp-content\/uploads\/2022\/06\/Prensa-04-300x202.jpg 300w, https:\/\/upla.cl\/noticias\/wp-content\/uploads\/2022\/06\/Prensa-04-110x75.jpg 110w, https:\/\/upla.cl\/noticias\/wp-content\/uploads\/2022\/06\/Prensa-04.jpg 640w\" sizes=\"auto, (max-width: 300px) 100vw, 300px\" \/><\/a>Chamorro se\u00f1al\u00f3 respecto a la actividad que: \u201cCuando se tiene una imagen del museo como es venir a ver una cantidad de obras, pero que mejor que un museo est\u00e9 abierto a otras expresiones, como en este caso que es la m\u00fasica y seguramente aqu\u00ed tendr\u00e1 cabida la poes\u00eda, entonces creo que es muy integrador y eso es s\u00faper importante\u201d.<\/p>\n<p style=\"text-align: justify\">El int\u00e9rprete tambi\u00e9n indic\u00f3 que a futuro est\u00e1 trabajando en la composici\u00f3n de la m\u00fasica para una obra de teatro que se proyecta presentar en vivo y, tambi\u00e9n, en la postulaci\u00f3n de un nuevo proyecto de creaci\u00f3n de m\u00fasica en el trabajo del pintor Edwin Rojas, indicando que le gustan los elementos humor\u00edsticos que encuentra en su pintura. Adem\u00e1s coment\u00f3 que quiz\u00e1s contin\u00fae traduciendo el grabado a un lenguaje musical.<\/p>\n<p style=\"text-align: right\"><strong>(Franssesca Arru\u00e9 V., periodista MUG. Direcci\u00f3n: Lautaro Rosas 485 Cerro Alegre, Valpara\u00edso)<\/strong><\/p>\n","protected":false},"excerpt":{"rendered":"<p>El Decano de la Facultad de Arte de la universidad, int\u00e9rprete y compositor, dijo que as\u00ed como la maestra Margot Loyola  dec\u00eda \u00abYo canto por cantar\u00bb,  entonces, \u00abYo compongo por componer\u201d. Tambi\u00e9n afirm\u00f3 que necesita de una imagen para crear la musicalizaci\u00f3n.<\/p>\n","protected":false},"author":11,"featured_media":149301,"comment_status":"closed","ping_status":"closed","sticky":false,"template":"","format":"standard","meta":{"footnotes":""},"categories":[96,52,40,69,97,71,99,151,91],"tags":[],"class_list":["post-149294","post","type-post","status-publish","format-standard","has-post-thumbnail","","category-academicos","category-cultura","category-destacados","category-egresados","category-estudiantes","category-facultad-de-arte","category-funcionarios","category-museo-universitario-del-grabado","category-vinculacion-con-el-medio"],"_links":{"self":[{"href":"https:\/\/upla.cl\/noticias\/wp-json\/wp\/v2\/posts\/149294","targetHints":{"allow":["GET"]}}],"collection":[{"href":"https:\/\/upla.cl\/noticias\/wp-json\/wp\/v2\/posts"}],"about":[{"href":"https:\/\/upla.cl\/noticias\/wp-json\/wp\/v2\/types\/post"}],"author":[{"embeddable":true,"href":"https:\/\/upla.cl\/noticias\/wp-json\/wp\/v2\/users\/11"}],"replies":[{"embeddable":true,"href":"https:\/\/upla.cl\/noticias\/wp-json\/wp\/v2\/comments?post=149294"}],"version-history":[{"count":0,"href":"https:\/\/upla.cl\/noticias\/wp-json\/wp\/v2\/posts\/149294\/revisions"}],"wp:featuredmedia":[{"embeddable":true,"href":"https:\/\/upla.cl\/noticias\/wp-json\/wp\/v2\/media\/149301"}],"wp:attachment":[{"href":"https:\/\/upla.cl\/noticias\/wp-json\/wp\/v2\/media?parent=149294"}],"wp:term":[{"taxonomy":"category","embeddable":true,"href":"https:\/\/upla.cl\/noticias\/wp-json\/wp\/v2\/categories?post=149294"},{"taxonomy":"post_tag","embeddable":true,"href":"https:\/\/upla.cl\/noticias\/wp-json\/wp\/v2\/tags?post=149294"}],"curies":[{"name":"wp","href":"https:\/\/api.w.org\/{rel}","templated":true}]}}