{"id":149306,"date":"2022-06-03T14:44:57","date_gmt":"2022-06-03T18:44:57","guid":{"rendered":"https:\/\/www.upla.cl\/noticias\/?p=149306"},"modified":"2025-08-27T19:15:43","modified_gmt":"2025-08-27T23:15:43","slug":"estudiantes-de-las-universidades-del-cruv-participan-en-curso-basico-de-lengua-de-senas","status":"publish","type":"post","link":"https:\/\/upla.cl\/noticias\/2022\/06\/03\/estudiantes-de-las-universidades-del-cruv-participan-en-curso-basico-de-lengua-de-senas\/","title":{"rendered":"Estudiantes de las universidades del CRUV participan en curso b\u00e1sico de Lengua de Se\u00f1as"},"content":{"rendered":"<p style=\"text-align: justify\"><strong><a href=\"https:\/\/www.upla.cl\/noticias\/wp-content\/uploads\/2022\/06\/Curso_Lengua_senas_CRUV24-e1654279667604.png\"><img loading=\"lazy\" decoding=\"async\" class=\"aligncenter size-full wp-image-149315\" src=\"https:\/\/www.upla.cl\/noticias\/wp-content\/uploads\/2022\/06\/Curso_Lengua_senas_CRUV24-e1654279667604.png\" alt=\"\" width=\"640\" height=\"424\" srcset=\"https:\/\/upla.cl\/noticias\/wp-content\/uploads\/2022\/06\/Curso_Lengua_senas_CRUV24-e1654279667604.png 640w, https:\/\/upla.cl\/noticias\/wp-content\/uploads\/2022\/06\/Curso_Lengua_senas_CRUV24-e1654279667604-300x199.png 300w, https:\/\/upla.cl\/noticias\/wp-content\/uploads\/2022\/06\/Curso_Lengua_senas_CRUV24-e1654279667604-310x205.png 310w\" sizes=\"auto, (max-width: 640px) 100vw, 640px\" \/><\/a>Cuarenta y cuatro estudiantes<\/strong> de las <strong>universidades pertenecientes al CRUV (Consejo de Rectores de las Universidades de la Quinta Regi\u00f3n)<\/strong> comenzaron su participaci\u00f3n en el <strong>Curso Interuniversitario Nivel B\u00e1sico de Lengua de Se\u00f1as Chilenas.<\/strong><\/p>\n<p style=\"text-align: justify\">La iniciativa, que se viene realizando desde hace tres a\u00f1os, forma parte de las actividades que ejecuta la <strong>Comisi\u00f3n de Inclusi\u00f3n del CRUV<\/strong> y que este a\u00f1o es presidida por la<strong> Universidad de Playa Ancha, a trav\u00e9s de la Coordinadora General de la Unidad de Acompa\u00f1amiento Estudiantil, Mar\u00eda Jos\u00e9 Maturana.<\/strong><\/p>\n<p style=\"text-align: justify\"><a href=\"https:\/\/www.upla.cl\/noticias\/wp-content\/uploads\/2022\/06\/Curso_Lengua_senas_CRUV03-e1654279524292.jpg\"><img loading=\"lazy\" decoding=\"async\" class=\"alignleft size-medium wp-image-149308\" src=\"https:\/\/www.upla.cl\/noticias\/wp-content\/uploads\/2022\/06\/Curso_Lengua_senas_CRUV03-e1654279524292-300x194.jpg\" alt=\"\" width=\"300\" height=\"194\" srcset=\"https:\/\/upla.cl\/noticias\/wp-content\/uploads\/2022\/06\/Curso_Lengua_senas_CRUV03-e1654279524292-300x194.jpg 300w, https:\/\/upla.cl\/noticias\/wp-content\/uploads\/2022\/06\/Curso_Lengua_senas_CRUV03-e1654279524292.jpg 451w\" sizes=\"auto, (max-width: 300px) 100vw, 300px\" \/><\/a>El curso se desarrollar\u00e1 durante 7 sesiones, dos veces a la semana y ser\u00e1 impartido por profesionales de la <strong>Escuela de Sordos de Valpara\u00edso,<\/strong> entre quienes se encuentra la <strong>egresada de la UPLA del Campus San Felipe de la Carrera de Educaci\u00f3n Diferencial,<\/strong> quien tiene discapacidad auditiva, <strong>Constanza Pino.<\/strong><\/p>\n<p style=\"text-align: justify\">De esta manera, futuros profesionales del \u00e1rea de la ingenier\u00eda, obstetricia, psicolog\u00eda, tecnolog\u00eda m\u00e9dica, profesores, fonoaudiolog\u00eda, dise\u00f1o, entre otras, aprendieron en esta primera sesi\u00f3n a interpretar en lengua de se\u00f1as su carrera, universidad y lugar de procedencia, en la pr\u00f3xima sesi\u00f3n, se empezar\u00e1 con el deletreado de palabras.<\/p>\n<p style=\"text-align: justify\"><strong><a href=\"https:\/\/www.upla.cl\/noticias\/wp-content\/uploads\/2022\/06\/Curso_Lengua_senas_CRUV17-e1654279455286.jpg\"><img loading=\"lazy\" decoding=\"async\" class=\"alignleft size-medium wp-image-149311\" src=\"https:\/\/www.upla.cl\/noticias\/wp-content\/uploads\/2022\/06\/Curso_Lengua_senas_CRUV17-e1654279455286-300x197.jpg\" alt=\"\" width=\"300\" height=\"197\" srcset=\"https:\/\/upla.cl\/noticias\/wp-content\/uploads\/2022\/06\/Curso_Lengua_senas_CRUV17-e1654279455286-300x197.jpg 300w, https:\/\/upla.cl\/noticias\/wp-content\/uploads\/2022\/06\/Curso_Lengua_senas_CRUV17-e1654279455286-310x205.jpg 310w, https:\/\/upla.cl\/noticias\/wp-content\/uploads\/2022\/06\/Curso_Lengua_senas_CRUV17-e1654279455286.jpg 451w\" sizes=\"auto, (max-width: 300px) 100vw, 300px\" \/><\/a>Mar\u00eda Jos\u00e9 Maturana<\/strong> destac\u00f3 la participaci\u00f3n de <strong>Constanza Pino<\/strong> en este curso pues, aparte de aprender lengua de se\u00f1as, los estudiantes conocen la cultura sorda de parte de una profesional del \u00e1rea: \u201cLo que hace a\u00fan m\u00e1s atractivo este curso de este primer semestre es que una de las integrantes del equipo de docentes que va a impartir este curso fue una ex estudiante UPLA de la carrera de Educaci\u00f3n Diferencial del Campus San Felipe, ella fue nuestra primera estudiante sorda en el campus y es bueno verla en esta etapa. Nosotros conoc\u00edamos a Constanza como estudiante que acompa\u00f1os en todo su proceso acad\u00e9mico y ahora la vemos trabajando, la vemos como una profesional realizada y a nosotros como Universidad de Playa Ancha nos enorgullece\u201d.<\/p>\n<p style=\"text-align: justify\"><strong><a href=\"https:\/\/www.upla.cl\/noticias\/wp-content\/uploads\/2022\/06\/Curso_Lengua_senas_CRUV35-e1654279354959.jpg\"><img loading=\"lazy\" decoding=\"async\" class=\"size-medium wp-image-149314 alignright\" src=\"https:\/\/www.upla.cl\/noticias\/wp-content\/uploads\/2022\/06\/Curso_Lengua_senas_CRUV35-e1654279354959-300x200.jpg\" alt=\"\" width=\"300\" height=\"200\" srcset=\"https:\/\/upla.cl\/noticias\/wp-content\/uploads\/2022\/06\/Curso_Lengua_senas_CRUV35-e1654279354959-300x200.jpg 300w, https:\/\/upla.cl\/noticias\/wp-content\/uploads\/2022\/06\/Curso_Lengua_senas_CRUV35-e1654279354959.jpg 457w\" sizes=\"auto, (max-width: 300px) 100vw, 300px\" \/><\/a>Crystal Acu\u00f1a Elizondo, estudiante de Pedagog\u00eda en Ingl\u00e9s de la Universidad de Playa Ancha<\/strong>, participante del curso, dijo que es importante para todos los docentes aprender distintas t\u00e9cnicas para fomentar la inclusi\u00f3n en clases: \u201cMe inscrib\u00ed en este curso ya que considero que es imperativo que como docentes sepamos las distintas lenguas, para as\u00ed generar un ambiente de inclusi\u00f3n dentro de nuestras aulas de clase. La persona que imparti\u00f3 el curso, era una persona que no contaba con capacidades auditivas, por lo tanto, fue una clase muy enriquecedora, fue una clase en la que nos pudimos presentar y pudimos saber aspectos b\u00e1sicos de la presentaci\u00f3n, tales como los saludos\u201d.<\/p>\n<p style=\"text-align: justify\"><a href=\"https:\/\/www.upla.cl\/noticias\/wp-content\/uploads\/2022\/06\/Curso_Lengua_senas_CRUV21-e1654279433156.jpg\"><img loading=\"lazy\" decoding=\"async\" class=\"alignright size-medium wp-image-149312\" src=\"https:\/\/www.upla.cl\/noticias\/wp-content\/uploads\/2022\/06\/Curso_Lengua_senas_CRUV21-e1654279433156-300x202.jpg\" alt=\"\" width=\"300\" height=\"202\" srcset=\"https:\/\/upla.cl\/noticias\/wp-content\/uploads\/2022\/06\/Curso_Lengua_senas_CRUV21-e1654279433156-300x202.jpg 300w, https:\/\/upla.cl\/noticias\/wp-content\/uploads\/2022\/06\/Curso_Lengua_senas_CRUV21-e1654279433156-110x75.jpg 110w, https:\/\/upla.cl\/noticias\/wp-content\/uploads\/2022\/06\/Curso_Lengua_senas_CRUV21-e1654279433156.jpg 452w\" sizes=\"auto, (max-width: 300px) 100vw, 300px\" \/><\/a>Relataron esta primera clase <strong>Constanza Pino de la Escuela de Sordos de Valpara\u00edso y la Mg. Mar\u00eda Teresa Hidalgo Neira, acad\u00e9mica de la Facultad de Ciencias de la Educaci\u00f3n de la UPLA.<\/strong><\/p>\n<p style=\"text-align: justify\">Estuvieron presentes en esta jornada tambi\u00e9n, otorg\u00e1ndoles la bienvenida a los participantes<strong> Marcela Liberona y Viviana Castrill\u00f3n de la Universidad Federico Santa Mar\u00eda y Pontificia Universidad Cat\u00f3lica de Valpara\u00edso, respectivamente.<\/strong><\/p>\n","protected":false},"excerpt":{"rendered":"<p>Cuarenta y cuatro estudiantes, de las m\u00e1s diversas carreras, aprender\u00e1n esta lengua cuyas clases son impartidas por la profesora de Educaci\u00f3n Diferencial, egresada de la UPLA, Campus San Felipe. <\/p>\n","protected":false},"author":11,"featured_media":149315,"comment_status":"closed","ping_status":"closed","sticky":false,"template":"","format":"standard","meta":{"footnotes":""},"categories":[96,60,61,40,69,97,73,74,75,76,77,78,122,665,113],"tags":[],"class_list":["post-149306","post","type-post","status-publish","format-standard","has-post-thumbnail","","category-academicos","category-campus-san-felipe","category-carreras-vespertinas","category-destacados","category-egresados","category-estudiantes","category-facultad-de-ciencias-de-la-educacion","category-facultad-de-ciencias-de-la-salud","category-facultad-de-ciencias-naturales-y-exactas","category-facultad-de-ciencias-sociales","category-facultad-de-humanidades","category-facultad-de-ingenieria","category-inclusion","category-pedagogia-en-ingles","category-universidades-en-red"],"_links":{"self":[{"href":"https:\/\/upla.cl\/noticias\/wp-json\/wp\/v2\/posts\/149306","targetHints":{"allow":["GET"]}}],"collection":[{"href":"https:\/\/upla.cl\/noticias\/wp-json\/wp\/v2\/posts"}],"about":[{"href":"https:\/\/upla.cl\/noticias\/wp-json\/wp\/v2\/types\/post"}],"author":[{"embeddable":true,"href":"https:\/\/upla.cl\/noticias\/wp-json\/wp\/v2\/users\/11"}],"replies":[{"embeddable":true,"href":"https:\/\/upla.cl\/noticias\/wp-json\/wp\/v2\/comments?post=149306"}],"version-history":[{"count":0,"href":"https:\/\/upla.cl\/noticias\/wp-json\/wp\/v2\/posts\/149306\/revisions"}],"wp:featuredmedia":[{"embeddable":true,"href":"https:\/\/upla.cl\/noticias\/wp-json\/wp\/v2\/media\/149315"}],"wp:attachment":[{"href":"https:\/\/upla.cl\/noticias\/wp-json\/wp\/v2\/media?parent=149306"}],"wp:term":[{"taxonomy":"category","embeddable":true,"href":"https:\/\/upla.cl\/noticias\/wp-json\/wp\/v2\/categories?post=149306"},{"taxonomy":"post_tag","embeddable":true,"href":"https:\/\/upla.cl\/noticias\/wp-json\/wp\/v2\/tags?post=149306"}],"curies":[{"name":"wp","href":"https:\/\/api.w.org\/{rel}","templated":true}]}}