{"id":149674,"date":"2022-06-15T16:49:04","date_gmt":"2022-06-15T20:49:04","guid":{"rendered":"https:\/\/www.upla.cl\/noticias\/?p=149674"},"modified":"2022-06-15T16:49:04","modified_gmt":"2022-06-15T20:49:04","slug":"ritmo-caliente-un-nuevo-podcast-sobre-la-musica-tropical-del-norte-de-chile","status":"publish","type":"post","link":"https:\/\/upla.cl\/noticias\/2022\/06\/15\/ritmo-caliente-un-nuevo-podcast-sobre-la-musica-tropical-del-norte-de-chile\/","title":{"rendered":"Ritmo Caliente: Un nuevo podcast sobre la m\u00fasica tropical del norte de Chile"},"content":{"rendered":"<p style=\"text-align: justify\"><strong><a href=\"https:\/\/www.upla.cl\/noticias\/wp-content\/uploads\/2022\/06\/RitmoCalienteCumana.jpg\"><img loading=\"lazy\" decoding=\"async\" class=\"aligncenter size-full wp-image-149678\" src=\"https:\/\/www.upla.cl\/noticias\/wp-content\/uploads\/2022\/06\/RitmoCalienteCumana.jpg\" alt=\"\" width=\"640\" height=\"427\" srcset=\"https:\/\/upla.cl\/noticias\/wp-content\/uploads\/2022\/06\/RitmoCalienteCumana.jpg 640w, https:\/\/upla.cl\/noticias\/wp-content\/uploads\/2022\/06\/RitmoCalienteCumana-300x200.jpg 300w\" sizes=\"auto, (max-width: 640px) 100vw, 640px\" \/><\/a>\u201cRitmo Caliente. Historias de la M\u00fasica Tropical del Norte de Chile\u201d<\/strong> es el t\u00edtulo del <strong>podcast<\/strong> que se acaba de estrenar (6 de junio), y que durante los lunes de las pr\u00f3ximas semanas analizar\u00e1 el repertorio m\u00e1s festivo surgido en esos territorios, especialmente, en la <strong>regi\u00f3n de Coquimbo.<\/strong><\/p>\n<p style=\"text-align: justify\">La serie de seis cap\u00edtulos se centra en grupos que nacieron y tuvieron su apogeo entre las d\u00e9cadas de los <strong>&#8217;60 y &#8217;70, como \u201cLos Cuman\u00e1\u201d, \u201cLos Vikings 5\u201d, \u201cLargo Camino\u201d, \u201cLos F\u00e9nix\u201d y \u201cLos Vampiros\u201d,<\/strong> entre otros, y su singular apropiaci\u00f3n de la cumbia y otros g\u00e9neros bailables. Ritmo caliente, de hecho, es el t\u00edtulo del disco debut de <strong>\u201cLos Cuman\u00e1\u201d<\/strong>, publicado en 1970.<\/p>\n<p style=\"text-align: justify\"><a href=\"https:\/\/www.upla.cl\/noticias\/wp-content\/uploads\/2022\/06\/LosBucaneros.jpg\"><img loading=\"lazy\" decoding=\"async\" class=\"alignright size-medium wp-image-149682\" src=\"https:\/\/www.upla.cl\/noticias\/wp-content\/uploads\/2022\/06\/LosBucaneros-300x300.jpg\" alt=\"\" width=\"300\" height=\"300\" srcset=\"https:\/\/upla.cl\/noticias\/wp-content\/uploads\/2022\/06\/LosBucaneros-300x300.jpg 300w, https:\/\/upla.cl\/noticias\/wp-content\/uploads\/2022\/06\/LosBucaneros-150x150.jpg 150w, https:\/\/upla.cl\/noticias\/wp-content\/uploads\/2022\/06\/LosBucaneros.jpg 640w\" sizes=\"auto, (max-width: 300px) 100vw, 300px\" \/><\/a>Conducido por la <strong>music\u00f3loga UPLA Eileen Karmy Bolton<\/strong>, el <strong>music\u00f3logo Mart\u00edn Far\u00edas y el periodista Rodrigo Alarc\u00f3n,<\/strong> el podcast aborda distintos aspectos de la vibrante escena musical que tuvo al puerto de Coquimbo como principal escenario. Para eso, utiliza fragmentos de entrevistas con compositores, int\u00e9rpretes, investigadores y difusores, entre los que se encuentran <strong>Luis Tirado (Los Cuman\u00e1), Guillermo Montero (Los Vikings 5), Tommy Rey (Sonora Palacios, Sonora de Tommy Rey) y Alejandro Gonz\u00e1lez (Radio Occidente).<\/strong><\/p>\n<p style=\"text-align: justify\">Asimismo, a lo largo de sus cap\u00edtulos se escuchan pasajes de los discos m\u00e1s representativos de la \u00e9poca, incluyendo populares composiciones, como <strong>\u00abDe Coquimbo soy\u00bb, \u00abUn a\u00f1o m\u00e1s\u00bb y \u00abCanci\u00f3n norte\u00f1a\u00bb<\/strong>, pero tambi\u00e9n rarezas discogr\u00e1ficas y registros poco conocidos de los mismos grupos.<\/p>\n<p style=\"text-align: justify\"><strong>El primer episodio de Ritmo Caliente<\/strong> es una introducci\u00f3n y est\u00e1 <strong>dedicado a la llegada de la cumbia a Chile<\/strong>, a trav\u00e9s de artistas como la colombiana <strong>Amparito Jim\u00e9nez<\/strong> y el venezolano <strong>Luis\u00edn Land\u00e1ez,<\/strong> y a los ritmos bailables que estaban en boga durante los a\u00f1os previos, gracias a elencos como las orquestas <strong>\u201cHuambaly\u201d y \u201cRitmo y Juventud\u201d.<\/strong><\/p>\n<p style=\"text-align: justify\">Luego, el podcast se enfoca directamente en el norte de Chile, con cinco cap\u00edtulos que abordan el sonido distintivo de los grupos, el trabajo de los principales compositores de la zona, las letras de las canciones, la relaci\u00f3n entre artistas y sellos discogr\u00e1ficos y los m\u00faltiples escenarios que acog\u00edan a los conjuntos en conciertos y fiestas.<\/p>\n<p style=\"text-align: justify\"><a href=\"https:\/\/www.upla.cl\/noticias\/wp-content\/uploads\/2022\/06\/RitmoCaliente.jpg\"><img loading=\"lazy\" decoding=\"async\" class=\"alignleft size-medium wp-image-149679\" src=\"https:\/\/www.upla.cl\/noticias\/wp-content\/uploads\/2022\/06\/RitmoCaliente-300x300.jpg\" alt=\"\" width=\"300\" height=\"300\" srcset=\"https:\/\/upla.cl\/noticias\/wp-content\/uploads\/2022\/06\/RitmoCaliente-300x300.jpg 300w, https:\/\/upla.cl\/noticias\/wp-content\/uploads\/2022\/06\/RitmoCaliente-150x150.jpg 150w, https:\/\/upla.cl\/noticias\/wp-content\/uploads\/2022\/06\/RitmoCaliente.jpg 640w\" sizes=\"auto, (max-width: 300px) 100vw, 300px\" \/><\/a>Cada entrega de Ritmo Caliente se publicar\u00e1 semanalmente en aplicaciones como <strong>Spotify, Apple Podcasts y Google Podcasts,<\/strong> adem\u00e1s del sitio <strong>Ritmocaliente.cl<\/strong> (<a href=\"https:\/\/ritmocaliente.cl\/\" target=\"_blank\" rel=\"noopener\">https:\/\/ritmocaliente.cl\/<\/a>), donde tambi\u00e9n habr\u00e1 informaci\u00f3n complementaria para cada episodio.<\/p>\n<p style=\"text-align: justify\">En paralelo, el programa se podr\u00e1 escuchar cada lunes, a las 20:00 horas, a trav\u00e9s de la se\u00f1al en l\u00ednea de <strong>Radio Riquelme<\/strong> (<a href=\"https:\/\/radioriquelme.cl\" target=\"_blank\" rel=\"noopener\">https:\/\/radioriquelme.cl<\/a>\/), emblem\u00e1tica emisora de la regi\u00f3n de Coquimbo, con repeticiones diarias en el mismo horario.<\/p>\n<p style=\"text-align: justify\">Cabe mencionar que este proyecto fue trabajado y concretado por la music\u00f3loga de la Facultad de Arte UPLA Eileen Karmy Bolton, el music\u00f3logo Mart\u00edn Far\u00edas y el periodista Rodrigo Alarc\u00f3n con recursos del <strong>Fondo de Fomento de la M\u00fasica Nacional (2021) del Ministerio de las Culturas, las Artes y el Patrimonio.<\/strong><\/p>\n<p style=\"text-align: justify\"><strong>Sobre los autores<\/strong><\/p>\n<p style=\"text-align: justify\"><strong>Eileen Karmy Bolton:<\/strong> Music\u00f3loga y acad\u00e9mica de la Facultad de Arte de la Universidad de Playa Ancha. Especializada en los estudios del trabajo en la m\u00fasica y la historia social de m\u00fasicas populares, con diez a\u00f1os de trayectoria en la investigaci\u00f3n de la cumbia en Chile.<\/p>\n<p style=\"text-align: justify\"><strong><a href=\"https:\/\/www.upla.cl\/noticias\/wp-content\/uploads\/2022\/06\/Equipoejecutor.jpg\"><img loading=\"lazy\" decoding=\"async\" class=\"alignleft size-medium wp-image-149683\" src=\"https:\/\/www.upla.cl\/noticias\/wp-content\/uploads\/2022\/06\/Equipoejecutor-300x198.jpg\" alt=\"\" width=\"300\" height=\"198\" srcset=\"https:\/\/upla.cl\/noticias\/wp-content\/uploads\/2022\/06\/Equipoejecutor-300x198.jpg 300w, https:\/\/upla.cl\/noticias\/wp-content\/uploads\/2022\/06\/Equipoejecutor-310x205.jpg 310w, https:\/\/upla.cl\/noticias\/wp-content\/uploads\/2022\/06\/Equipoejecutor.jpg 640w\" sizes=\"auto, (max-width: 300px) 100vw, 300px\" \/><\/a>Mart\u00edn Far\u00edas:<\/strong> Music\u00f3logo y realizador audiovisual. Su trabajo de investigaci\u00f3n se centra en los v\u00ednculos de la m\u00fasica con el cine y el teatro con especial \u00e9nfasis en aspectos de identidad y pol\u00edtica.<\/p>\n<p style=\"text-align: justify\"><strong>Rodrigo Alarc\u00f3n:<\/strong> Periodista y licenciado en Est\u00e9tica. Ha colaborado con diversas radios, medios digitales e investigaciones y se ha especializado en el periodismo sobre m\u00fasica popular.<\/p>\n<p>&nbsp;<\/p>\n<div id='gallery-1' class='gallery galleryid-149674 gallery-columns-3 gallery-size-medium'><figure class='gallery-item'>\n\t\t\t<div class='gallery-icon landscape'>\n\t\t\t\t<a href=\"https:\/\/upla.cl\/noticias\/wp-content\/uploads\/2022\/06\/Los-Fenix.jpg\"><img loading=\"lazy\" decoding=\"async\" width=\"300\" height=\"300\" src=\"https:\/\/upla.cl\/noticias\/wp-content\/uploads\/2022\/06\/Los-Fenix-300x300.jpg\" class=\"attachment-medium size-medium\" alt=\"\" srcset=\"https:\/\/upla.cl\/noticias\/wp-content\/uploads\/2022\/06\/Los-Fenix-300x300.jpg 300w, https:\/\/upla.cl\/noticias\/wp-content\/uploads\/2022\/06\/Los-Fenix-150x150.jpg 150w, https:\/\/upla.cl\/noticias\/wp-content\/uploads\/2022\/06\/Los-Fenix.jpg 640w\" sizes=\"auto, (max-width: 300px) 100vw, 300px\" \/><\/a>\n\t\t\t<\/div><\/figure><figure class='gallery-item'>\n\t\t\t<div class='gallery-icon landscape'>\n\t\t\t\t<a href=\"https:\/\/upla.cl\/noticias\/wp-content\/uploads\/2022\/06\/LosVampiros.jpg\"><img loading=\"lazy\" decoding=\"async\" width=\"300\" height=\"300\" src=\"https:\/\/upla.cl\/noticias\/wp-content\/uploads\/2022\/06\/LosVampiros-300x300.jpg\" class=\"attachment-medium size-medium\" alt=\"\" srcset=\"https:\/\/upla.cl\/noticias\/wp-content\/uploads\/2022\/06\/LosVampiros-300x300.jpg 300w, https:\/\/upla.cl\/noticias\/wp-content\/uploads\/2022\/06\/LosVampiros-150x150.jpg 150w, https:\/\/upla.cl\/noticias\/wp-content\/uploads\/2022\/06\/LosVampiros.jpg 640w\" sizes=\"auto, (max-width: 300px) 100vw, 300px\" \/><\/a>\n\t\t\t<\/div><\/figure><figure class='gallery-item'>\n\t\t\t<div class='gallery-icon landscape'>\n\t\t\t\t<a href=\"https:\/\/upla.cl\/noticias\/wp-content\/uploads\/2022\/06\/Vikings5.jpg\"><img loading=\"lazy\" decoding=\"async\" width=\"300\" height=\"300\" src=\"https:\/\/upla.cl\/noticias\/wp-content\/uploads\/2022\/06\/Vikings5-300x300.jpg\" class=\"attachment-medium size-medium\" alt=\"\" srcset=\"https:\/\/upla.cl\/noticias\/wp-content\/uploads\/2022\/06\/Vikings5-300x300.jpg 300w, https:\/\/upla.cl\/noticias\/wp-content\/uploads\/2022\/06\/Vikings5-150x150.jpg 150w, https:\/\/upla.cl\/noticias\/wp-content\/uploads\/2022\/06\/Vikings5.jpg 640w\" sizes=\"auto, (max-width: 300px) 100vw, 300px\" \/><\/a>\n\t\t\t<\/div><\/figure>\n\t\t<\/div>\n\n","protected":false},"excerpt":{"rendered":"<p>Acad\u00e9mica de la Facultad de Arte UPLA Eileen Karmy junto a Mart\u00edn Far\u00edas y Rodrigo Alarc\u00f3n, estrenaron el programa de seis cap\u00edtulos acerca del repertorio de los grupos de cumbia de los \u201860 y \u201870, en la regi\u00f3n de Coquimbo y otras zonas del pa\u00eds. <\/p>\n","protected":false},"author":11,"featured_media":149678,"comment_status":"closed","ping_status":"closed","sticky":false,"template":"","format":"standard","meta":{"footnotes":""},"categories":[96,60,61,52,40,69,97,71,72,73,74,75,76,77,78,99,43,91],"tags":[],"class_list":["post-149674","post","type-post","status-publish","format-standard","has-post-thumbnail","","category-academicos","category-campus-san-felipe","category-carreras-vespertinas","category-cultura","category-destacados","category-egresados","category-estudiantes","category-facultad-de-arte","category-facultad-de-ciencias-actividad-fisica-y-deporte","category-facultad-de-ciencias-de-la-educacion","category-facultad-de-ciencias-de-la-salud","category-facultad-de-ciencias-naturales-y-exactas","category-facultad-de-ciencias-sociales","category-facultad-de-humanidades","category-facultad-de-ingenieria","category-funcionarios","category-investigacion","category-vinculacion-con-el-medio"],"_links":{"self":[{"href":"https:\/\/upla.cl\/noticias\/wp-json\/wp\/v2\/posts\/149674","targetHints":{"allow":["GET"]}}],"collection":[{"href":"https:\/\/upla.cl\/noticias\/wp-json\/wp\/v2\/posts"}],"about":[{"href":"https:\/\/upla.cl\/noticias\/wp-json\/wp\/v2\/types\/post"}],"author":[{"embeddable":true,"href":"https:\/\/upla.cl\/noticias\/wp-json\/wp\/v2\/users\/11"}],"replies":[{"embeddable":true,"href":"https:\/\/upla.cl\/noticias\/wp-json\/wp\/v2\/comments?post=149674"}],"version-history":[{"count":0,"href":"https:\/\/upla.cl\/noticias\/wp-json\/wp\/v2\/posts\/149674\/revisions"}],"wp:featuredmedia":[{"embeddable":true,"href":"https:\/\/upla.cl\/noticias\/wp-json\/wp\/v2\/media\/149678"}],"wp:attachment":[{"href":"https:\/\/upla.cl\/noticias\/wp-json\/wp\/v2\/media?parent=149674"}],"wp:term":[{"taxonomy":"category","embeddable":true,"href":"https:\/\/upla.cl\/noticias\/wp-json\/wp\/v2\/categories?post=149674"},{"taxonomy":"post_tag","embeddable":true,"href":"https:\/\/upla.cl\/noticias\/wp-json\/wp\/v2\/tags?post=149674"}],"curies":[{"name":"wp","href":"https:\/\/api.w.org\/{rel}","templated":true}]}}