{"id":152816,"date":"2022-10-08T11:21:44","date_gmt":"2022-10-08T14:21:44","guid":{"rendered":"https:\/\/www.upla.cl\/noticias\/?p=152816"},"modified":"2022-10-08T11:21:44","modified_gmt":"2022-10-08T14:21:44","slug":"prueba-especial-de-teatro-upla-2022-volvera-a-ser-presencial","status":"publish","type":"post","link":"https:\/\/upla.cl\/noticias\/2022\/10\/08\/prueba-especial-de-teatro-upla-2022-volvera-a-ser-presencial\/","title":{"rendered":"Prueba Especial de Teatro UPLA 2022 volver\u00e1 a ser presencial"},"content":{"rendered":"<p style=\"text-align: justify\"><a href=\"https:\/\/www.upla.cl\/noticias\/wp-content\/uploads\/2022\/10\/Prueba-Teatro.jpg\"><img loading=\"lazy\" decoding=\"async\" class=\"aligncenter size-full wp-image-152819\" src=\"https:\/\/www.upla.cl\/noticias\/wp-content\/uploads\/2022\/10\/Prueba-Teatro.jpg\" alt=\"\" width=\"640\" height=\"385\" srcset=\"https:\/\/upla.cl\/noticias\/wp-content\/uploads\/2022\/10\/Prueba-Teatro.jpg 640w, https:\/\/upla.cl\/noticias\/wp-content\/uploads\/2022\/10\/Prueba-Teatro-300x180.jpg 300w\" sizes=\"auto, (max-width: 640px) 100vw, 640px\" \/><\/a>El pr\u00f3ximo <strong>viernes 21 y s\u00e1bado 22 de octubre (9:30 a 17:30 horas)<\/strong> regresa de manera presencial la <strong>Prueba Especial de Teatro (PET)<\/strong> en la <strong>Universidad de Playa Ancha.<\/strong> Dicha etapa corresponde al <strong>proceso de admisi\u00f3n 2023<\/strong> que se ha establecido para medir las aptitudes actorales y condiciones f\u00edsicas necesarias para incorporarse a la carrera que se dicta en la <strong>Facultad de Arte.<\/strong><\/p>\n<p style=\"text-align: justify\">Las y los postulantes deben <strong>inscribirse antes del 21 de octubre<\/strong> en el formulario en l\u00ednea dispuesto por la universidad, requisito que deben cumplir para optar a ser parte de este proceso que otorga un 50 por ciento del puntaje de ingreso a la carrera. Lo que ser\u00e1 ponderado junto con los dem\u00e1s requisitos de selecci\u00f3n PAES para determinar el puntaje de selecci\u00f3n final.<\/p>\n<p style=\"text-align: justify\"><strong><a href=\"https:\/\/www.upla.cl\/noticias\/wp-content\/uploads\/2022\/10\/PruebaTeatro2.jpg\"><img loading=\"lazy\" decoding=\"async\" class=\"alignright size-medium wp-image-152817\" src=\"https:\/\/www.upla.cl\/noticias\/wp-content\/uploads\/2022\/10\/PruebaTeatro2-300x195.jpg\" alt=\"\" width=\"300\" height=\"195\" srcset=\"https:\/\/upla.cl\/noticias\/wp-content\/uploads\/2022\/10\/PruebaTeatro2-300x195.jpg 300w, https:\/\/upla.cl\/noticias\/wp-content\/uploads\/2022\/10\/PruebaTeatro2.jpg 640w\" sizes=\"auto, (max-width: 300px) 100vw, 300px\" \/><\/a>Andr\u00e9s Hern\u00e1ndez Hidalgo, director de la carrera,<\/strong> plante\u00f3 que rendida y aprobada la PET las y los j\u00f3venes postulantes pueden acceder al programa formativo que se centra en tres \u00e1reas: movimiento, voz y actuaci\u00f3n. \u201cEntonces la invitaci\u00f3n es a qui\u00e9nes quieran estudiar teatro, se inscriban, asistan a la prueba y sean parte de las din\u00e1micas de juego relacionadas; instancias que nos permitir\u00e1n observar su potencial y fortalezas para integrarse a la carrera en 2023\u201d, agreg\u00f3.<\/p>\n<p style=\"text-align: justify\">\u201cPara quienes deseen rendir la PET en la UPLA deben considerar que nuestra carrera cuenta con un cuerpo docente experimentado y vigente, con trabajos de creaci\u00f3n e investigaci\u00f3n, con una infraestructura \u00fanica en la zona, ya que cuenta con su propio teatro <strong>(Sala UPLA)<\/strong>, y lo m\u00e1s importante es que nuestras y nuestros egresados participan activamente en la escena teatral de nuestra ciudad, destacando las diferentes compa\u00f1\u00edas y creaciones realizadas en el tiempo\u201d, manifest\u00f3 el docente y director teatral.<\/p>\n<p style=\"text-align: justify\"><a href=\"https:\/\/www.upla.cl\/noticias\/wp-content\/uploads\/2022\/10\/PruebaTeatro1.jpg\"><img loading=\"lazy\" decoding=\"async\" class=\"alignright size-medium wp-image-152818\" src=\"https:\/\/www.upla.cl\/noticias\/wp-content\/uploads\/2022\/10\/PruebaTeatro1-300x205.jpg\" alt=\"\" width=\"300\" height=\"205\" srcset=\"https:\/\/upla.cl\/noticias\/wp-content\/uploads\/2022\/10\/PruebaTeatro1-300x205.jpg 300w, https:\/\/upla.cl\/noticias\/wp-content\/uploads\/2022\/10\/PruebaTeatro1-110x75.jpg 110w, https:\/\/upla.cl\/noticias\/wp-content\/uploads\/2022\/10\/PruebaTeatro1.jpg 640w\" sizes=\"auto, (max-width: 300px) 100vw, 300px\" \/><\/a>En cuanto al regreso de la presencialidad de la Prueba Especial de Teatro, Hern\u00e1ndez Hidalgo explic\u00f3 que este hecho es fundamental, en el sentido que permite conocer de manera directa, de parte de quienes postulan, las din\u00e1micas de trabajos, profesoras y profesores, como tambi\u00e9n la infraestructura de la carrera, de la Facultad de Arte y de la universidad.<\/p>\n<p style=\"text-align: justify\">Postulaci\u00f3n en l\u00ednea en el siguiente link:<\/p>\n<p style=\"text-align: justify\"><a href=\"https:\/\/docs.google.com\/forms\/d\/e\/1FAIpQLSev89If5Bmz12IDoiwfmWgpfHVP4oTuqdvsIDGglJhTawqnBw\/viewform\" target=\"_blank\" rel=\"noopener\">https:\/\/docs.google.com\/forms\/d\/e\/1FAIpQLSev89If5Bmz12IDoiwfmWgpfHVP4oTuqdvsIDGglJhTawqnBw\/viewform<\/a><\/p>\n<p style=\"text-align: justify\">Contacto e informaci\u00f3n: <a href=\"mailto:carrerateatro@upla.cl\">carrerateatro@upla.cl<\/a><br \/>\nM\u00e1s informaci\u00f3n en: <a href=\"https:\/\/www.upla.cl\/admision\/prueba-especial-de-teatro\/\">https:\/\/www.upla.cl\/admision\/prueba-especial-de-teatro\/<\/a><br \/>\nYouTube: <a href=\"https:\/\/youtu.be\/Drzg36qHCUg\" target=\"_blank\" rel=\"noopener\">https:\/\/youtu.be\/Drzg36qHCUg<\/a><\/p>\n<p style=\"text-align: right\">(Rafael Aucap\u00e1n M., periodista Facultad de Arte)<\/p>\n","protected":false},"excerpt":{"rendered":"<p>La evaluaci\u00f3n que forma parte del proceso de admisi\u00f3n a la carrera se desarrollar\u00e1 el 21 y 22 de octubre en la Sala de Arte Esc\u00e9nico UPLA. Los postulantes deben inscribirse antes de la fecha indicada en el formulario en l\u00ednea dispuesto por la universidad.    <\/p>\n","protected":false},"author":11,"featured_media":152819,"comment_status":"closed","ping_status":"closed","sticky":false,"template":"","format":"standard","meta":{"footnotes":""},"categories":[51,96,40,97,71,99],"tags":[],"class_list":["post-152816","post","type-post","status-publish","format-standard","has-post-thumbnail","","category-academia","category-academicos","category-destacados","category-estudiantes","category-facultad-de-arte","category-funcionarios"],"_links":{"self":[{"href":"https:\/\/upla.cl\/noticias\/wp-json\/wp\/v2\/posts\/152816","targetHints":{"allow":["GET"]}}],"collection":[{"href":"https:\/\/upla.cl\/noticias\/wp-json\/wp\/v2\/posts"}],"about":[{"href":"https:\/\/upla.cl\/noticias\/wp-json\/wp\/v2\/types\/post"}],"author":[{"embeddable":true,"href":"https:\/\/upla.cl\/noticias\/wp-json\/wp\/v2\/users\/11"}],"replies":[{"embeddable":true,"href":"https:\/\/upla.cl\/noticias\/wp-json\/wp\/v2\/comments?post=152816"}],"version-history":[{"count":0,"href":"https:\/\/upla.cl\/noticias\/wp-json\/wp\/v2\/posts\/152816\/revisions"}],"wp:featuredmedia":[{"embeddable":true,"href":"https:\/\/upla.cl\/noticias\/wp-json\/wp\/v2\/media\/152819"}],"wp:attachment":[{"href":"https:\/\/upla.cl\/noticias\/wp-json\/wp\/v2\/media?parent=152816"}],"wp:term":[{"taxonomy":"category","embeddable":true,"href":"https:\/\/upla.cl\/noticias\/wp-json\/wp\/v2\/categories?post=152816"},{"taxonomy":"post_tag","embeddable":true,"href":"https:\/\/upla.cl\/noticias\/wp-json\/wp\/v2\/tags?post=152816"}],"curies":[{"name":"wp","href":"https:\/\/api.w.org\/{rel}","templated":true}]}}