{"id":153195,"date":"2022-10-20T12:42:05","date_gmt":"2022-10-20T15:42:05","guid":{"rendered":"https:\/\/www.upla.cl\/noticias\/?p=153195"},"modified":"2022-10-20T12:42:05","modified_gmt":"2022-10-20T15:42:05","slug":"ensamble-inicial-abya-yala-dio-concierto-en-facultad-de-arte","status":"publish","type":"post","link":"https:\/\/upla.cl\/noticias\/2022\/10\/20\/ensamble-inicial-abya-yala-dio-concierto-en-facultad-de-arte\/","title":{"rendered":"\u201cEnsamble Inicial Abya Yala\u201d dio concierto en Facultad de Arte"},"content":{"rendered":"<p style=\"text-align: justify\"><a href=\"https:\/\/www.upla.cl\/noticias\/wp-content\/uploads\/2022\/10\/Abya-Yala1.jpg\"><img loading=\"lazy\" decoding=\"async\" class=\"aligncenter size-full wp-image-153196\" src=\"https:\/\/www.upla.cl\/noticias\/wp-content\/uploads\/2022\/10\/Abya-Yala1.jpg\" alt=\"\" width=\"640\" height=\"424\" srcset=\"https:\/\/upla.cl\/noticias\/wp-content\/uploads\/2022\/10\/Abya-Yala1.jpg 640w, https:\/\/upla.cl\/noticias\/wp-content\/uploads\/2022\/10\/Abya-Yala1-300x199.jpg 300w, https:\/\/upla.cl\/noticias\/wp-content\/uploads\/2022\/10\/Abya-Yala1-310x205.jpg 310w\" sizes=\"auto, (max-width: 640px) 100vw, 640px\" \/><\/a>Solo felicitaciones recibi\u00f3 el semillero <strong>\u201cEnsamble Inicial Abya Yala\u201d,<\/strong> tras su presentaci\u00f3n en el ciclo <strong>\u201cEncuentros en torno a la M\u00fasica\u201d<\/strong> que se desarrolla semanalmente en el auditorio de la <strong>Facultad de Arte de la UPLA.<\/strong><\/p>\n<p style=\"text-align: justify\">La agrupaci\u00f3n de j\u00f3venes m\u00fasicos, compuesto en su mayor\u00eda por estudiantes y egresados (as) de <strong>Pedagog\u00eda en Educaci\u00f3n Musical<\/strong> de nuestra universidad, interpret\u00f3 un repertorio de m\u00fasica latinoamericana que incluy\u00f3 temas de autores chilenos como \u201cVentolera\u201d de V\u00edctor Jara, \u201cSi Te Vas\u201d de Congreso, \u201cSocoroma\u201d de Arak Pacha y \u201cContraste\u201d de Eduardo Carrasco; adem\u00e1s de una adaptaci\u00f3n de la pieza musical \u201cBolivia\u201d realizada por Tradiciones Bolivianas.<\/p>\n<p style=\"text-align: justify\"><strong><a href=\"https:\/\/www.upla.cl\/noticias\/wp-content\/uploads\/2022\/10\/Abya-Yala3.jpg\"><img loading=\"lazy\" decoding=\"async\" class=\"size-medium wp-image-153198 alignright\" src=\"https:\/\/www.upla.cl\/noticias\/wp-content\/uploads\/2022\/10\/Abya-Yala3-300x199.jpg\" alt=\"\" width=\"300\" height=\"199\" srcset=\"https:\/\/upla.cl\/noticias\/wp-content\/uploads\/2022\/10\/Abya-Yala3-300x199.jpg 300w, https:\/\/upla.cl\/noticias\/wp-content\/uploads\/2022\/10\/Abya-Yala3-310x205.jpg 310w, https:\/\/upla.cl\/noticias\/wp-content\/uploads\/2022\/10\/Abya-Yala3.jpg 640w\" sizes=\"auto, (max-width: 300px) 100vw, 300px\" \/><\/a>Laura Zapata, integrante y directora orquestal del semillero,<\/strong> reconoci\u00f3 que para la agrupaci\u00f3n haber sido invitados a tocar en este espacio universitario fue muy importante, porque les permite darse a conocer y mostrar el trabajo que est\u00e1n realizando como conjunto musical.<\/p>\n<p style=\"text-align: justify\">\u201cFue un momento y un espacio para compartir con nuestro entorno, con nuestros compa\u00f1eros, compa\u00f1eras y docentes. Creo que se gener\u00f3 una instancia donde pudieron escucharnos y donde se concibi\u00f3 un espacio de motivaci\u00f3n para quienes quieran hacer m\u00fasica y compartir sus ideas. La verdad es que estamos agradecidos totalmente de haber podido tocar ac\u00e1, porque es donde estudiamos y donde aprendimos todo lo que ahora estamos haciendo\u201d, plante\u00f3 la egresada UPLA.<\/p>\n<p style=\"text-align: justify\"><strong><a href=\"https:\/\/www.upla.cl\/noticias\/wp-content\/uploads\/2022\/10\/Abya-Yala5.jpg\"><img loading=\"lazy\" decoding=\"async\" class=\"alignleft size-medium wp-image-153200\" src=\"https:\/\/www.upla.cl\/noticias\/wp-content\/uploads\/2022\/10\/Abya-Yala5-300x199.jpg\" alt=\"\" width=\"300\" height=\"199\" srcset=\"https:\/\/upla.cl\/noticias\/wp-content\/uploads\/2022\/10\/Abya-Yala5-300x199.jpg 300w, https:\/\/upla.cl\/noticias\/wp-content\/uploads\/2022\/10\/Abya-Yala5-310x205.jpg 310w, https:\/\/upla.cl\/noticias\/wp-content\/uploads\/2022\/10\/Abya-Yala5.jpg 640w\" sizes=\"auto, (max-width: 300px) 100vw, 300px\" \/><\/a>Daniel D\u00edaz Cerda, acad\u00e9mico y concertista en guitarra de la Facultad de Arte<\/strong>, agreg\u00f3 que este tipo de actividades no se comparar\u00e1n con nada porque son instancias para escuchar m\u00fasica en vivo. \u201cFelicito al semillero y a sus integrantes e invito a todas y todos los estudiantes de la carrera a tocar, ya que los m\u00fasicos vivimos de esto y hay que demostrar hasta d\u00f3nde podemos llegar\u201d, finaliz\u00f3.<\/p>\n<p style=\"text-align: justify\">El ciclo \u201cEncuentros en torno a la M\u00fasica\u201d contin\u00faa el <strong>viernes 21 de octubre (12:40 horas) con el \u201cConcierto entrecuerdas, d\u00fao de guitarras\u201d<\/strong>, de los m\u00fasicos <strong>Manuel Chamorro y Daniel D\u00edaz.<\/strong><\/p>\n<p style=\"text-align: right\">(Rafael Aucap\u00e1n M., periodista Facultad de Arte)<\/p>\n<div id='gallery-1' class='gallery galleryid-153195 gallery-columns-3 gallery-size-medium'><figure class='gallery-item'>\n\t\t\t<div class='gallery-icon landscape'>\n\t\t\t\t<a href='https:\/\/upla.cl\/noticias\/wp-content\/uploads\/2022\/10\/Abya-Yala6.jpg'><img loading=\"lazy\" decoding=\"async\" width=\"300\" height=\"199\" src=\"https:\/\/upla.cl\/noticias\/wp-content\/uploads\/2022\/10\/Abya-Yala6-300x199.jpg\" class=\"attachment-medium size-medium\" alt=\"\" srcset=\"https:\/\/upla.cl\/noticias\/wp-content\/uploads\/2022\/10\/Abya-Yala6-300x199.jpg 300w, https:\/\/upla.cl\/noticias\/wp-content\/uploads\/2022\/10\/Abya-Yala6-310x205.jpg 310w, https:\/\/upla.cl\/noticias\/wp-content\/uploads\/2022\/10\/Abya-Yala6.jpg 640w\" sizes=\"auto, (max-width: 300px) 100vw, 300px\" \/><\/a>\n\t\t\t<\/div><\/figure><figure class='gallery-item'>\n\t\t\t<div class='gallery-icon landscape'>\n\t\t\t\t<a href='https:\/\/upla.cl\/noticias\/wp-content\/uploads\/2022\/10\/Abya-Yala4.jpg'><img loading=\"lazy\" decoding=\"async\" width=\"300\" height=\"199\" src=\"https:\/\/upla.cl\/noticias\/wp-content\/uploads\/2022\/10\/Abya-Yala4-300x199.jpg\" class=\"attachment-medium size-medium\" alt=\"\" srcset=\"https:\/\/upla.cl\/noticias\/wp-content\/uploads\/2022\/10\/Abya-Yala4-300x199.jpg 300w, https:\/\/upla.cl\/noticias\/wp-content\/uploads\/2022\/10\/Abya-Yala4-310x205.jpg 310w, https:\/\/upla.cl\/noticias\/wp-content\/uploads\/2022\/10\/Abya-Yala4.jpg 640w\" sizes=\"auto, (max-width: 300px) 100vw, 300px\" \/><\/a>\n\t\t\t<\/div><\/figure><figure class='gallery-item'>\n\t\t\t<div class='gallery-icon landscape'>\n\t\t\t\t<a href='https:\/\/upla.cl\/noticias\/wp-content\/uploads\/2022\/10\/Abya-Yala2.jpg'><img loading=\"lazy\" decoding=\"async\" width=\"300\" height=\"199\" src=\"https:\/\/upla.cl\/noticias\/wp-content\/uploads\/2022\/10\/Abya-Yala2-300x199.jpg\" class=\"attachment-medium size-medium\" alt=\"\" srcset=\"https:\/\/upla.cl\/noticias\/wp-content\/uploads\/2022\/10\/Abya-Yala2-300x199.jpg 300w, https:\/\/upla.cl\/noticias\/wp-content\/uploads\/2022\/10\/Abya-Yala2-310x205.jpg 310w, https:\/\/upla.cl\/noticias\/wp-content\/uploads\/2022\/10\/Abya-Yala2.jpg 640w\" sizes=\"auto, (max-width: 300px) 100vw, 300px\" \/><\/a>\n\t\t\t<\/div><\/figure>\n\t\t<\/div>\n\n","protected":false},"excerpt":{"rendered":"<p>La agrupaci\u00f3n de j\u00f3venes m\u00fasicos se present\u00f3 en el contexto del ciclo \u201cEncuentros en torno a la M\u00fasica\u201d que organiza la carrera de Pedagog\u00eda en Educaci\u00f3n Musical de la UPLA.<\/p>\n","protected":false},"author":11,"featured_media":153196,"comment_status":"closed","ping_status":"closed","sticky":false,"template":"","format":"standard","meta":{"footnotes":""},"categories":[51,96,52,40,69,97,71,99,91],"tags":[],"class_list":["post-153195","post","type-post","status-publish","format-standard","has-post-thumbnail","","category-academia","category-academicos","category-cultura","category-destacados","category-egresados","category-estudiantes","category-facultad-de-arte","category-funcionarios","category-vinculacion-con-el-medio"],"_links":{"self":[{"href":"https:\/\/upla.cl\/noticias\/wp-json\/wp\/v2\/posts\/153195","targetHints":{"allow":["GET"]}}],"collection":[{"href":"https:\/\/upla.cl\/noticias\/wp-json\/wp\/v2\/posts"}],"about":[{"href":"https:\/\/upla.cl\/noticias\/wp-json\/wp\/v2\/types\/post"}],"author":[{"embeddable":true,"href":"https:\/\/upla.cl\/noticias\/wp-json\/wp\/v2\/users\/11"}],"replies":[{"embeddable":true,"href":"https:\/\/upla.cl\/noticias\/wp-json\/wp\/v2\/comments?post=153195"}],"version-history":[{"count":0,"href":"https:\/\/upla.cl\/noticias\/wp-json\/wp\/v2\/posts\/153195\/revisions"}],"wp:featuredmedia":[{"embeddable":true,"href":"https:\/\/upla.cl\/noticias\/wp-json\/wp\/v2\/media\/153196"}],"wp:attachment":[{"href":"https:\/\/upla.cl\/noticias\/wp-json\/wp\/v2\/media?parent=153195"}],"wp:term":[{"taxonomy":"category","embeddable":true,"href":"https:\/\/upla.cl\/noticias\/wp-json\/wp\/v2\/categories?post=153195"},{"taxonomy":"post_tag","embeddable":true,"href":"https:\/\/upla.cl\/noticias\/wp-json\/wp\/v2\/tags?post=153195"}],"curies":[{"name":"wp","href":"https:\/\/api.w.org\/{rel}","templated":true}]}}