{"id":154375,"date":"2022-11-21T12:30:41","date_gmt":"2022-11-21T15:30:41","guid":{"rendered":"https:\/\/www.upla.cl\/noticias\/?p=154375"},"modified":"2025-10-31T00:14:23","modified_gmt":"2025-10-31T03:14:23","slug":"upla-realizo-exitoso-2-random-play-dance-de-k-pop","status":"publish","type":"post","link":"https:\/\/upla.cl\/noticias\/2022\/11\/21\/upla-realizo-exitoso-2-random-play-dance-de-k-pop\/","title":{"rendered":"UPLA realiz\u00f3 exitoso 2\u00b0 Random Play Dance de K-Pop"},"content":{"rendered":"<p><a href=\"https:\/\/www.upla.cl\/noticias\/wp-content\/uploads\/2022\/11\/kpop_49.jpg\"><img loading=\"lazy\" decoding=\"async\" class=\"aligncenter size-full wp-image-154417\" src=\"https:\/\/www.upla.cl\/noticias\/wp-content\/uploads\/2022\/11\/kpop_49.jpg\" alt=\"\" width=\"637\" height=\"412\" srcset=\"https:\/\/upla.cl\/noticias\/wp-content\/uploads\/2022\/11\/kpop_49.jpg 637w, https:\/\/upla.cl\/noticias\/wp-content\/uploads\/2022\/11\/kpop_49-300x194.jpg 300w\" sizes=\"auto, (max-width: 637px) 100vw, 637px\" \/><\/a><\/p>\n<p>Luego de que en agosto debutaron con entusiasmo en la Universidad de Playa Ancha las coreograf\u00edas de canciones coreanas bailadas por los universitarios, la instituci\u00f3n realiz\u00f3 una segunda versi\u00f3n a la que sumaron estudiantes de Vi\u00f1a del Mar de la Escuela Santa Julia, del Liceo Parroquial San Antonio y del Liceo Jos\u00e9 Francisco Vergara.<\/p>\n<p>Fueron dos horas en que lo \u00fanico que import\u00f3 en el gimnasio de Casa Central fue bailar al ritmo de la m\u00fasica popular coreana, realizando actividad f\u00edsica de una forma diferente, tal como lo plante\u00f3 la Direcci\u00f3n de Deportes y Recreaci\u00f3n, DIDER, de la UPLA.<\/p>\n<p><a href=\"https:\/\/www.upla.cl\/noticias\/wp-content\/uploads\/2022\/11\/kpop_26.jpg\"><img loading=\"lazy\" decoding=\"async\" class=\"alignright size-medium wp-image-154413\" src=\"https:\/\/www.upla.cl\/noticias\/wp-content\/uploads\/2022\/11\/kpop_26-300x193.jpg\" alt=\"\" width=\"300\" height=\"193\" srcset=\"https:\/\/upla.cl\/noticias\/wp-content\/uploads\/2022\/11\/kpop_26-300x193.jpg 300w, https:\/\/upla.cl\/noticias\/wp-content\/uploads\/2022\/11\/kpop_26.jpg 626w\" sizes=\"auto, (max-width: 300px) 100vw, 300px\" \/><\/a>Respecto de la activa participaci\u00f3n que los escolares vi\u00f1amarinos tuvieron junto a estudiantes de la casa de estudios, el <strong>director de la DIDER, Jorge Guzm\u00e1n<\/strong>, sostuvo: \u201cEstaban felices y sorprendidos de que una universidad como la nuestra los invitara, porque para ellos es su primer acercamiento a la educaci\u00f3n superior. Cuando llegaron, vimos la alegr\u00eda en sus caras y ahora que est\u00e1n participando, m\u00e1s todav\u00eda. Ya nos est\u00e1n pidiendo realizar una tercera versi\u00f3n para invitar a los amigos de otros <a href=\"https:\/\/www.upla.cl\/noticias\/wp-content\/uploads\/2022\/11\/kpop_2_randam.jpg\"><img loading=\"lazy\" decoding=\"async\" class=\"alignright size-medium wp-image-154435\" src=\"https:\/\/www.upla.cl\/noticias\/wp-content\/uploads\/2022\/11\/kpop_2_randam-300x188.jpg\" alt=\"\" width=\"300\" height=\"188\" srcset=\"https:\/\/upla.cl\/noticias\/wp-content\/uploads\/2022\/11\/kpop_2_randam-300x188.jpg 300w, https:\/\/upla.cl\/noticias\/wp-content\/uploads\/2022\/11\/kpop_2_randam.jpg 640w\" sizes=\"auto, (max-width: 300px) 100vw, 300px\" \/><\/a>establecimientos. Esto sigue creciendo y no para. Es una forma de hacer actividad f\u00edsica y de acercar a j\u00f3venes que no practican actividad f\u00edsica tradicional, pero s\u00ed les gusta este estilo de m\u00fasica y baile combinado coreano\u201d.<\/p>\n<p>La <strong>estudiante del Liceo Jos\u00e9 Francisco Vergara, Alison <a href=\"https:\/\/www.upla.cl\/noticias\/wp-content\/uploads\/2022\/11\/alison_cabrera.jpg\"><img loading=\"lazy\" decoding=\"async\" class=\"alignleft size-thumbnail wp-image-154421\" src=\"https:\/\/www.upla.cl\/noticias\/wp-content\/uploads\/2022\/11\/alison_cabrera-150x150.jpg\" alt=\"\" width=\"150\" height=\"150\" \/><\/a>Cabrera<\/strong>, quien bail\u00f3 con entusiasmo las coreograf\u00edas, se refiri\u00f3 a lo vivido: \u201cMe ha parecido una muy buena experiencia y muy agradable. Es primera vez que estoy en la universidad y la encontr\u00e9 bonita\u201d.<\/p>\n<p>Quien tambi\u00e9n particip\u00f3 activamente de esta segunda versi\u00f3n de Random Play Dance de K-Pop fue el <strong>estudiante de la Universidad Vi\u00f1a del Mar, David Le\u00f3n<\/strong>, que desde el a\u00f1o 2018 practica este g\u00e9nero.<a href=\"https:\/\/www.upla.cl\/noticias\/wp-content\/uploads\/2022\/11\/david_leon.jpg\"><img loading=\"lazy\" decoding=\"async\" class=\"alignright size-thumbnail wp-image-154422\" src=\"https:\/\/www.upla.cl\/noticias\/wp-content\/uploads\/2022\/11\/david_leon-150x150.jpg\" alt=\"\" width=\"150\" height=\"150\" \/><\/a>\u201cEs muy entretenido y nunca hab\u00eda sabido de la realizaci\u00f3n de este tipo de actividades en universidades. Por mi parte soy un bailar\u00edn con experiencia en K-pop, llevo desde el 2018 bailando y ver que se dan instancias de bailar en universidades es algo muy alegre\u201d.<\/p>\n<p>La iniciativa cont\u00f3 con el apoyo de estudiantes de la carrera <strong>\u00a0Administraci\u00f3n Tur\u00edstica Multiling\u00fce<\/strong> y de <strong>Pedagog\u00eda en Educaci\u00f3n F\u00edsica<\/strong>, quienes habilitaron puntos de hidrataci\u00f3n y asumieron diversas tareas para el desarrollo de la actividad.<\/p>\n<div id='gallery-1' class='gallery galleryid-154375 gallery-columns-6 gallery-size-thumbnail'><figure class='gallery-item'>\n\t\t\t<div class='gallery-icon landscape'>\n\t\t\t\t<a href='https:\/\/upla.cl\/noticias\/wp-content\/uploads\/2022\/11\/Kpop_61.jpg'><img loading=\"lazy\" decoding=\"async\" width=\"150\" height=\"150\" src=\"https:\/\/upla.cl\/noticias\/wp-content\/uploads\/2022\/11\/Kpop_61-150x150.jpg\" class=\"attachment-thumbnail size-thumbnail\" alt=\"\" \/><\/a>\n\t\t\t<\/div><\/figure><figure class='gallery-item'>\n\t\t\t<div class='gallery-icon landscape'>\n\t\t\t\t<a href='https:\/\/upla.cl\/noticias\/wp-content\/uploads\/2022\/11\/Kpop_58.jpg'><img loading=\"lazy\" decoding=\"async\" width=\"150\" height=\"150\" src=\"https:\/\/upla.cl\/noticias\/wp-content\/uploads\/2022\/11\/Kpop_58-150x150.jpg\" class=\"attachment-thumbnail size-thumbnail\" alt=\"\" \/><\/a>\n\t\t\t<\/div><\/figure><figure class='gallery-item'>\n\t\t\t<div class='gallery-icon landscape'>\n\t\t\t\t<a href='https:\/\/upla.cl\/noticias\/wp-content\/uploads\/2022\/11\/kpop_40.jpg'><img loading=\"lazy\" decoding=\"async\" width=\"150\" height=\"150\" src=\"https:\/\/upla.cl\/noticias\/wp-content\/uploads\/2022\/11\/kpop_40-150x150.jpg\" class=\"attachment-thumbnail size-thumbnail\" alt=\"\" \/><\/a>\n\t\t\t<\/div><\/figure><figure class='gallery-item'>\n\t\t\t<div class='gallery-icon landscape'>\n\t\t\t\t<a href='https:\/\/upla.cl\/noticias\/wp-content\/uploads\/2022\/11\/Kpop_37.jpg'><img loading=\"lazy\" decoding=\"async\" width=\"150\" height=\"150\" src=\"https:\/\/upla.cl\/noticias\/wp-content\/uploads\/2022\/11\/Kpop_37-150x150.jpg\" class=\"attachment-thumbnail size-thumbnail\" alt=\"\" \/><\/a>\n\t\t\t<\/div><\/figure><figure class='gallery-item'>\n\t\t\t<div class='gallery-icon landscape'>\n\t\t\t\t<a href='https:\/\/upla.cl\/noticias\/wp-content\/uploads\/2022\/11\/Kpop_34.jpg'><img loading=\"lazy\" decoding=\"async\" width=\"150\" height=\"150\" src=\"https:\/\/upla.cl\/noticias\/wp-content\/uploads\/2022\/11\/Kpop_34-150x150.jpg\" class=\"attachment-thumbnail size-thumbnail\" alt=\"\" \/><\/a>\n\t\t\t<\/div><\/figure><figure class='gallery-item'>\n\t\t\t<div class='gallery-icon landscape'>\n\t\t\t\t<a href='https:\/\/upla.cl\/noticias\/wp-content\/uploads\/2022\/11\/kpop_12.jpg'><img loading=\"lazy\" decoding=\"async\" width=\"150\" height=\"150\" src=\"https:\/\/upla.cl\/noticias\/wp-content\/uploads\/2022\/11\/kpop_12-150x150.jpg\" class=\"attachment-thumbnail size-thumbnail\" alt=\"\" \/><\/a>\n\t\t\t<\/div><\/figure><figure class='gallery-item'>\n\t\t\t<div class='gallery-icon landscape'>\n\t\t\t\t<a href='https:\/\/upla.cl\/noticias\/wp-content\/uploads\/2022\/11\/kpop__18.jpg'><img loading=\"lazy\" decoding=\"async\" width=\"150\" height=\"150\" src=\"https:\/\/upla.cl\/noticias\/wp-content\/uploads\/2022\/11\/kpop__18-150x150.jpg\" class=\"attachment-thumbnail size-thumbnail\" alt=\"\" \/><\/a>\n\t\t\t<\/div><\/figure><figure class='gallery-item'>\n\t\t\t<div class='gallery-icon landscape'>\n\t\t\t\t<a href='https:\/\/upla.cl\/noticias\/wp-content\/uploads\/2022\/11\/kpop_52.jpg'><img loading=\"lazy\" decoding=\"async\" width=\"150\" height=\"150\" src=\"https:\/\/upla.cl\/noticias\/wp-content\/uploads\/2022\/11\/kpop_52-150x150.jpg\" class=\"attachment-thumbnail size-thumbnail\" alt=\"\" \/><\/a>\n\t\t\t<\/div><\/figure><figure class='gallery-item'>\n\t\t\t<div class='gallery-icon landscape'>\n\t\t\t\t<a href='https:\/\/upla.cl\/noticias\/wp-content\/uploads\/2022\/11\/escuela_santa_julia.jpeg'><img loading=\"lazy\" decoding=\"async\" width=\"150\" height=\"150\" src=\"https:\/\/upla.cl\/noticias\/wp-content\/uploads\/2022\/11\/escuela_santa_julia-150x150.jpeg\" class=\"attachment-thumbnail size-thumbnail\" alt=\"\" \/><\/a>\n\t\t\t<\/div><\/figure><figure class='gallery-item'>\n\t\t\t<div class='gallery-icon landscape'>\n\t\t\t\t<a href='https:\/\/upla.cl\/noticias\/wp-content\/uploads\/2022\/11\/liceo_jose_francisco_vergara.jpeg'><img loading=\"lazy\" decoding=\"async\" width=\"150\" height=\"150\" src=\"https:\/\/upla.cl\/noticias\/wp-content\/uploads\/2022\/11\/liceo_jose_francisco_vergara-150x150.jpeg\" class=\"attachment-thumbnail size-thumbnail\" alt=\"\" \/><\/a>\n\t\t\t<\/div><\/figure><figure class='gallery-item'>\n\t\t\t<div class='gallery-icon landscape'>\n\t\t\t\t<a href='https:\/\/upla.cl\/noticias\/wp-content\/uploads\/2022\/11\/liceo_parroquial_san_antonio.jpeg'><img loading=\"lazy\" decoding=\"async\" width=\"150\" height=\"150\" src=\"https:\/\/upla.cl\/noticias\/wp-content\/uploads\/2022\/11\/liceo_parroquial_san_antonio-150x150.jpeg\" class=\"attachment-thumbnail size-thumbnail\" alt=\"\" \/><\/a>\n\t\t\t<\/div><\/figure><figure class='gallery-item'>\n\t\t\t<div class='gallery-icon landscape'>\n\t\t\t\t<a href='https:\/\/upla.cl\/noticias\/wp-content\/uploads\/2022\/11\/k_pop_upla_2.jpg'><img loading=\"lazy\" decoding=\"async\" width=\"150\" height=\"150\" src=\"https:\/\/upla.cl\/noticias\/wp-content\/uploads\/2022\/11\/k_pop_upla_2-150x150.jpg\" class=\"attachment-thumbnail size-thumbnail\" alt=\"\" \/><\/a>\n\t\t\t<\/div><\/figure>\n\t\t<\/div>\n\n","protected":false},"excerpt":{"rendered":"<p>En esta oportunidad, la instituci\u00f3n extendi\u00f3 la invitaci\u00f3n a establecimientos educacionales de Vi\u00f1a del Mar, quienes se integraron activamente al evento.<\/p>\n","protected":false},"author":10,"featured_media":154417,"comment_status":"closed","ping_status":"closed","sticky":false,"template":"","format":"standard","meta":{"footnotes":""},"categories":[42,40,97,71,72,73,74,75,76,77,78,725,91],"tags":[],"class_list":["post-154375","post","type-post","status-publish","format-standard","has-post-thumbnail","","category-deportes","category-destacados","category-estudiantes","category-facultad-de-arte","category-facultad-de-ciencias-actividad-fisica-y-deporte","category-facultad-de-ciencias-de-la-educacion","category-facultad-de-ciencias-de-la-salud","category-facultad-de-ciencias-naturales-y-exactas","category-facultad-de-ciencias-sociales","category-facultad-de-humanidades","category-facultad-de-ingenieria","category-pedagogia-en-educacion-fisica","category-vinculacion-con-el-medio"],"_links":{"self":[{"href":"https:\/\/upla.cl\/noticias\/wp-json\/wp\/v2\/posts\/154375","targetHints":{"allow":["GET"]}}],"collection":[{"href":"https:\/\/upla.cl\/noticias\/wp-json\/wp\/v2\/posts"}],"about":[{"href":"https:\/\/upla.cl\/noticias\/wp-json\/wp\/v2\/types\/post"}],"author":[{"embeddable":true,"href":"https:\/\/upla.cl\/noticias\/wp-json\/wp\/v2\/users\/10"}],"replies":[{"embeddable":true,"href":"https:\/\/upla.cl\/noticias\/wp-json\/wp\/v2\/comments?post=154375"}],"version-history":[{"count":0,"href":"https:\/\/upla.cl\/noticias\/wp-json\/wp\/v2\/posts\/154375\/revisions"}],"wp:featuredmedia":[{"embeddable":true,"href":"https:\/\/upla.cl\/noticias\/wp-json\/wp\/v2\/media\/154417"}],"wp:attachment":[{"href":"https:\/\/upla.cl\/noticias\/wp-json\/wp\/v2\/media?parent=154375"}],"wp:term":[{"taxonomy":"category","embeddable":true,"href":"https:\/\/upla.cl\/noticias\/wp-json\/wp\/v2\/categories?post=154375"},{"taxonomy":"post_tag","embeddable":true,"href":"https:\/\/upla.cl\/noticias\/wp-json\/wp\/v2\/tags?post=154375"}],"curies":[{"name":"wp","href":"https:\/\/api.w.org\/{rel}","templated":true}]}}