{"id":154441,"date":"2022-11-21T17:30:29","date_gmt":"2022-11-21T20:30:29","guid":{"rendered":"https:\/\/www.upla.cl\/noticias\/?p=154441"},"modified":"2025-10-30T18:26:55","modified_gmt":"2025-10-30T21:26:55","slug":"futsal-mujeres-upla-campeonas-en-las-ligas-deportivas-de-educacion-superior","status":"publish","type":"post","link":"https:\/\/upla.cl\/noticias\/2022\/11\/21\/futsal-mujeres-upla-campeonas-en-las-ligas-deportivas-de-educacion-superior\/","title":{"rendered":"Futsal mujeres UPLA campeonas en las Ligas Deportivas de Educaci\u00f3n Superior"},"content":{"rendered":"<p style=\"font-weight: 400\"><a href=\"https:\/\/www.upla.cl\/noticias\/wp-content\/uploads\/2022\/11\/futsal_upla_campeon-1.jpg\"><img loading=\"lazy\" decoding=\"async\" class=\"aligncenter size-full wp-image-154443\" src=\"https:\/\/www.upla.cl\/noticias\/wp-content\/uploads\/2022\/11\/futsal_upla_campeon-1.jpg\" alt=\"\" width=\"640\" height=\"427\" srcset=\"https:\/\/upla.cl\/noticias\/wp-content\/uploads\/2022\/11\/futsal_upla_campeon-1.jpg 640w, https:\/\/upla.cl\/noticias\/wp-content\/uploads\/2022\/11\/futsal_upla_campeon-1-300x200.jpg 300w\" sizes=\"auto, (max-width: 640px) 100vw, 640px\" \/><\/a><\/p>\n<p style=\"font-weight: 400\">En una disputada final, la selecci\u00f3n de futsal mujeres de la Universidad de Playa Ancha se qued\u00f3 con el t\u00edtulo regional de las Ligas Deportivas de Educaci\u00f3n Superior, LDES, al vencer a la Universidad Adolfo Ib\u00e1\u00f1ez, UAI, por 4 goles a 3, partido realizado en el Polideportivo Renato Raggio.<\/p>\n<p style=\"font-weight: 400\">El comienzo no fue favorable para las dirigidas t\u00e9cnicamente por Ver\u00f3nica L\u00f3pez, que comenzaron perdiendo por 2-0.<\/p>\n<p style=\"font-weight: 400\">En la segunda etapa, la Universidad de Playa Ancha sali\u00f3 al campo de juego con el af\u00e1n de lograr un descuento en los primeros minutos del partido. Fue as\u00ed, como la capitana Catalina Tapia decret\u00f3 el 2-1 y cuando se esperaba el empate para la UPLA, lleg\u00f3 el 3-1 a favor de la UAI.<\/p>\n<p style=\"font-weight: 400\">A pesar de la desventaja, el cuadro playanchino sigui\u00f3 luchando hasta que lleg\u00f3 el 3-2, mediante Sof\u00eda Carrasco. Minutos m\u00e1s tarde, Gisselle Huerta anot\u00f3 el 3-3 y cuando el partido expiraba, nuevamente, la goleadora Gisselle Huerta decret\u00f3 el 4-3, desatando la alegr\u00eda entre jugadoras y el p\u00fablico que festej\u00f3 el gol del triunfo y del campeonato.<\/p>\n<p style=\"font-weight: 400\"><a href=\"https:\/\/www.upla.cl\/noticias\/wp-content\/uploads\/2022\/11\/futsal_upla_campeon_3.jpg\"><img loading=\"lazy\" decoding=\"async\" class=\"alignright size-medium wp-image-154444\" src=\"https:\/\/www.upla.cl\/noticias\/wp-content\/uploads\/2022\/11\/futsal_upla_campeon_3-300x200.jpg\" alt=\"\" width=\"300\" height=\"200\" srcset=\"https:\/\/upla.cl\/noticias\/wp-content\/uploads\/2022\/11\/futsal_upla_campeon_3-300x200.jpg 300w, https:\/\/upla.cl\/noticias\/wp-content\/uploads\/2022\/11\/futsal_upla_campeon_3.jpg 640w\" sizes=\"auto, (max-width: 300px) 100vw, 300px\" \/><\/a>Finalizado el compromiso, la<strong> entrenadora del equipo campe\u00f3n, Ver\u00f3nica L\u00f3pez,<\/strong> profesora de Educaci\u00f3n F\u00edsica titulada en nuestra casa de estudios y exdeportista UPLA, afirm\u00f3: \u201cMe siento demasiado orgullosa, porque en poco tiempo hemos mejorado mucho. Partimos perdiendo todos los partidos cuando iniciamos el proceso y, ahora, somos las campeonas, significa que estamos trabajando muy bien. Estoy muy feliz, siempre confi\u00e9 en las ni\u00f1as y creo que ellas me dieron todas las facilidades, me apoyaron en cada una de las decisiones que tom\u00e9, por lo que esperamos seguir marcando historia de aqu\u00ed en a delante\u201d.<\/p>\n<p style=\"font-weight: 400\">En tanto, la<strong> estudiante de Tecnolog\u00eda en Deportes y Recreaci\u00f3n, Gisselle Huerta<\/strong>, quien hizo el gol del empate y del triunfo en la final, se\u00f1al\u00f3: \u201cLo dejemos todo en la cancha y, gracias a la garra que pusimos en cada partido, pudimos darlo vuelta y consagrarnos campeonas. El apoyo de nuestros compa\u00f1eros fue un pilar fundamental para poder ganar la final. Esta felicidad que tengo es \u00fanica. Me siento muy orgullosa de mis compa\u00f1eras\u201d.<\/p>\n<p style=\"font-weight: 400\"><a href=\"https:\/\/www.upla.cl\/noticias\/wp-content\/uploads\/2022\/11\/futsal_upla_campeon_2-1.jpg\"><img loading=\"lazy\" decoding=\"async\" class=\"alignright size-medium wp-image-154442\" src=\"https:\/\/www.upla.cl\/noticias\/wp-content\/uploads\/2022\/11\/futsal_upla_campeon_2-1-300x200.jpg\" alt=\"\" width=\"300\" height=\"200\" srcset=\"https:\/\/upla.cl\/noticias\/wp-content\/uploads\/2022\/11\/futsal_upla_campeon_2-1-300x200.jpg 300w, https:\/\/upla.cl\/noticias\/wp-content\/uploads\/2022\/11\/futsal_upla_campeon_2-1.jpg 640w\" sizes=\"auto, (max-width: 300px) 100vw, 300px\" \/><\/a>El <strong>director de Deportes y Recreaci\u00f3n, Jorge Guzm\u00e1n<\/strong>, expres\u00f3 estar orgulloso de los estudiantes deportistas. \u00abSentimos gran alegr\u00eda, ya que ha sido un buen a\u00f1o para el deporte de representaci\u00f3n institucional. Felicitamos muy sinceramente a nuestras deportistas de futsal y a Ver\u00f3nica L\u00f3pez, su entrenadora, quienes se han esforzado mucho durante todo el a\u00f1o para conseguir este gran logro. Han sido constantes, comprometidas y luchadoras, lo que les permiti\u00f3 consagrarse como las mejores de la regi\u00f3n de Valpara\u00edso\u00bb.<\/p>\n","protected":false},"excerpt":{"rendered":"<p>En una disputada final, el equipo liderado por la entrenadora Ver\u00f3nica L\u00f3pez, venci\u00f3 a la Universidad Adolfo Ib\u00e1\u00f1ez, UAI, por 4 goles a 3, alz\u00e1ndose como el mejor de la regi\u00f3n de Valpara\u00edso.<\/p>\n","protected":false},"author":10,"featured_media":154443,"comment_status":"closed","ping_status":"closed","sticky":false,"template":"","format":"standard","meta":{"footnotes":""},"categories":[42,40,69,97,150,725,113,91],"tags":[],"class_list":["post-154441","post","type-post","status-publish","format-standard","has-post-thumbnail","","category-deportes","category-destacados","category-egresados","category-estudiantes","category-genero","category-pedagogia-en-educacion-fisica","category-universidades-en-red","category-vinculacion-con-el-medio"],"_links":{"self":[{"href":"https:\/\/upla.cl\/noticias\/wp-json\/wp\/v2\/posts\/154441","targetHints":{"allow":["GET"]}}],"collection":[{"href":"https:\/\/upla.cl\/noticias\/wp-json\/wp\/v2\/posts"}],"about":[{"href":"https:\/\/upla.cl\/noticias\/wp-json\/wp\/v2\/types\/post"}],"author":[{"embeddable":true,"href":"https:\/\/upla.cl\/noticias\/wp-json\/wp\/v2\/users\/10"}],"replies":[{"embeddable":true,"href":"https:\/\/upla.cl\/noticias\/wp-json\/wp\/v2\/comments?post=154441"}],"version-history":[{"count":0,"href":"https:\/\/upla.cl\/noticias\/wp-json\/wp\/v2\/posts\/154441\/revisions"}],"wp:featuredmedia":[{"embeddable":true,"href":"https:\/\/upla.cl\/noticias\/wp-json\/wp\/v2\/media\/154443"}],"wp:attachment":[{"href":"https:\/\/upla.cl\/noticias\/wp-json\/wp\/v2\/media?parent=154441"}],"wp:term":[{"taxonomy":"category","embeddable":true,"href":"https:\/\/upla.cl\/noticias\/wp-json\/wp\/v2\/categories?post=154441"},{"taxonomy":"post_tag","embeddable":true,"href":"https:\/\/upla.cl\/noticias\/wp-json\/wp\/v2\/tags?post=154441"}],"curies":[{"name":"wp","href":"https:\/\/api.w.org\/{rel}","templated":true}]}}