{"id":155117,"date":"2022-12-06T13:18:46","date_gmt":"2022-12-06T16:18:46","guid":{"rendered":"https:\/\/www.upla.cl\/noticias\/?p=155117"},"modified":"2022-12-06T17:40:45","modified_gmt":"2022-12-06T20:40:45","slug":"upla-aporta-el-primer-observatorio-satelital-de-nieves-de-la-cordillera-de-los-andes","status":"publish","type":"post","link":"https:\/\/upla.cl\/noticias\/2022\/12\/06\/upla-aporta-el-primer-observatorio-satelital-de-nieves-de-la-cordillera-de-los-andes\/","title":{"rendered":"UPLA aporta el primer Observatorio Satelital de Nieves de la Cordillera de Los Andes"},"content":{"rendered":"<p><a href=\"https:\/\/www.upla.cl\/noticias\/wp-content\/uploads\/2022\/12\/OBSERVATORIO-NIEVES_31.jpg\"><img loading=\"lazy\" decoding=\"async\" class=\"aligncenter size-full wp-image-155120\" src=\"https:\/\/www.upla.cl\/noticias\/wp-content\/uploads\/2022\/12\/OBSERVATORIO-NIEVES_31.jpg\" alt=\"\" width=\"640\" height=\"360\" srcset=\"https:\/\/upla.cl\/noticias\/wp-content\/uploads\/2022\/12\/OBSERVATORIO-NIEVES_31.jpg 640w, https:\/\/upla.cl\/noticias\/wp-content\/uploads\/2022\/12\/OBSERVATORIO-NIEVES_31-300x169.jpg 300w\" sizes=\"auto, (max-width: 640px) 100vw, 640px\" \/><\/a><\/p>\n<p>Luego de dos a\u00f1os de investigaci\u00f3n en la Cuenca del Aconcagua, acad\u00e9micos de la carrera de Geograf\u00eda de la Universidad de Playa Ancha idearon una plataforma de base de datos sobre nieves de la Cordillera de los Andes.<\/p>\n<p>El Observatorio Satelital de Nieves, proyecto piloto e in\u00e9dito en Am\u00e9rica del Sur, fue financiado por el Concurso IDeA de Investigaci\u00f3n y Desarrollo 2020, FONDEF, el cual concluy\u00f3 con un seminario internacional. En el evento participaron especialistas de la UPLA y colaboradores de la Universidad de Concepci\u00f3n, la Universidad Estatal de Colorado y del Instituto Argentino de Nivolog\u00eda, Glaciolog\u00eda y Ciencias Ambientales.<\/p>\n<p>El equipo del proyecto, integrado tambi\u00e9n por el <strong>Laboratorio de Teledetecci\u00f3n Ambiental, TeleAmb, <\/strong>de la <strong><a href=\"https:\/\/www.upla.cl\/cienciasnaturalesyexactas\/\">Facultad de Ciencias Naturales y Exactas<\/a><\/strong> y el\u00a0 <strong>Laboratorio de Data Science<\/strong>\u00a0 (<a href=\"https:\/\/datoslab.cl\/\" target=\"_blank\" rel=\"noopener\">datoslab.cl<\/a>) de la\u00a0<a href=\"https:\/\/www.upla.cl\/facultad\/ingenieria\/\">Facultad de Ingenier\u00eda<\/a>, permiti\u00f3 llegar a los resultados y proyecciones que compartieron en el seminario.<\/p>\n<figure id=\"attachment_155126\" aria-describedby=\"caption-attachment-155126\" style=\"width: 300px\" class=\"wp-caption alignright\"><a href=\"https:\/\/www.upla.cl\/noticias\/wp-content\/uploads\/2022\/12\/carlos_romero-2.jpeg\"><img loading=\"lazy\" decoding=\"async\" class=\"size-medium wp-image-155126\" src=\"https:\/\/www.upla.cl\/noticias\/wp-content\/uploads\/2022\/12\/carlos_romero-2-300x270.jpeg\" alt=\"\" width=\"300\" height=\"270\" srcset=\"https:\/\/upla.cl\/noticias\/wp-content\/uploads\/2022\/12\/carlos_romero-2-300x270.jpeg 300w, https:\/\/upla.cl\/noticias\/wp-content\/uploads\/2022\/12\/carlos_romero-2.jpeg 640w\" sizes=\"auto, (max-width: 300px) 100vw, 300px\" \/><\/a><figcaption id=\"caption-attachment-155126\" class=\"wp-caption-text\">Director proyecto, Carlos Romero.<\/figcaption><\/figure>\n<p>\u201cUno de los resultados m\u00e1s importantes es la generaci\u00f3n de una plataforma que nos permite conocer el estado de la nieve en una escala espacial y temporal relevante para una toma de decisiones en el territorio, respecto del potencial h\u00eddrico que tiene la cuenca del r\u00edo Aconcagua una de las cuencas m\u00e1s importantes de la regi\u00f3n\u201d, afirm\u00f3 el<strong> director del proyecto y jefe de la carrera de Geograf\u00eda de la UPLA, Carlos Romero.<\/strong><\/p>\n<p>El acad\u00e9mico destac\u00f3 que el producto del proyecto es un bien p\u00fablico, al que se puede acceder desde cualquier dispositivo conectado a Internet. La plataforma es un repositorio de informaci\u00f3n satelital de lo que ha pasado en los \u00faltimos 30 a\u00f1os, de acuerdo a los datos de un sensor satelital y de los \u00faltimos 22 a\u00f1os de informaci\u00f3n diaria satelital sobre lo que ocurre en la cuenca del r\u00edo Aconcagua.<\/p>\n<h5><strong>Proyecciones<\/strong><\/h5>\n<figure id=\"attachment_155124\" aria-describedby=\"caption-attachment-155124\" style=\"width: 215px\" class=\"wp-caption alignleft\"><a href=\"https:\/\/www.upla.cl\/noticias\/wp-content\/uploads\/2022\/12\/freddy_saavedra-2.jpg\"><img loading=\"lazy\" decoding=\"async\" class=\" wp-image-155124\" src=\"https:\/\/www.upla.cl\/noticias\/wp-content\/uploads\/2022\/12\/freddy_saavedra-2-277x300.jpg\" alt=\"\" width=\"215\" height=\"233\" srcset=\"https:\/\/upla.cl\/noticias\/wp-content\/uploads\/2022\/12\/freddy_saavedra-2-277x300.jpg 277w, https:\/\/upla.cl\/noticias\/wp-content\/uploads\/2022\/12\/freddy_saavedra-2.jpg 640w\" sizes=\"auto, (max-width: 215px) 100vw, 215px\" \/><\/a><figcaption id=\"caption-attachment-155124\" class=\"wp-caption-text\">Freddy Saavedra.<\/figcaption><\/figure>\n<p>Una de las ventajas de esta nueva plataforma es que se puede replicar en otras cuencas del pa\u00eds, pudiendo llegar a ser un producto nacional.<\/p>\n<p>\u201cSiempre hay varias proyecciones, pero lo que tenemos m\u00e1s en concreto es que a nivel de gobierno regional tenemos la propuesta de ampliar este an\u00e1lisis a nivel de otras cuencas de la regi\u00f3n como Petorca, La Ligua, incluso el sector de Maipo por la influencia que tiene en San Antonio y, a nivel nacional, tenemos conversaciones con la Direcci\u00f3n general de Aguas, con la idea de replicarlo a nivel pa\u00eds. Pero eso son proyecciones que requieren un par de a\u00f1os de trabajo\u201d,<strong> sostuvo el director del Laboratorio de Teledetecci\u00f3n Ambiental, Dr. Freddy Saavedra.<\/strong><\/p>\n<figure id=\"attachment_155125\" aria-describedby=\"caption-attachment-155125\" style=\"width: 198px\" class=\"wp-caption alignright\"><a href=\"https:\/\/www.upla.cl\/noticias\/wp-content\/uploads\/2022\/12\/Stephanie_Kampf-2.jpg\"><img loading=\"lazy\" decoding=\"async\" class=\"wp-image-155125\" src=\"https:\/\/www.upla.cl\/noticias\/wp-content\/uploads\/2022\/12\/Stephanie_Kampf-2-300x263.jpg\" alt=\"\" width=\"198\" height=\"174\" srcset=\"https:\/\/upla.cl\/noticias\/wp-content\/uploads\/2022\/12\/Stephanie_Kampf-2-300x263.jpg 300w, https:\/\/upla.cl\/noticias\/wp-content\/uploads\/2022\/12\/Stephanie_Kampf-2.jpg 640w\" sizes=\"auto, (max-width: 198px) 100vw, 198px\" \/><\/a><figcaption id=\"caption-attachment-155125\" class=\"wp-caption-text\">Stephanie Kampf.<\/figcaption><\/figure>\n<p>Desde la <strong>Universidad Estatal de Colorado, Estados Unidos, la <\/strong><strong>experta en hidrolog\u00eda f\u00edsica, Stephanie Kampf, <\/strong>colaboradora del proyecto en la parte metodol\u00f3gica y de procesos, se refiri\u00f3 al trabajo desarrollado.<\/p>\n<p>\u201cCreo que est\u00e1n haciendo un buen trabajo con las im\u00e1genes satelitales, que ser\u00e1n muy \u00fatiles y, si es posible en el futuro tener m\u00e1s observaciones en terreno, podr\u00eda ser de gran ayuda, pero para eso se necesita muchos recursos especialmente con una cordillera tan grande como Los Andes, inaccesible en muchas partes\u201d, <strong>afirm\u00f3 Kampf<\/strong><\/p>\n<p><strong>Rector<\/strong><\/p>\n<p><a href=\"https:\/\/www.upla.cl\/noticias\/wp-content\/uploads\/2022\/12\/OBSERVATORIO-NIEVES.00.jpg\"><img loading=\"lazy\" decoding=\"async\" class=\"alignright size-medium wp-image-155118\" src=\"https:\/\/www.upla.cl\/noticias\/wp-content\/uploads\/2022\/12\/OBSERVATORIO-NIEVES.00-300x169.jpg\" alt=\"\" width=\"300\" height=\"169\" srcset=\"https:\/\/upla.cl\/noticias\/wp-content\/uploads\/2022\/12\/OBSERVATORIO-NIEVES.00-300x169.jpg 300w, https:\/\/upla.cl\/noticias\/wp-content\/uploads\/2022\/12\/OBSERVATORIO-NIEVES.00.jpg 640w\" sizes=\"auto, (max-width: 300px) 100vw, 300px\" \/><\/a>La Cordillera de Los Andes es un embalse natural de agua, que aporta a cada una de las cuencas m\u00e1s importantes del pa\u00eds, la que es utilizada en distintas actividades ecosist\u00e9micas y productivas. Contar con un sistema de monitoreo de la cobertura de nieve posibilitar\u00e1 cuantificar efectos de la disminuci\u00f3n de la frecuencia de nieve, zonificar \u00e1reas, desarrollar sistemas de pron\u00f3sticos y preparar planes de contingencia, respuesta y adaptaci\u00f3n.<\/p>\n<p>En ese sentido, el <strong>rector Carlos Gonz\u00e1lez<\/strong>, expres\u00f3 que \u201ctener un observatorio que vaya midiendo, cuantificando y buscando patrones de comportamiento de la recepci\u00f3n de las nieves, en t\u00e9rminos de c\u00f3mo podemos gestionarlas de manera m\u00e1s adecuada, nos parece fundamental y sustantivo.<\/p>\n<figure id=\"attachment_155123\" aria-describedby=\"caption-attachment-155123\" style=\"width: 300px\" class=\"wp-caption alignright\"><a href=\"https:\/\/www.upla.cl\/noticias\/wp-content\/uploads\/2022\/12\/Cierre_proyecto_observatorio_nieves-2.jpg\"><img loading=\"lazy\" decoding=\"async\" class=\"size-medium wp-image-155123\" src=\"https:\/\/www.upla.cl\/noticias\/wp-content\/uploads\/2022\/12\/Cierre_proyecto_observatorio_nieves-2-300x208.jpg\" alt=\"\" width=\"300\" height=\"208\" srcset=\"https:\/\/upla.cl\/noticias\/wp-content\/uploads\/2022\/12\/Cierre_proyecto_observatorio_nieves-2-300x208.jpg 300w, https:\/\/upla.cl\/noticias\/wp-content\/uploads\/2022\/12\/Cierre_proyecto_observatorio_nieves-2-110x75.jpg 110w, https:\/\/upla.cl\/noticias\/wp-content\/uploads\/2022\/12\/Cierre_proyecto_observatorio_nieves-2.jpg 540w\" sizes=\"auto, (max-width: 300px) 100vw, 300px\" \/><\/a><figcaption id=\"caption-attachment-155123\" class=\"wp-caption-text\">Expositores Seminario Internacional Cierre de Proyecto.<\/figcaption><\/figure>\n<p>Adem\u00e1s, ayuda a la pol\u00edtica p\u00fablica de nuestra regi\u00f3n para mejorar la gesti\u00f3n de los escasos recursos h\u00eddricos quetenemos y proyectar futuras soluciones con el an\u00e1lisis de datos satelitales, el trabajo colectivo de las Facultades de Ciencias e Ingenier\u00eda, y con aportes externos de profesionales de Estados Unidos y Argentina, estamos entregando un aporte sustantivo al desarrollo de nuestra regi\u00f3n\u201d.<\/p>\n<p>En el seminario y con una visi\u00f3n externa, expusieron el investigador del Instituto Argentino de Nivolog\u00eda, Glaciolog\u00eda y Ciencias Ambientales, Mariano Masiokas; la\u00a0especialista en hidrolog\u00eda f\u00edsica de la Universidad Estatal de Colorado, Estados Unidos, Stephanie Kampf;\u00a0 y el investigador de la Universidad de Concepci\u00f3n, Alfonso Fern\u00e1ndez.<\/p>\n","protected":false},"excerpt":{"rendered":"<p>Proyecto piloto e in\u00e9dito en Am\u00e9rica del Sur permitir\u00e1 tomar decisiones en el territorio respecto del potencial h\u00eddrico que tiene la cuenca del r\u00edo Aconcagua.<\/p>\n","protected":false},"author":10,"featured_media":155120,"comment_status":"closed","ping_status":"closed","sticky":false,"template":"","format":"standard","meta":{"footnotes":""},"categories":[51,96,40,101,97,75,43,86,91],"tags":[],"class_list":["post-155117","post","type-post","status-publish","format-standard","has-post-thumbnail","","category-academia","category-academicos","category-destacados","category-docencia","category-estudiantes","category-facultad-de-ciencias-naturales-y-exactas","category-investigacion","category-relaciones-internacionales","category-vinculacion-con-el-medio"],"_links":{"self":[{"href":"https:\/\/upla.cl\/noticias\/wp-json\/wp\/v2\/posts\/155117","targetHints":{"allow":["GET"]}}],"collection":[{"href":"https:\/\/upla.cl\/noticias\/wp-json\/wp\/v2\/posts"}],"about":[{"href":"https:\/\/upla.cl\/noticias\/wp-json\/wp\/v2\/types\/post"}],"author":[{"embeddable":true,"href":"https:\/\/upla.cl\/noticias\/wp-json\/wp\/v2\/users\/10"}],"replies":[{"embeddable":true,"href":"https:\/\/upla.cl\/noticias\/wp-json\/wp\/v2\/comments?post=155117"}],"version-history":[{"count":0,"href":"https:\/\/upla.cl\/noticias\/wp-json\/wp\/v2\/posts\/155117\/revisions"}],"wp:featuredmedia":[{"embeddable":true,"href":"https:\/\/upla.cl\/noticias\/wp-json\/wp\/v2\/media\/155120"}],"wp:attachment":[{"href":"https:\/\/upla.cl\/noticias\/wp-json\/wp\/v2\/media?parent=155117"}],"wp:term":[{"taxonomy":"category","embeddable":true,"href":"https:\/\/upla.cl\/noticias\/wp-json\/wp\/v2\/categories?post=155117"},{"taxonomy":"post_tag","embeddable":true,"href":"https:\/\/upla.cl\/noticias\/wp-json\/wp\/v2\/tags?post=155117"}],"curies":[{"name":"wp","href":"https:\/\/api.w.org\/{rel}","templated":true}]}}