{"id":155131,"date":"2022-12-06T15:49:41","date_gmt":"2022-12-06T18:49:41","guid":{"rendered":"https:\/\/www.upla.cl\/noticias\/?p=155131"},"modified":"2022-12-06T15:49:41","modified_gmt":"2022-12-06T18:49:41","slug":"desmanicomializar-no-significa-dejar-sin-atencion-a-las-personas-sino-buscar-otras-formas-de-solucion-terapeutica","status":"publish","type":"post","link":"https:\/\/upla.cl\/noticias\/2022\/12\/06\/desmanicomializar-no-significa-dejar-sin-atencion-a-las-personas-sino-buscar-otras-formas-de-solucion-terapeutica\/","title":{"rendered":"\u201cDesmanicomializar, no significa dejar sin atenci\u00f3n a las personas, sino buscar otras formas de soluci\u00f3n terap\u00e9utica\u201d"},"content":{"rendered":"<p style=\"text-align: justify\"><a href=\"https:\/\/www.upla.cl\/noticias\/wp-content\/uploads\/2022\/12\/Tercera-Conferencia-Regional-Salud-Mental-POR-ESTEBAN32.jpg\"><img loading=\"lazy\" decoding=\"async\" class=\"aligncenter size-full wp-image-155134\" src=\"https:\/\/www.upla.cl\/noticias\/wp-content\/uploads\/2022\/12\/Tercera-Conferencia-Regional-Salud-Mental-POR-ESTEBAN32.jpg\" alt=\"\" width=\"640\" height=\"427\" srcset=\"https:\/\/upla.cl\/noticias\/wp-content\/uploads\/2022\/12\/Tercera-Conferencia-Regional-Salud-Mental-POR-ESTEBAN32.jpg 640w, https:\/\/upla.cl\/noticias\/wp-content\/uploads\/2022\/12\/Tercera-Conferencia-Regional-Salud-Mental-POR-ESTEBAN32-300x200.jpg 300w\" sizes=\"auto, (max-width: 640px) 100vw, 640px\" \/><\/a>Propender al cierre de los recintos siqui\u00e1tricos cerrados y relevar el rol de la salud comunitaria para que sea parte de la soluci\u00f3n a los problemas de salud mental en Latinoam\u00e9rica, se realiz\u00f3 en la <strong>Universidad de Playa Ancha<\/strong> la <strong>III Conferencia Regional de Salud Mental Comunitaria<\/strong> y tambi\u00e9n el <strong>Segundo Encuentro de Estudiantes por la Salud Mental,<\/strong> con la participaci\u00f3n de delegaciones de Argentina, Per\u00fa, Brasil, Colombia, Uruguay, Paraguay y Chile.<\/p>\n<p style=\"text-align: justify\"><a href=\"https:\/\/www.upla.cl\/noticias\/wp-content\/uploads\/2022\/12\/Tercera-Conferencia-Regional-Salud-Mental-POR-ESTEBAN14.jpg\"><img loading=\"lazy\" decoding=\"async\" class=\"alignleft size-medium wp-image-155133\" src=\"https:\/\/www.upla.cl\/noticias\/wp-content\/uploads\/2022\/12\/Tercera-Conferencia-Regional-Salud-Mental-POR-ESTEBAN14-300x200.jpg\" alt=\"\" width=\"300\" height=\"200\" srcset=\"https:\/\/upla.cl\/noticias\/wp-content\/uploads\/2022\/12\/Tercera-Conferencia-Regional-Salud-Mental-POR-ESTEBAN14-300x200.jpg 300w, https:\/\/upla.cl\/noticias\/wp-content\/uploads\/2022\/12\/Tercera-Conferencia-Regional-Salud-Mental-POR-ESTEBAN14.jpg 640w\" sizes=\"auto, (max-width: 300px) 100vw, 300px\" \/><\/a>El encuentro que se desarroll\u00f3 durante tres d\u00edas en dependencias de la universidad y en diversos espacios de la ciudad de Valpara\u00edso, cont\u00f3 con la organizaci\u00f3n y apoyo de las <strong>carreras de Psicolog\u00eda, Enfermer\u00eda y Terapia Ocupaciona<\/strong>l de esta casa de estudios, de las <strong>Facultades de Ciencias Sociales y Ciencias de la Salud.<\/strong><\/p>\n<p style=\"text-align: justify\"><a href=\"https:\/\/www.upla.cl\/noticias\/wp-content\/uploads\/2022\/12\/Tercera_conferencia_salud_mental_inauguracion1.jpg\"><img loading=\"lazy\" decoding=\"async\" class=\"size-medium wp-image-155142 alignleft\" src=\"https:\/\/www.upla.cl\/noticias\/wp-content\/uploads\/2022\/12\/Tercera_conferencia_salud_mental_inauguracion1-300x201.jpg\" alt=\"\" width=\"300\" height=\"201\" srcset=\"https:\/\/upla.cl\/noticias\/wp-content\/uploads\/2022\/12\/Tercera_conferencia_salud_mental_inauguracion1-300x201.jpg 300w, https:\/\/upla.cl\/noticias\/wp-content\/uploads\/2022\/12\/Tercera_conferencia_salud_mental_inauguracion1-110x75.jpg 110w, https:\/\/upla.cl\/noticias\/wp-content\/uploads\/2022\/12\/Tercera_conferencia_salud_mental_inauguracion1.jpg 640w\" sizes=\"auto, (max-width: 300px) 100vw, 300px\" \/><\/a>El decano de la <strong>Facultad de Ciencias Sociales, Mg. Cristi\u00e1n Valenzuela Urra,<\/strong> destac\u00f3 el rol de acad\u00e9micos y estudiantes en la organizaci\u00f3n de estas jornadas, recordando que este tipo de actividades aportan a la comprensi\u00f3n y soluci\u00f3n de los principales problemas de salud mental que nos trajo la pandemia: \u201cTuvimos que empezar a convivir con t\u00e9rminos y conceptos que no, manej\u00e1bamos, tuvimos que acomodarnos, tuvimos que usar mascarillas, en fin, nos tuvimos que esconder y todo eso produjo un impacto tremendo en la sociedad y que obviamente este tipo de conferencias van a ayudar a dilucidar, a comprender, a objetivizar sobre posibles soluciones y formas de enfrentar esta pandemia que no nos quiere dejar\u201d.<\/p>\n<p style=\"text-align: justify\"><strong><a href=\"https:\/\/www.upla.cl\/noticias\/wp-content\/uploads\/2022\/12\/Tercera_conferencia_salud_mental_inauguracion10.jpg\"><img loading=\"lazy\" decoding=\"async\" class=\"size-medium wp-image-155144 alignright\" src=\"https:\/\/www.upla.cl\/noticias\/wp-content\/uploads\/2022\/12\/Tercera_conferencia_salud_mental_inauguracion10-300x201.jpg\" alt=\"\" width=\"300\" height=\"201\" srcset=\"https:\/\/upla.cl\/noticias\/wp-content\/uploads\/2022\/12\/Tercera_conferencia_salud_mental_inauguracion10-300x201.jpg 300w, https:\/\/upla.cl\/noticias\/wp-content\/uploads\/2022\/12\/Tercera_conferencia_salud_mental_inauguracion10-110x75.jpg 110w, https:\/\/upla.cl\/noticias\/wp-content\/uploads\/2022\/12\/Tercera_conferencia_salud_mental_inauguracion10.jpg 640w\" sizes=\"auto, (max-width: 300px) 100vw, 300px\" \/><\/a>Marcela Freytes, de la Universidad de Chubut, en la Patagonia Argentina,<\/strong> dijo que esta tercera conferencia es producto de un trabajo en red de profesionales y usuarios para encontrar una alternativa al modelo tradicional de salud mental: \u201cLa primera conferencia se hizo en el 2016 en Per\u00fa y en realidad la conferencia es producto de una red de trabajo latinoamericano de distintos profesionales, organizaciones de usuarios y familiares y trabajadores, tanto de la academia como de los sistemas sanitarios, que trabajamos por el modelo de salud mental comunitaria como una alternativa al cierre de los manicomios\u201d.<\/p>\n<p style=\"text-align: justify\">La psic\u00f3loga, acad\u00e9mica y una de las organizadoras de esta conferencia Dra. <strong>Yanina Guti\u00e9rrez Vald\u00e9s,<\/strong> explic\u00f3 que uno de los principales objetivos a difundir por la organizaci\u00f3n es la \u201cdesmanicomializaci\u00f3n\u201d, \u201cdesmedicalizar\u201d y hablar abiertamente de salud mental: \u201cEntonces, la idea de que las instituciones cerradas como un hospital psiqui\u00e1trico lo que hace es que desvincula a la gente de sus propios lugares y lo que hace ah\u00ed es que el Estado toma un rol como paternalista, respecto de qu\u00e9 se hace con esas personas. Al estar institucionalizadas, lo que sucede ah\u00ed es que las personas van perdiendo sus habilidades sociales o la capacidad de decidir por s\u00ed mismos su autonom\u00eda\u201d.<\/p>\n<p style=\"text-align: justify\"><a href=\"https:\/\/www.upla.cl\/noticias\/wp-content\/uploads\/2022\/12\/Tercera-Conferencia-Regional-Salud-Mental-POR-ESTEBAN99.jpg\"><img loading=\"lazy\" decoding=\"async\" class=\"alignright size-medium wp-image-155140\" src=\"https:\/\/www.upla.cl\/noticias\/wp-content\/uploads\/2022\/12\/Tercera-Conferencia-Regional-Salud-Mental-POR-ESTEBAN99-300x200.jpg\" alt=\"\" width=\"300\" height=\"200\" srcset=\"https:\/\/upla.cl\/noticias\/wp-content\/uploads\/2022\/12\/Tercera-Conferencia-Regional-Salud-Mental-POR-ESTEBAN99-300x200.jpg 300w, https:\/\/upla.cl\/noticias\/wp-content\/uploads\/2022\/12\/Tercera-Conferencia-Regional-Salud-Mental-POR-ESTEBAN99.jpg 640w\" sizes=\"auto, (max-width: 300px) 100vw, 300px\" \/><\/a>Finalmente, <strong>Mar\u00eda del Carmen Maldonado Mamani<\/strong> acad\u00e9mica del <strong>Departamento de Mediaci\u00f3n y Subjetividades<\/strong> de la UPLA y miembro del equipo organizador de la Conferencia Regional de Salud Mental Comunitaria y tambi\u00e9n del Segundo Encuentro de Estudiantes por la Salud Mental, dijo que la idea es evitar la exclusi\u00f3n social de las personas: \u201cEn realidad, tiene que ver con evitar las categor\u00edas cl\u00ednicas que generalmente como sentido com\u00fan, nosotros vamos manejando en donde se generan estigmas a las personas, en donde muchas veces viven procesos de exclusi\u00f3n social y en donde en su m\u00e1xima expresi\u00f3n tiene que ver cuando ellas pierden la libertad y por eso est\u00e1 como una lucha en contra de cerrar los psiqui\u00e1tricos y los manicomios, porque ah\u00ed pierden todo derecho de ser ciudadanos\u201d.<\/p>\n<p style=\"text-align: right\">(Colabor\u00f3 Esteban Moreno, periodista Direcci\u00f3n General de Vinculaci\u00f3n con el Medio)<\/p>\n<div id='gallery-1' class='gallery galleryid-155131 gallery-columns-3 gallery-size-medium'><figure class='gallery-item'>\n\t\t\t<div class='gallery-icon landscape'>\n\t\t\t\t<a href='https:\/\/upla.cl\/noticias\/wp-content\/uploads\/2022\/12\/Tercera-Conferencia-Regional-Salud-Mental-POR-ESTEBAN87.jpg'><img loading=\"lazy\" decoding=\"async\" width=\"300\" height=\"200\" src=\"https:\/\/upla.cl\/noticias\/wp-content\/uploads\/2022\/12\/Tercera-Conferencia-Regional-Salud-Mental-POR-ESTEBAN87-300x200.jpg\" class=\"attachment-medium size-medium\" alt=\"\" srcset=\"https:\/\/upla.cl\/noticias\/wp-content\/uploads\/2022\/12\/Tercera-Conferencia-Regional-Salud-Mental-POR-ESTEBAN87-300x200.jpg 300w, https:\/\/upla.cl\/noticias\/wp-content\/uploads\/2022\/12\/Tercera-Conferencia-Regional-Salud-Mental-POR-ESTEBAN87.jpg 640w\" sizes=\"auto, (max-width: 300px) 100vw, 300px\" \/><\/a>\n\t\t\t<\/div><\/figure><figure class='gallery-item'>\n\t\t\t<div class='gallery-icon landscape'>\n\t\t\t\t<a href='https:\/\/upla.cl\/noticias\/wp-content\/uploads\/2022\/12\/Tercera-Conferencia-Regional-Salud-Mental-POR-ESTEBAN99.jpg'><img loading=\"lazy\" decoding=\"async\" width=\"300\" height=\"200\" src=\"https:\/\/upla.cl\/noticias\/wp-content\/uploads\/2022\/12\/Tercera-Conferencia-Regional-Salud-Mental-POR-ESTEBAN99-300x200.jpg\" class=\"attachment-medium size-medium\" alt=\"\" srcset=\"https:\/\/upla.cl\/noticias\/wp-content\/uploads\/2022\/12\/Tercera-Conferencia-Regional-Salud-Mental-POR-ESTEBAN99-300x200.jpg 300w, https:\/\/upla.cl\/noticias\/wp-content\/uploads\/2022\/12\/Tercera-Conferencia-Regional-Salud-Mental-POR-ESTEBAN99.jpg 640w\" sizes=\"auto, (max-width: 300px) 100vw, 300px\" \/><\/a>\n\t\t\t<\/div><\/figure><figure class='gallery-item'>\n\t\t\t<div class='gallery-icon landscape'>\n\t\t\t\t<a href='https:\/\/upla.cl\/noticias\/wp-content\/uploads\/2022\/12\/Tercera-Conferencia-Regional-Salud-Mental-POR-ESTEBAN72.jpg'><img loading=\"lazy\" decoding=\"async\" width=\"300\" height=\"200\" src=\"https:\/\/upla.cl\/noticias\/wp-content\/uploads\/2022\/12\/Tercera-Conferencia-Regional-Salud-Mental-POR-ESTEBAN72-300x200.jpg\" class=\"attachment-medium size-medium\" alt=\"\" srcset=\"https:\/\/upla.cl\/noticias\/wp-content\/uploads\/2022\/12\/Tercera-Conferencia-Regional-Salud-Mental-POR-ESTEBAN72-300x200.jpg 300w, https:\/\/upla.cl\/noticias\/wp-content\/uploads\/2022\/12\/Tercera-Conferencia-Regional-Salud-Mental-POR-ESTEBAN72.jpg 640w\" sizes=\"auto, (max-width: 300px) 100vw, 300px\" \/><\/a>\n\t\t\t<\/div><\/figure><figure class='gallery-item'>\n\t\t\t<div class='gallery-icon landscape'>\n\t\t\t\t<a href='https:\/\/upla.cl\/noticias\/wp-content\/uploads\/2022\/12\/Tercera-Conferencia-Regional-Salud-Mental-POR-ESTEBAN68.jpg'><img loading=\"lazy\" decoding=\"async\" width=\"300\" height=\"200\" src=\"https:\/\/upla.cl\/noticias\/wp-content\/uploads\/2022\/12\/Tercera-Conferencia-Regional-Salud-Mental-POR-ESTEBAN68-300x200.jpg\" class=\"attachment-medium size-medium\" alt=\"\" srcset=\"https:\/\/upla.cl\/noticias\/wp-content\/uploads\/2022\/12\/Tercera-Conferencia-Regional-Salud-Mental-POR-ESTEBAN68-300x200.jpg 300w, https:\/\/upla.cl\/noticias\/wp-content\/uploads\/2022\/12\/Tercera-Conferencia-Regional-Salud-Mental-POR-ESTEBAN68.jpg 640w\" sizes=\"auto, (max-width: 300px) 100vw, 300px\" \/><\/a>\n\t\t\t<\/div><\/figure><figure class='gallery-item'>\n\t\t\t<div class='gallery-icon landscape'>\n\t\t\t\t<a href='https:\/\/upla.cl\/noticias\/wp-content\/uploads\/2022\/12\/Tercera-Conferencia-Regional-Salud-Mental-POR-ESTEBAN63.jpg'><img loading=\"lazy\" decoding=\"async\" width=\"300\" height=\"200\" src=\"https:\/\/upla.cl\/noticias\/wp-content\/uploads\/2022\/12\/Tercera-Conferencia-Regional-Salud-Mental-POR-ESTEBAN63-300x200.jpg\" class=\"attachment-medium size-medium\" alt=\"\" srcset=\"https:\/\/upla.cl\/noticias\/wp-content\/uploads\/2022\/12\/Tercera-Conferencia-Regional-Salud-Mental-POR-ESTEBAN63-300x200.jpg 300w, https:\/\/upla.cl\/noticias\/wp-content\/uploads\/2022\/12\/Tercera-Conferencia-Regional-Salud-Mental-POR-ESTEBAN63.jpg 640w\" sizes=\"auto, (max-width: 300px) 100vw, 300px\" \/><\/a>\n\t\t\t<\/div><\/figure><figure class='gallery-item'>\n\t\t\t<div class='gallery-icon landscape'>\n\t\t\t\t<a href='https:\/\/upla.cl\/noticias\/wp-content\/uploads\/2022\/12\/Tercera-Conferencia-Regional-Salud-Mental-POR-ESTEBAN40.jpg'><img loading=\"lazy\" decoding=\"async\" width=\"300\" height=\"200\" src=\"https:\/\/upla.cl\/noticias\/wp-content\/uploads\/2022\/12\/Tercera-Conferencia-Regional-Salud-Mental-POR-ESTEBAN40-300x200.jpg\" class=\"attachment-medium size-medium\" alt=\"\" srcset=\"https:\/\/upla.cl\/noticias\/wp-content\/uploads\/2022\/12\/Tercera-Conferencia-Regional-Salud-Mental-POR-ESTEBAN40-300x200.jpg 300w, https:\/\/upla.cl\/noticias\/wp-content\/uploads\/2022\/12\/Tercera-Conferencia-Regional-Salud-Mental-POR-ESTEBAN40.jpg 640w\" sizes=\"auto, (max-width: 300px) 100vw, 300px\" \/><\/a>\n\t\t\t<\/div><\/figure>\n\t\t<\/div>\n\n","protected":false},"excerpt":{"rendered":"<p>Conferencias sobre salud mental comunitarias realizadas en la Universidad de Playa Ancha apuestan por mantener autonom\u00eda y relaciones afectivas de personas ingresadas en centros de salud mental cerrados.<\/p>\n","protected":false},"author":11,"featured_media":155134,"comment_status":"closed","ping_status":"closed","sticky":false,"template":"","format":"standard","meta":{"footnotes":""},"categories":[51,96,60,61,40,69,97,71,72,73,74,75,76,77,78,99,122,86,113,91],"tags":[],"class_list":["post-155131","post","type-post","status-publish","format-standard","has-post-thumbnail","","category-academia","category-academicos","category-campus-san-felipe","category-carreras-vespertinas","category-destacados","category-egresados","category-estudiantes","category-facultad-de-arte","category-facultad-de-ciencias-actividad-fisica-y-deporte","category-facultad-de-ciencias-de-la-educacion","category-facultad-de-ciencias-de-la-salud","category-facultad-de-ciencias-naturales-y-exactas","category-facultad-de-ciencias-sociales","category-facultad-de-humanidades","category-facultad-de-ingenieria","category-funcionarios","category-inclusion","category-relaciones-internacionales","category-universidades-en-red","category-vinculacion-con-el-medio"],"_links":{"self":[{"href":"https:\/\/upla.cl\/noticias\/wp-json\/wp\/v2\/posts\/155131","targetHints":{"allow":["GET"]}}],"collection":[{"href":"https:\/\/upla.cl\/noticias\/wp-json\/wp\/v2\/posts"}],"about":[{"href":"https:\/\/upla.cl\/noticias\/wp-json\/wp\/v2\/types\/post"}],"author":[{"embeddable":true,"href":"https:\/\/upla.cl\/noticias\/wp-json\/wp\/v2\/users\/11"}],"replies":[{"embeddable":true,"href":"https:\/\/upla.cl\/noticias\/wp-json\/wp\/v2\/comments?post=155131"}],"version-history":[{"count":0,"href":"https:\/\/upla.cl\/noticias\/wp-json\/wp\/v2\/posts\/155131\/revisions"}],"wp:featuredmedia":[{"embeddable":true,"href":"https:\/\/upla.cl\/noticias\/wp-json\/wp\/v2\/media\/155134"}],"wp:attachment":[{"href":"https:\/\/upla.cl\/noticias\/wp-json\/wp\/v2\/media?parent=155131"}],"wp:term":[{"taxonomy":"category","embeddable":true,"href":"https:\/\/upla.cl\/noticias\/wp-json\/wp\/v2\/categories?post=155131"},{"taxonomy":"post_tag","embeddable":true,"href":"https:\/\/upla.cl\/noticias\/wp-json\/wp\/v2\/tags?post=155131"}],"curies":[{"name":"wp","href":"https:\/\/api.w.org\/{rel}","templated":true}]}}