{"id":157111,"date":"2023-03-15T12:11:08","date_gmt":"2023-03-15T15:11:08","guid":{"rendered":"https:\/\/www.upla.cl\/noticias\/?p=157111"},"modified":"2023-03-15T12:11:08","modified_gmt":"2023-03-15T15:11:08","slug":"facultad-de-arte-upla-recibio-a-un-centenar-de-estudiantes-de-primer-ano","status":"publish","type":"post","link":"https:\/\/upla.cl\/noticias\/2023\/03\/15\/facultad-de-arte-upla-recibio-a-un-centenar-de-estudiantes-de-primer-ano\/","title":{"rendered":"Facultad de Arte UPLA recibi\u00f3 a un centenar de estudiantes de primer a\u00f1o"},"content":{"rendered":"<p style=\"text-align: justify\"><a href=\"https:\/\/www.upla.cl\/noticias\/wp-content\/uploads\/2023\/03\/Diseno1.jpg\"><img loading=\"lazy\" decoding=\"async\" class=\"aligncenter size-full wp-image-157117\" src=\"https:\/\/www.upla.cl\/noticias\/wp-content\/uploads\/2023\/03\/Diseno1.jpg\" alt=\"\" width=\"640\" height=\"424\" srcset=\"https:\/\/upla.cl\/noticias\/wp-content\/uploads\/2023\/03\/Diseno1.jpg 640w, https:\/\/upla.cl\/noticias\/wp-content\/uploads\/2023\/03\/Diseno1-300x199.jpg 300w, https:\/\/upla.cl\/noticias\/wp-content\/uploads\/2023\/03\/Diseno1-310x205.jpg 310w\" sizes=\"auto, (max-width: 640px) 100vw, 640px\" \/><\/a>M\u00e1s de un centenar de nuevas y nuevos estudiantes de distintos lugares del pa\u00eds llegaron a las dependencias de la <strong>Facultad de Arte<\/strong> para comenzar su primer a\u00f1o acad\u00e9mico en la <strong>Universidad de Playa Ancha.<\/strong> Directores de carrera junto a acad\u00e9micas y acad\u00e9micos dieron la bienvenida oficial a j\u00f3venes que llegan a estudiar y formarse en las carreras de <strong>Dibujante Proyectista, Dise\u00f1o, Licenciatura en Arte, Pedagog\u00eda en Educaci\u00f3n Musical y Teatro.<\/strong><\/p>\n<p style=\"text-align: justify\"><a href=\"https:\/\/www.upla.cl\/noticias\/wp-content\/uploads\/2023\/03\/LicArte1.jpg\"><img loading=\"lazy\" decoding=\"async\" class=\"alignright size-medium wp-image-157116\" src=\"https:\/\/www.upla.cl\/noticias\/wp-content\/uploads\/2023\/03\/LicArte1-300x199.jpg\" alt=\"\" width=\"300\" height=\"199\" srcset=\"https:\/\/upla.cl\/noticias\/wp-content\/uploads\/2023\/03\/LicArte1-300x199.jpg 300w, https:\/\/upla.cl\/noticias\/wp-content\/uploads\/2023\/03\/LicArte1-310x205.jpg 310w, https:\/\/upla.cl\/noticias\/wp-content\/uploads\/2023\/03\/LicArte1.jpg 640w\" sizes=\"auto, (max-width: 300px) 100vw, 300px\" \/><\/a>La jornada incluy\u00f3, adem\u00e1s de la presentaci\u00f3n de los respectivos cuerpos acad\u00e9micos, un completo panorama relacionado con los principales aspectos de la vida universitaria, derechos y obligaciones que cada estudiante debe cumplir durante su proceso de formaci\u00f3n profesional y la socializaci\u00f3n del calendario de las actividades de los pr\u00f3ximos d\u00edas contempladas en el proceso de inducci\u00f3n.<\/p>\n<p style=\"text-align: justify\"><strong>Manuel Chamorro Torres, decano de la Facultad de Arte,<\/strong> expres\u00f3 su satisfacci\u00f3n por la gran cantidad de estudiantes que llegaron este 2023 a la UPLA. \u201cAgradecemos a las y los j\u00f3venes por escoger nuestra universidad de entre todas las casas de estudios del pa\u00eds. Decirles que en la Facultad de Arte encontrar\u00e1n docentes preparados para ayudar, aconsejar y orientar a quien lo necesite, por lo tanto, creemos que est\u00e1n dadas todas las condiciones para que puedan transitar exitosamente sus estudios\u201d.<\/p>\n<p style=\"text-align: justify\"><a href=\"https:\/\/www.upla.cl\/noticias\/wp-content\/uploads\/2023\/03\/Dibujante1.jpg\"><img loading=\"lazy\" decoding=\"async\" class=\"alignright size-medium wp-image-157118\" src=\"https:\/\/www.upla.cl\/noticias\/wp-content\/uploads\/2023\/03\/Dibujante1-300x199.jpg\" alt=\"\" width=\"300\" height=\"199\" srcset=\"https:\/\/upla.cl\/noticias\/wp-content\/uploads\/2023\/03\/Dibujante1-300x199.jpg 300w, https:\/\/upla.cl\/noticias\/wp-content\/uploads\/2023\/03\/Dibujante1-310x205.jpg 310w, https:\/\/upla.cl\/noticias\/wp-content\/uploads\/2023\/03\/Dibujante1.jpg 640w\" sizes=\"auto, (max-width: 300px) 100vw, 300px\" \/><\/a>\u201cHoy (lunes 13 de marzo) los recibimos con el coraz\u00f3n abierto y esperamos que se sientan gratos, porque tenemos una bonita Facultad, bonitos espacios y un cuerpo acad\u00e9mico muy comprometido. Desde el rector, incluyendo profesoras, profesores, profesionales y auxiliares estamos esperanzados de que las y los alumnos se sientan gratos y bien recibidos\u201d, concluy\u00f3.<\/p>\n<p style=\"text-align: justify\"><strong><a href=\"https:\/\/www.upla.cl\/noticias\/wp-content\/uploads\/2023\/03\/Nicolas-Molina-1.jpg\"><img loading=\"lazy\" decoding=\"async\" class=\"alignleft size-medium wp-image-157112\" src=\"https:\/\/www.upla.cl\/noticias\/wp-content\/uploads\/2023\/03\/Nicolas-Molina-1-300x219.jpg\" alt=\"\" width=\"300\" height=\"219\" srcset=\"https:\/\/upla.cl\/noticias\/wp-content\/uploads\/2023\/03\/Nicolas-Molina-1-300x219.jpg 300w, https:\/\/upla.cl\/noticias\/wp-content\/uploads\/2023\/03\/Nicolas-Molina-1.jpg 640w\" sizes=\"auto, (max-width: 300px) 100vw, 300px\" \/><\/a>Nicol\u00e1s Molina, estudiante de Licenciatura en Arte,<\/strong> dijo que \u201ces muy agradable estar ac\u00e1, siento que es un lugar muy amigable. Creo que cumple mis expectativas para desarrollarme en esta carrera porque desde peque\u00f1o me apasiona todo lo que es dibujar, pintar y qu\u00e9 mejor que entrar a Licenciatura en Arte y conocer y aprender a manejar todo lo relacionado con la materialidad\u201d.<\/p>\n<p style=\"text-align: justify\">\u201cIngres\u00e9 a esta carrera porque creo que cumple con todos los requisitos que busco. S\u00e9 que cuenta con talleres espec\u00edficos para formarse en lo art\u00edstico, s\u00e9 que cuenta con muy buenos docentes y porque adem\u00e1s es el lugar m\u00e1s cercano, tomando en cuenta que soy de Quillota\u201d, plante\u00f3.<\/p>\n<p style=\"text-align: justify\"><strong><a href=\"https:\/\/www.upla.cl\/noticias\/wp-content\/uploads\/2023\/03\/Natalia-Ricarte.jpg\"><img loading=\"lazy\" decoding=\"async\" class=\"alignleft size-medium wp-image-157113\" src=\"https:\/\/www.upla.cl\/noticias\/wp-content\/uploads\/2023\/03\/Natalia-Ricarte-300x222.jpg\" alt=\"\" width=\"300\" height=\"222\" srcset=\"https:\/\/upla.cl\/noticias\/wp-content\/uploads\/2023\/03\/Natalia-Ricarte-300x222.jpg 300w, https:\/\/upla.cl\/noticias\/wp-content\/uploads\/2023\/03\/Natalia-Ricarte.jpg 640w\" sizes=\"auto, (max-width: 300px) 100vw, 300px\" \/><\/a>Natalia Ricarte Lepe, oriunda de Nogales, explic\u00f3 que entr\u00f3 a estudiar Teatro en la Facultad de Arte<\/strong> porque es una carrera que cuenta con mayor desarrollo art\u00edstico, comparado con otras universidades. \u201cSiento que la UPLA es mucho m\u00e1s comunitaria, m\u00e1s humana y m\u00e1s pedag\u00f3gica en su formaci\u00f3n, aspectos que me interesan mucho para en un futuro poder generar talleres o impartir clases\u201d.<\/p>\n<p style=\"text-align: justify\">\u201cEste primer d\u00eda fue interesante, me gust\u00f3 mucho la din\u00e1mica que se gener\u00f3 en las primeras clases que hemos tenido. Me gust\u00f3 como se presentaron los profesores y como se interiorizaron de nuestras inquietudes y puntos de vista, en definitiva ellos se hicieron un panorama general de todas y todos los estudiantes que ingresamos a la universidad\u201d, agreg\u00f3.<\/p>\n<p style=\"text-align: justify\">En total fueron 149 las y los estudiantes que ingresaron a la Facultad de Arte y que formar\u00e1n parte de los primeros cursos del a\u00f1o acad\u00e9mico 2023. De ellos 11 pertenecen a Dibujante Proyectista, 30 a Dise\u00f1o, 52 a Licenciatura en Arte, 35 a Pedagog\u00eda en Educaci\u00f3n Musical y 21 a Teatro.<\/p>\n<p style=\"text-align: right\">(Rafael Aucap\u00e1n M., periodista Facultad de Arte)<\/p>\n<div id='gallery-1' class='gallery galleryid-157111 gallery-columns-3 gallery-size-medium'><figure class='gallery-item'>\n\t\t\t<div class='gallery-icon landscape'>\n\t\t\t\t<a href='https:\/\/upla.cl\/noticias\/wp-content\/uploads\/2023\/03\/Teatro3.jpg'><img loading=\"lazy\" decoding=\"async\" width=\"300\" height=\"199\" src=\"https:\/\/upla.cl\/noticias\/wp-content\/uploads\/2023\/03\/Teatro3-300x199.jpg\" class=\"attachment-medium size-medium\" alt=\"\" srcset=\"https:\/\/upla.cl\/noticias\/wp-content\/uploads\/2023\/03\/Teatro3-300x199.jpg 300w, https:\/\/upla.cl\/noticias\/wp-content\/uploads\/2023\/03\/Teatro3-310x205.jpg 310w, https:\/\/upla.cl\/noticias\/wp-content\/uploads\/2023\/03\/Teatro3.jpg 640w\" sizes=\"auto, (max-width: 300px) 100vw, 300px\" \/><\/a>\n\t\t\t<\/div><\/figure><figure class='gallery-item'>\n\t\t\t<div class='gallery-icon landscape'>\n\t\t\t\t<a href='https:\/\/upla.cl\/noticias\/wp-content\/uploads\/2023\/03\/Teatro2.jpg'><img loading=\"lazy\" decoding=\"async\" width=\"300\" height=\"199\" src=\"https:\/\/upla.cl\/noticias\/wp-content\/uploads\/2023\/03\/Teatro2-300x199.jpg\" class=\"attachment-medium size-medium\" alt=\"\" srcset=\"https:\/\/upla.cl\/noticias\/wp-content\/uploads\/2023\/03\/Teatro2-300x199.jpg 300w, https:\/\/upla.cl\/noticias\/wp-content\/uploads\/2023\/03\/Teatro2-310x205.jpg 310w, https:\/\/upla.cl\/noticias\/wp-content\/uploads\/2023\/03\/Teatro2.jpg 640w\" sizes=\"auto, (max-width: 300px) 100vw, 300px\" \/><\/a>\n\t\t\t<\/div><\/figure><figure class='gallery-item'>\n\t\t\t<div class='gallery-icon landscape'>\n\t\t\t\t<a href='https:\/\/upla.cl\/noticias\/wp-content\/uploads\/2023\/03\/Musica3.jpg'><img loading=\"lazy\" decoding=\"async\" width=\"300\" height=\"199\" src=\"https:\/\/upla.cl\/noticias\/wp-content\/uploads\/2023\/03\/Musica3-300x199.jpg\" class=\"attachment-medium size-medium\" alt=\"\" srcset=\"https:\/\/upla.cl\/noticias\/wp-content\/uploads\/2023\/03\/Musica3-300x199.jpg 300w, https:\/\/upla.cl\/noticias\/wp-content\/uploads\/2023\/03\/Musica3-310x205.jpg 310w, https:\/\/upla.cl\/noticias\/wp-content\/uploads\/2023\/03\/Musica3.jpg 640w\" sizes=\"auto, (max-width: 300px) 100vw, 300px\" \/><\/a>\n\t\t\t<\/div><\/figure><figure class='gallery-item'>\n\t\t\t<div class='gallery-icon landscape'>\n\t\t\t\t<a href='https:\/\/upla.cl\/noticias\/wp-content\/uploads\/2023\/03\/Teatro1.jpg'><img loading=\"lazy\" decoding=\"async\" width=\"300\" height=\"199\" src=\"https:\/\/upla.cl\/noticias\/wp-content\/uploads\/2023\/03\/Teatro1-300x199.jpg\" class=\"attachment-medium size-medium\" alt=\"\" srcset=\"https:\/\/upla.cl\/noticias\/wp-content\/uploads\/2023\/03\/Teatro1-300x199.jpg 300w, https:\/\/upla.cl\/noticias\/wp-content\/uploads\/2023\/03\/Teatro1-310x205.jpg 310w, https:\/\/upla.cl\/noticias\/wp-content\/uploads\/2023\/03\/Teatro1.jpg 640w\" sizes=\"auto, (max-width: 300px) 100vw, 300px\" \/><\/a>\n\t\t\t<\/div><\/figure><figure class='gallery-item'>\n\t\t\t<div class='gallery-icon landscape'>\n\t\t\t\t<a href='https:\/\/upla.cl\/noticias\/wp-content\/uploads\/2023\/03\/Musica2-1.jpg'><img loading=\"lazy\" decoding=\"async\" width=\"300\" height=\"199\" src=\"https:\/\/upla.cl\/noticias\/wp-content\/uploads\/2023\/03\/Musica2-1-300x199.jpg\" class=\"attachment-medium size-medium\" alt=\"\" srcset=\"https:\/\/upla.cl\/noticias\/wp-content\/uploads\/2023\/03\/Musica2-1-300x199.jpg 300w, https:\/\/upla.cl\/noticias\/wp-content\/uploads\/2023\/03\/Musica2-1-310x205.jpg 310w, https:\/\/upla.cl\/noticias\/wp-content\/uploads\/2023\/03\/Musica2-1.jpg 640w\" sizes=\"auto, (max-width: 300px) 100vw, 300px\" \/><\/a>\n\t\t\t<\/div><\/figure><figure class='gallery-item'>\n\t\t\t<div class='gallery-icon landscape'>\n\t\t\t\t<a href='https:\/\/upla.cl\/noticias\/wp-content\/uploads\/2023\/03\/Diseno3.jpg'><img loading=\"lazy\" decoding=\"async\" width=\"300\" height=\"199\" src=\"https:\/\/upla.cl\/noticias\/wp-content\/uploads\/2023\/03\/Diseno3-300x199.jpg\" class=\"attachment-medium size-medium\" alt=\"\" srcset=\"https:\/\/upla.cl\/noticias\/wp-content\/uploads\/2023\/03\/Diseno3-300x199.jpg 300w, https:\/\/upla.cl\/noticias\/wp-content\/uploads\/2023\/03\/Diseno3-310x205.jpg 310w, https:\/\/upla.cl\/noticias\/wp-content\/uploads\/2023\/03\/Diseno3.jpg 640w\" sizes=\"auto, (max-width: 300px) 100vw, 300px\" \/><\/a>\n\t\t\t<\/div><\/figure><figure class='gallery-item'>\n\t\t\t<div class='gallery-icon landscape'>\n\t\t\t\t<a href='https:\/\/upla.cl\/noticias\/wp-content\/uploads\/2023\/03\/LicArte3.jpg'><img loading=\"lazy\" decoding=\"async\" width=\"300\" height=\"199\" src=\"https:\/\/upla.cl\/noticias\/wp-content\/uploads\/2023\/03\/LicArte3-300x199.jpg\" class=\"attachment-medium size-medium\" alt=\"\" srcset=\"https:\/\/upla.cl\/noticias\/wp-content\/uploads\/2023\/03\/LicArte3-300x199.jpg 300w, https:\/\/upla.cl\/noticias\/wp-content\/uploads\/2023\/03\/LicArte3-310x205.jpg 310w, https:\/\/upla.cl\/noticias\/wp-content\/uploads\/2023\/03\/LicArte3.jpg 640w\" sizes=\"auto, (max-width: 300px) 100vw, 300px\" \/><\/a>\n\t\t\t<\/div><\/figure><figure class='gallery-item'>\n\t\t\t<div class='gallery-icon landscape'>\n\t\t\t\t<a href='https:\/\/upla.cl\/noticias\/wp-content\/uploads\/2023\/03\/LicArte2.jpg'><img loading=\"lazy\" decoding=\"async\" width=\"300\" height=\"199\" src=\"https:\/\/upla.cl\/noticias\/wp-content\/uploads\/2023\/03\/LicArte2-300x199.jpg\" class=\"attachment-medium size-medium\" alt=\"\" srcset=\"https:\/\/upla.cl\/noticias\/wp-content\/uploads\/2023\/03\/LicArte2-300x199.jpg 300w, https:\/\/upla.cl\/noticias\/wp-content\/uploads\/2023\/03\/LicArte2-310x205.jpg 310w, https:\/\/upla.cl\/noticias\/wp-content\/uploads\/2023\/03\/LicArte2.jpg 640w\" sizes=\"auto, (max-width: 300px) 100vw, 300px\" \/><\/a>\n\t\t\t<\/div><\/figure><figure class='gallery-item'>\n\t\t\t<div class='gallery-icon landscape'>\n\t\t\t\t<a href='https:\/\/upla.cl\/noticias\/wp-content\/uploads\/2023\/03\/Musica1.jpg'><img loading=\"lazy\" decoding=\"async\" width=\"300\" height=\"199\" src=\"https:\/\/upla.cl\/noticias\/wp-content\/uploads\/2023\/03\/Musica1-300x199.jpg\" class=\"attachment-medium size-medium\" alt=\"\" srcset=\"https:\/\/upla.cl\/noticias\/wp-content\/uploads\/2023\/03\/Musica1-300x199.jpg 300w, https:\/\/upla.cl\/noticias\/wp-content\/uploads\/2023\/03\/Musica1-310x205.jpg 310w, https:\/\/upla.cl\/noticias\/wp-content\/uploads\/2023\/03\/Musica1.jpg 640w\" sizes=\"auto, (max-width: 300px) 100vw, 300px\" \/><\/a>\n\t\t\t<\/div><\/figure><figure class='gallery-item'>\n\t\t\t<div class='gallery-icon landscape'>\n\t\t\t\t<a href='https:\/\/upla.cl\/noticias\/wp-content\/uploads\/2023\/03\/Dibujante2.jpg'><img loading=\"lazy\" decoding=\"async\" width=\"300\" height=\"199\" src=\"https:\/\/upla.cl\/noticias\/wp-content\/uploads\/2023\/03\/Dibujante2-300x199.jpg\" class=\"attachment-medium size-medium\" alt=\"\" srcset=\"https:\/\/upla.cl\/noticias\/wp-content\/uploads\/2023\/03\/Dibujante2-300x199.jpg 300w, https:\/\/upla.cl\/noticias\/wp-content\/uploads\/2023\/03\/Dibujante2-310x205.jpg 310w, https:\/\/upla.cl\/noticias\/wp-content\/uploads\/2023\/03\/Dibujante2.jpg 640w\" sizes=\"auto, (max-width: 300px) 100vw, 300px\" \/><\/a>\n\t\t\t<\/div><\/figure><figure class='gallery-item'>\n\t\t\t<div class='gallery-icon landscape'>\n\t\t\t\t<a href='https:\/\/upla.cl\/noticias\/wp-content\/uploads\/2023\/03\/Dibujante3.jpg'><img loading=\"lazy\" decoding=\"async\" width=\"300\" height=\"192\" src=\"https:\/\/upla.cl\/noticias\/wp-content\/uploads\/2023\/03\/Dibujante3-300x192.jpg\" class=\"attachment-medium size-medium\" alt=\"\" srcset=\"https:\/\/upla.cl\/noticias\/wp-content\/uploads\/2023\/03\/Dibujante3-300x192.jpg 300w, https:\/\/upla.cl\/noticias\/wp-content\/uploads\/2023\/03\/Dibujante3.jpg 640w\" sizes=\"auto, (max-width: 300px) 100vw, 300px\" \/><\/a>\n\t\t\t<\/div><\/figure><figure class='gallery-item'>\n\t\t\t<div class='gallery-icon landscape'>\n\t\t\t\t<a href='https:\/\/upla.cl\/noticias\/wp-content\/uploads\/2023\/03\/Diseno2.jpg'><img loading=\"lazy\" decoding=\"async\" width=\"300\" height=\"199\" src=\"https:\/\/upla.cl\/noticias\/wp-content\/uploads\/2023\/03\/Diseno2-300x199.jpg\" class=\"attachment-medium size-medium\" alt=\"\" srcset=\"https:\/\/upla.cl\/noticias\/wp-content\/uploads\/2023\/03\/Diseno2-300x199.jpg 300w, https:\/\/upla.cl\/noticias\/wp-content\/uploads\/2023\/03\/Diseno2-310x205.jpg 310w, https:\/\/upla.cl\/noticias\/wp-content\/uploads\/2023\/03\/Diseno2.jpg 640w\" sizes=\"auto, (max-width: 300px) 100vw, 300px\" \/><\/a>\n\t\t\t<\/div><\/figure>\n\t\t<\/div>\n\n","protected":false},"excerpt":{"rendered":"<p>Las actividades de bienvenidas, lideradas por los directores de carreras y cuerpo acad\u00e9mico, se centraron en los principales aspectos de la vida universitaria y en los derechos y obligaciones que debe cumplir cada estudiante de pregrado.<\/p>\n","protected":false},"author":11,"featured_media":157117,"comment_status":"closed","ping_status":"closed","sticky":false,"template":"","format":"standard","meta":{"footnotes":""},"categories":[51,96,40,97,71,99],"tags":[],"class_list":["post-157111","post","type-post","status-publish","format-standard","has-post-thumbnail","","category-academia","category-academicos","category-destacados","category-estudiantes","category-facultad-de-arte","category-funcionarios"],"_links":{"self":[{"href":"https:\/\/upla.cl\/noticias\/wp-json\/wp\/v2\/posts\/157111","targetHints":{"allow":["GET"]}}],"collection":[{"href":"https:\/\/upla.cl\/noticias\/wp-json\/wp\/v2\/posts"}],"about":[{"href":"https:\/\/upla.cl\/noticias\/wp-json\/wp\/v2\/types\/post"}],"author":[{"embeddable":true,"href":"https:\/\/upla.cl\/noticias\/wp-json\/wp\/v2\/users\/11"}],"replies":[{"embeddable":true,"href":"https:\/\/upla.cl\/noticias\/wp-json\/wp\/v2\/comments?post=157111"}],"version-history":[{"count":0,"href":"https:\/\/upla.cl\/noticias\/wp-json\/wp\/v2\/posts\/157111\/revisions"}],"wp:featuredmedia":[{"embeddable":true,"href":"https:\/\/upla.cl\/noticias\/wp-json\/wp\/v2\/media\/157117"}],"wp:attachment":[{"href":"https:\/\/upla.cl\/noticias\/wp-json\/wp\/v2\/media?parent=157111"}],"wp:term":[{"taxonomy":"category","embeddable":true,"href":"https:\/\/upla.cl\/noticias\/wp-json\/wp\/v2\/categories?post=157111"},{"taxonomy":"post_tag","embeddable":true,"href":"https:\/\/upla.cl\/noticias\/wp-json\/wp\/v2\/tags?post=157111"}],"curies":[{"name":"wp","href":"https:\/\/api.w.org\/{rel}","templated":true}]}}