{"id":157447,"date":"2023-03-27T15:32:59","date_gmt":"2023-03-27T18:32:59","guid":{"rendered":"https:\/\/www.upla.cl\/noticias\/?p=157447"},"modified":"2023-03-27T15:32:59","modified_gmt":"2023-03-27T18:32:59","slug":"estudio-revela-nuevos-antecedentes-sobre-el-impacto-antropico-en-el-estero-el-sauce","status":"publish","type":"post","link":"https:\/\/upla.cl\/noticias\/2023\/03\/27\/estudio-revela-nuevos-antecedentes-sobre-el-impacto-antropico-en-el-estero-el-sauce\/","title":{"rendered":"Estudio revela nuevos antecedentes sobre el impacto antr\u00f3pico en el estero El Sauce"},"content":{"rendered":"<p><a href=\"https:\/\/www.upla.cl\/noticias\/wp-content\/uploads\/2023\/03\/Paper-El-Sauce.jpg\"><img loading=\"lazy\" decoding=\"async\" class=\"aligncenter size-full wp-image-157495\" src=\"https:\/\/www.upla.cl\/noticias\/wp-content\/uploads\/2023\/03\/Paper-El-Sauce.jpg\" alt=\"\" width=\"640\" height=\"427\" srcset=\"https:\/\/upla.cl\/noticias\/wp-content\/uploads\/2023\/03\/Paper-El-Sauce.jpg 640w, https:\/\/upla.cl\/noticias\/wp-content\/uploads\/2023\/03\/Paper-El-Sauce-300x200.jpg 300w\" sizes=\"auto, (max-width: 640px) 100vw, 640px\" \/><\/a>Las zonas costeras son ecosistemas altamente sensibles al cambio clim\u00e1tico y a la contaminaci\u00f3n causada por el hombre. Entre los efectos m\u00e1s comunes, est\u00e1 la p\u00e9rdida potencial de biodiversidad y servicios ecosist\u00e9micos, causada principalmente por desequilibrios en la cantidad de nutrientes presente en los cursos de agua.\u00a0 Una problem\u00e1tica a la que no escapa la cuenca del estero El Sauce, que nace en Placilla y desemboca en Laguna Verde.<\/p>\n<p>Este es el eje central de <a href=\"https:\/\/www.mdpi.com\/2073-4441\/15\/6\/1251\" target=\"_blank\" rel=\"noopener\"><strong>\u201cCambios microbianos y biogeoqu\u00edmicos en un estero con un alto impacto antropog\u00e9nico\u201d<\/strong>,<\/a> un reciente estudio publicado por la revista cient\u00edfica Water, de la editorial Multidisciplinary Digital Publishing Institute (MDPI), en el cual particip\u00f3 un grupo de investigadores del <strong><a href=\"https:\/\/www.hubambientalupla.cl\/\">HUB Ambiental de la Universidad de Playa Ancha<\/a><\/strong>. Se trata de un curso de agua sometido a m\u00faltiples presiones antropog\u00e9nicas, incluyendo la descarga proveniente de plantas de tratamiento de aguas residuales (PTAR), cuyo efecto sigue siendo, en la actualidad, poco explorado.<\/p>\n<p>La <strong>Dra. C\u00e9line Lavergne, una de las coautoras del art\u00edculo cient\u00edfico<\/strong> \u2013junto a los <strong>Dres. Roberto Orellana, Cecilia Rivera, Polette Aguilar y Ver\u00f3nica Molina<\/strong>, todos investigadores del HUB Ambiental UPLA\u2013, explica que la investigaci\u00f3n es absolutamente novedosa considerando que, en primer lugar, no exist\u00eda una descripci\u00f3n de la diversidad microbiana en ese lugar de la regi\u00f3n. Adicionalmente a ello, se evaluaron los efectos de estas descargas, identificando las comunidades microbianas bent\u00f3nicas, es decir, aquellas presentes en el fondo acu\u00e1tico del estero.<\/p>\n<p>Asimismo, determinaron la variabilidad de los grupos funcionales clave dentro de estos microorganismos, que obtienen energ\u00eda produciendo y oxidando metano (metan\u00f3genos y metan\u00f3trofos), u oxidando el amonio (nitrificantes). \u201cEl agua residual que recibe una planta de tratamiento viene cargada de materia org\u00e1nica, la cual en su \u00faltima fase de descomposici\u00f3n produce metano, que es el que tiene mayor capacidad de incidir en el calentamiento global, 25 veces m\u00e1s que el di\u00f3xido de carbono\u201d, recalca la investigadora.<\/p>\n<p><strong>Particular distribuci\u00f3n de los microorganismos<\/strong><\/p>\n<p><a href=\"https:\/\/www.upla.cl\/noticias\/wp-content\/uploads\/2023\/03\/Paper-El-Sauce2.jpg\"><img loading=\"lazy\" decoding=\"async\" class=\"alignright size-medium wp-image-157494\" src=\"https:\/\/www.upla.cl\/noticias\/wp-content\/uploads\/2023\/03\/Paper-El-Sauce2-300x200.jpg\" alt=\"\" width=\"300\" height=\"200\" srcset=\"https:\/\/upla.cl\/noticias\/wp-content\/uploads\/2023\/03\/Paper-El-Sauce2-300x200.jpg 300w, https:\/\/upla.cl\/noticias\/wp-content\/uploads\/2023\/03\/Paper-El-Sauce2.jpg 640w\" sizes=\"auto, (max-width: 300px) 100vw, 300px\" \/><\/a>Es por ello que los resultados de la investigaci\u00f3n \u2013que tambi\u00e9n tuvo entre sus autores a la <strong>Dra. Marcela Cornejo (PUCV)<\/strong>, la <strong>Dra. Carla Acu\u00f1a (UdeC)<\/strong> y al <strong>Dr. Francisco Pozo<\/strong>, recientemente <strong>egresado del Programa de Doctorado Interdisciplinario en Ciencias Ambientales de la Facultad de Ciencias Naturales y Exactas de la UPLA<\/strong>\u2013 no son alentadores. \u201cSi llega una descarga a un afluente, pero a una temperatura mayor a la adecuada, el r\u00edo tambi\u00e9n empieza a incrementar su temperatura y eso activa, a su vez, a ciertos microorganismos, que empiezan a producir gases como el metano, el cual encontramos en gran cantidad, disuelto en el sedimento del estero, en el marco de este estudio\u201d, detalla la Dra. Lavergne, acotando que se elaboraron perfiles estructurales de las comunidades microbianas que se vinculaban a la calidad del agua, los nutrientes, la distribuci\u00f3n de gases de efecto invernadero (GEI) y las firmas isot\u00f3picas de la materia org\u00e1nica en los sedimentos.<\/p>\n<p>La investigaci\u00f3n se llev\u00f3 a cabo durante dos estaciones contrastadas, invierno y verano, y en tres zonas de captaci\u00f3n: antes del vertido de la PTAR, inmediatamente despu\u00e9s de \u00e9l y, luego, en una amplia \u00e1rea ubicada m\u00e1s abajo dentro del curso de agua.<\/p>\n<figure id=\"attachment_134967\" aria-describedby=\"caption-attachment-134967\" style=\"width: 300px\" class=\"wp-caption alignright\"><a href=\"https:\/\/www.upla.cl\/noticias\/wp-content\/uploads\/2020\/07\/Celine_Lavergne_web.jpg\"><img loading=\"lazy\" decoding=\"async\" class=\"size-medium wp-image-134967\" src=\"https:\/\/www.upla.cl\/noticias\/wp-content\/uploads\/2020\/07\/Celine_Lavergne_web-300x207.jpg\" alt=\"\" width=\"300\" height=\"207\" srcset=\"https:\/\/upla.cl\/noticias\/wp-content\/uploads\/2020\/07\/Celine_Lavergne_web-300x207.jpg 300w, https:\/\/upla.cl\/noticias\/wp-content\/uploads\/2020\/07\/Celine_Lavergne_web-110x75.jpg 110w, https:\/\/upla.cl\/noticias\/wp-content\/uploads\/2020\/07\/Celine_Lavergne_web.jpg 640w\" sizes=\"auto, (max-width: 300px) 100vw, 300px\" \/><\/a><figcaption id=\"caption-attachment-134967\" class=\"wp-caption-text\">Dra. C\u00e9line Lavergne.<\/figcaption><\/figure>\n<p>\u201cObservamos una distribuci\u00f3n bastante particular de los microorganismos en esta mini-cuenca, con diferencias acentuadas entre ambas estaciones, muy influenciada por la descarga y, adem\u00e1s, por la megasequ\u00eda que actualmente nos afecta\u201d, afirma la investigadora UPLA. \u201cEn el Valle del Aconcagua, por ejemplo, existen m\u00e1s PTAR, pero tambi\u00e9n hay mayor caudal de agua, que permite diluir mejor las descargas, entonces la contribuci\u00f3n que hace la planta con su vertido en El Sauce es bastante relevante a la hora de analizar nuestros resultados, que son claros al comprobar que, exactamente en la zona de descarga de la PTAR, encontramos nutrientes en muy baja concentraci\u00f3n y una presencia de GEI significativamente mayor, as\u00ed como tambi\u00e9n microorganismos que se asocian a plantas de tratamientos y al microbioma humano\u201d.<\/p>\n","protected":false},"excerpt":{"rendered":"<p>La investigaci\u00f3n tiene entre sus coautores a varios cient\u00edficos del HUB Ambiental y sus resultados dan cuenta de c\u00f3mo los vertidos de las plantas de tratamiento afectan a las comunidades microbianas presentes en este curso de agua de la regi\u00f3n de Valpara\u00edso, incrementando a su vez los gases de efecto invernadero.<\/p>\n","protected":false},"author":10,"featured_media":157495,"comment_status":"closed","ping_status":"closed","sticky":false,"template":"","format":"standard","meta":{"footnotes":""},"categories":[51,96,40,43,91],"tags":[196],"class_list":["post-157447","post","type-post","status-publish","format-standard","has-post-thumbnail","","category-academia","category-academicos","category-destacados","category-investigacion","category-vinculacion-con-el-medio","tag-hub-ambiental"],"_links":{"self":[{"href":"https:\/\/upla.cl\/noticias\/wp-json\/wp\/v2\/posts\/157447","targetHints":{"allow":["GET"]}}],"collection":[{"href":"https:\/\/upla.cl\/noticias\/wp-json\/wp\/v2\/posts"}],"about":[{"href":"https:\/\/upla.cl\/noticias\/wp-json\/wp\/v2\/types\/post"}],"author":[{"embeddable":true,"href":"https:\/\/upla.cl\/noticias\/wp-json\/wp\/v2\/users\/10"}],"replies":[{"embeddable":true,"href":"https:\/\/upla.cl\/noticias\/wp-json\/wp\/v2\/comments?post=157447"}],"version-history":[{"count":0,"href":"https:\/\/upla.cl\/noticias\/wp-json\/wp\/v2\/posts\/157447\/revisions"}],"wp:featuredmedia":[{"embeddable":true,"href":"https:\/\/upla.cl\/noticias\/wp-json\/wp\/v2\/media\/157495"}],"wp:attachment":[{"href":"https:\/\/upla.cl\/noticias\/wp-json\/wp\/v2\/media?parent=157447"}],"wp:term":[{"taxonomy":"category","embeddable":true,"href":"https:\/\/upla.cl\/noticias\/wp-json\/wp\/v2\/categories?post=157447"},{"taxonomy":"post_tag","embeddable":true,"href":"https:\/\/upla.cl\/noticias\/wp-json\/wp\/v2\/tags?post=157447"}],"curies":[{"name":"wp","href":"https:\/\/api.w.org\/{rel}","templated":true}]}}