{"id":157559,"date":"2023-03-28T15:00:33","date_gmt":"2023-03-28T18:00:33","guid":{"rendered":"https:\/\/www.upla.cl\/noticias\/?p=157559"},"modified":"2023-03-28T16:46:52","modified_gmt":"2023-03-28T19:46:52","slug":"solo-el-5-por-ciento-de-las-enfermedades-profesionales-relacionadas-con-la-voz-son-informadas","status":"publish","type":"post","link":"https:\/\/upla.cl\/noticias\/2023\/03\/28\/solo-el-5-por-ciento-de-las-enfermedades-profesionales-relacionadas-con-la-voz-son-informadas\/","title":{"rendered":"Solo el 5 por ciento de las enfermedades profesionales relacionadas con la voz son informadas"},"content":{"rendered":"<p style=\"text-align: justify\"><a href=\"https:\/\/www.upla.cl\/noticias\/wp-content\/uploads\/2022\/04\/Laboratorio-de-La-Voz.jpg\"><img loading=\"lazy\" decoding=\"async\" class=\"aligncenter size-full wp-image-147793\" src=\"https:\/\/www.upla.cl\/noticias\/wp-content\/uploads\/2022\/04\/Laboratorio-de-La-Voz.jpg\" alt=\"\" width=\"640\" height=\"428\" srcset=\"https:\/\/upla.cl\/noticias\/wp-content\/uploads\/2022\/04\/Laboratorio-de-La-Voz.jpg 640w, https:\/\/upla.cl\/noticias\/wp-content\/uploads\/2022\/04\/Laboratorio-de-La-Voz-300x201.jpg 300w, https:\/\/upla.cl\/noticias\/wp-content\/uploads\/2022\/04\/Laboratorio-de-La-Voz-110x75.jpg 110w\" sizes=\"auto, (max-width: 640px) 100vw, 640px\" \/><\/a>Resfriado, dolor de garganta o simple disfon\u00eda son los s\u00edntomas que se atribuyen cuando se tiene un problema en el uso de la voz. No obstante, muchas personas ignoran que pueden estar ante una enfermedad profesional, a la que se debe poner mucha atenci\u00f3n y cuidado.<\/p>\n<p style=\"text-align: justify\">Este fue uno de los principales aspectos que fueron tratados en el <strong>seminario- taller \u201cEducaci\u00f3n en el Uso de la Voz\u201d<\/strong> realizado por la <strong>Universidad de Playa Ancha y el Instituto de Seguridad Laboral<\/strong>, <strong>ISL,<\/strong>\u00a0 para visibilizar este problema y entregar orientaciones preventivas, especialmente a profesores y a estudiantes que trabajar\u00e1n sometiendo su voz a un gran estr\u00e9s.<\/p>\n<p style=\"text-align: justify\"><strong><a href=\"https:\/\/www.upla.cl\/noticias\/wp-content\/uploads\/2023\/03\/Maycol_Gomez_Director_ISL-1.jpg\"><img loading=\"lazy\" decoding=\"async\" class=\"alignleft size-medium wp-image-157562\" src=\"https:\/\/www.upla.cl\/noticias\/wp-content\/uploads\/2023\/03\/Maycol_Gomez_Director_ISL-1-300x200.jpg\" alt=\"\" width=\"300\" height=\"200\" srcset=\"https:\/\/upla.cl\/noticias\/wp-content\/uploads\/2023\/03\/Maycol_Gomez_Director_ISL-1-300x200.jpg 300w, https:\/\/upla.cl\/noticias\/wp-content\/uploads\/2023\/03\/Maycol_Gomez_Director_ISL-1.jpg 645w\" sizes=\"auto, (max-width: 300px) 100vw, 300px\" \/><\/a>Maycol G\u00f3mez Vergara, Director Regional del Instituto de Seguridad Laboral<\/strong>, dijo que se han desarrollado distintas acciones tiene que ver con el \u00e1mbito de la seguridad y la salud en el trabajo, tanto para profesores como tambi\u00e9n para estudiantes y otras profesionales que trabajan con la voz. Es un tema que se debe visibilizar, agreg\u00f3 la autoridad, pues quienes lo padecen tienden a no denunciarlas, ya que no lo asocian con una enfermedad: \u201cComo es un tema tan desconocido y los trabajadores y trabajadoras que son profesionales de la voz, en este caso profesores, por poner un ejemplo, no denuncian este tipo de cosas como enfermedades de la voz, lo asumen a prop\u00f3sito de que pueden estar resfriados, que pueden tener una disfon\u00eda, que pueden estar padeciendo otro tipo de cosas, y no precisamente una enfermedad de la voz\u201d.<\/p>\n<p style=\"text-align: justify\"><strong>La fonoaudi\u00f3loga, Paulina Zabala Olivares, acad\u00e9mica de la Facultad de Ciencias de la Salud de la UPLA,<\/strong> fue la profesional encargada de impartir el taller, y asegur\u00f3 que cuando las personas pierden la voz, reci\u00e9n se dan cuenta de la importancia que tiene, pues la disfon\u00eda, por ejemplo, hace perder el campo din\u00e1mico vocal, es decir, c\u00f3mo se mueve la voz y con una disfon\u00eda o ronquera, se pierde flexibilidad y, al perder flexibilidad, se pierden todos los matices emocionales.<\/p>\n<p style=\"text-align: justify\"><a href=\"https:\/\/www.upla.cl\/noticias\/wp-content\/uploads\/2023\/03\/Paulina_Zabala_Charla_ISL_UPLA-3.jpg\"><img loading=\"lazy\" decoding=\"async\" class=\"alignright size-medium wp-image-157563\" src=\"https:\/\/www.upla.cl\/noticias\/wp-content\/uploads\/2023\/03\/Paulina_Zabala_Charla_ISL_UPLA-3-300x200.jpg\" alt=\"\" width=\"300\" height=\"200\" srcset=\"https:\/\/upla.cl\/noticias\/wp-content\/uploads\/2023\/03\/Paulina_Zabala_Charla_ISL_UPLA-3-300x200.jpg 300w, https:\/\/upla.cl\/noticias\/wp-content\/uploads\/2023\/03\/Paulina_Zabala_Charla_ISL_UPLA-3.jpg 645w\" sizes=\"auto, (max-width: 300px) 100vw, 300px\" \/><\/a>La profesional coment\u00f3 que una persona con buenos h\u00e1bitos y con un estado de salud normal puede usar toda la vida su voz sin problemas, pero no es lo usual en nuestro pa\u00eds: \u201cEn Chile, hay mucha enfermedad gastrointestinal que tiende a provocar reflujo, mucha de la poblaci\u00f3n que nosotros vemos tiene reflujo y eso es un gran desencadenante de disfon\u00eda en profesionales de la voz, porque adem\u00e1s los horarios de comida son extra\u00f1os. Finalmente, la gente llega a comer su comida m\u00e1s grande, al final del d\u00eda y despu\u00e9s se acuesta y despierta muy ronco porque estuvo toda la noche con reflujo en las cuerdas vocales\u201d.<\/p>\n<p style=\"text-align: justify\">Para entrenar una voz profesional, agreg\u00f3, se debe hacer un reacondicionamiento muscular o reeducaci\u00f3n muscular no demora m\u00e1s de ocho semanas, y se pueden obtener cambios rotundos que aportar\u00e1n tanto a la vida misma como tambi\u00e9n al trabajo.<\/p>\n<p style=\"text-align: justify\"><a href=\"https:\/\/www.upla.cl\/noticias\/wp-content\/uploads\/2019\/09\/Voz-de-pito.jpg\"><img loading=\"lazy\" decoding=\"async\" class=\"alignleft wp-image-129361 size-medium\" src=\"https:\/\/www.upla.cl\/noticias\/wp-content\/uploads\/2019\/09\/Voz-de-pito-300x200.jpg\" alt=\"\" width=\"300\" height=\"200\" srcset=\"https:\/\/upla.cl\/noticias\/wp-content\/uploads\/2019\/09\/Voz-de-pito-300x200.jpg 300w, https:\/\/upla.cl\/noticias\/wp-content\/uploads\/2019\/09\/Voz-de-pito.jpg 640w\" sizes=\"auto, (max-width: 300px) 100vw, 300px\" \/><\/a>\u201cY nosotros, los fonoaudi\u00f3logos del \u00e1rea de la voz nos preocupamos de eso, de hecho, nuestras terapias est\u00e1n direccionadas desde la fisiolog\u00eda del ejercicio y entrenamos m\u00fasculos, aparte de entrenar todo lo que tiene que ver con la articulaci\u00f3n, la oratoria, en fin y otras habilidades comunicativas\u201d, explic\u00f3 la especialista.<\/p>\n<p style=\"text-align: justify\">El Director del ISL inform\u00f3 que las enfermedades asociadas al uso repetitivo de la voz tienen un nivel de denuncia muy bajo, que no alcanza a un 5 por ciento del total, lo cual es muy preocupante, finaliz\u00f3.<\/p>\n","protected":false},"excerpt":{"rendered":"<p>Universidad de Playa Ancha e Instituto de Seguridad Laboral realizan seminario sobre el uso de la voz y la importancia de su cuidado en el \u00e1mbito del trabajo. <\/p>\n","protected":false},"author":11,"featured_media":147796,"comment_status":"closed","ping_status":"closed","sticky":false,"template":"","format":"standard","meta":{"footnotes":""},"categories":[51,96,60,61,40,69,97,71,72,73,74,75,77,99,91],"tags":[],"class_list":["post-157559","post","type-post","status-publish","format-standard","has-post-thumbnail","","category-academia","category-academicos","category-campus-san-felipe","category-carreras-vespertinas","category-destacados","category-egresados","category-estudiantes","category-facultad-de-arte","category-facultad-de-ciencias-actividad-fisica-y-deporte","category-facultad-de-ciencias-de-la-educacion","category-facultad-de-ciencias-de-la-salud","category-facultad-de-ciencias-naturales-y-exactas","category-facultad-de-humanidades","category-funcionarios","category-vinculacion-con-el-medio"],"_links":{"self":[{"href":"https:\/\/upla.cl\/noticias\/wp-json\/wp\/v2\/posts\/157559","targetHints":{"allow":["GET"]}}],"collection":[{"href":"https:\/\/upla.cl\/noticias\/wp-json\/wp\/v2\/posts"}],"about":[{"href":"https:\/\/upla.cl\/noticias\/wp-json\/wp\/v2\/types\/post"}],"author":[{"embeddable":true,"href":"https:\/\/upla.cl\/noticias\/wp-json\/wp\/v2\/users\/11"}],"replies":[{"embeddable":true,"href":"https:\/\/upla.cl\/noticias\/wp-json\/wp\/v2\/comments?post=157559"}],"version-history":[{"count":0,"href":"https:\/\/upla.cl\/noticias\/wp-json\/wp\/v2\/posts\/157559\/revisions"}],"wp:featuredmedia":[{"embeddable":true,"href":"https:\/\/upla.cl\/noticias\/wp-json\/wp\/v2\/media\/147796"}],"wp:attachment":[{"href":"https:\/\/upla.cl\/noticias\/wp-json\/wp\/v2\/media?parent=157559"}],"wp:term":[{"taxonomy":"category","embeddable":true,"href":"https:\/\/upla.cl\/noticias\/wp-json\/wp\/v2\/categories?post=157559"},{"taxonomy":"post_tag","embeddable":true,"href":"https:\/\/upla.cl\/noticias\/wp-json\/wp\/v2\/tags?post=157559"}],"curies":[{"name":"wp","href":"https:\/\/api.w.org\/{rel}","templated":true}]}}