{"id":158514,"date":"2023-04-24T16:59:19","date_gmt":"2023-04-24T20:59:19","guid":{"rendered":"https:\/\/www.upla.cl\/noticias\/?p=158514"},"modified":"2023-04-25T11:07:15","modified_gmt":"2023-04-25T15:07:15","slug":"emotiva-presentacion-del-arquitecto-miguel-lawner-en-el-aula-dr-felix-morale-pettorino","status":"publish","type":"post","link":"https:\/\/upla.cl\/noticias\/2023\/04\/24\/emotiva-presentacion-del-arquitecto-miguel-lawner-en-el-aula-dr-felix-morale-pettorino\/","title":{"rendered":"Emotiva presentaci\u00f3n del arquitecto Miguel Lawner en el Aula Dr. F\u00e9lix Morales Pettorino"},"content":{"rendered":"<p><a href=\"https:\/\/www.upla.cl\/noticias\/wp-content\/uploads\/2023\/04\/Exposicion-2.jpg\"><img loading=\"lazy\" decoding=\"async\" class=\"alignright size-medium wp-image-158515\" src=\"https:\/\/www.upla.cl\/noticias\/wp-content\/uploads\/2023\/04\/Exposicion-2-300x201.jpg\" alt=\"\" width=\"300\" height=\"201\" srcset=\"https:\/\/upla.cl\/noticias\/wp-content\/uploads\/2023\/04\/Exposicion-2-300x201.jpg 300w, https:\/\/upla.cl\/noticias\/wp-content\/uploads\/2023\/04\/Exposicion-2-110x75.jpg 110w, https:\/\/upla.cl\/noticias\/wp-content\/uploads\/2023\/04\/Exposicion-2.jpg 640w\" sizes=\"auto, (max-width: 300px) 100vw, 300px\" \/><\/a>Bajo la atenta mirada de la comunidad universitaria, dirigentes sociales y territoriales, expuso el <strong>arquitecto Miguel Lawner Steiman, Premio Nacional de Arquitectura 2019.<\/strong><\/p>\n<p>La cita acad\u00e9mica, que se realiz\u00f3 en el <strong>Aula Dr. F\u00e9lix Morales Pettorino<\/strong>, correspondi\u00f3 a la ceremonia de Inauguraci\u00f3n del A\u00f1o Acad\u00e9mico del Mag\u00edster de Arte, menci\u00f3n Patrimonio 2023, en el marco de la conmemoraci\u00f3n de los 50 a\u00f1os del Golpe C\u00edvico- Militar.<\/p>\n<p>En tono pausado y mucha profundidad, el invitado y exdirector ejecutivo de la Corporaci\u00f3n de Mejoramiento Urbano durante el gobierno de la Unidad, se refiri\u00f3 al proceso de restauraci\u00f3n de la <strong>Casa de la Solidaridad Salvador Allende<\/strong> y al proyecto que busca establecer como <strong>Museo de la Memoria,<\/strong> a una antigua casa de <strong>Punta Arenas<\/strong>, que fue centro de tortura.<\/p>\n<p>En ambas presentaciones, Lawner entreg\u00f3 detalles de los proyectos de arquitectura y definici\u00f3n de los espacios, labor que realiz\u00f3 siempre con el mayor cuidado y respeto por lo que all\u00ed ocurri\u00f3. Lo anterior, pues ambos inmuebles guardan el recuerdo de lo que vivieron diariamente las v\u00edctimas de tortura.<\/p>\n<p><a href=\"https:\/\/www.upla.cl\/noticias\/wp-content\/uploads\/2023\/04\/Conversatorio1.jpg\"><img loading=\"lazy\" decoding=\"async\" class=\"alignright size-medium wp-image-158516\" src=\"https:\/\/www.upla.cl\/noticias\/wp-content\/uploads\/2023\/04\/Conversatorio1-300x201.jpg\" alt=\"\" width=\"300\" height=\"201\" srcset=\"https:\/\/upla.cl\/noticias\/wp-content\/uploads\/2023\/04\/Conversatorio1-300x201.jpg 300w, https:\/\/upla.cl\/noticias\/wp-content\/uploads\/2023\/04\/Conversatorio1-110x75.jpg 110w, https:\/\/upla.cl\/noticias\/wp-content\/uploads\/2023\/04\/Conversatorio1.jpg 640w\" sizes=\"auto, (max-width: 300px) 100vw, 300px\" \/><\/a>Un \u00edntimo momento se vivi\u00f3, cuando Miguel Lawner comparti\u00f3 su experiencia en la restauraci\u00f3n de la Iglesia <strong>Isla Dawson<\/strong>, en su calidad de prisionero pol\u00edtico. Fue un relato que logr\u00f3 transmitir a todos los presentes una fuerte carga emotiva, especialmente, por la capacidad de revertir una situaci\u00f3n tan cr\u00edtica y dar as\u00ed una mirada esperanzadora sobre aquello que a casi medio siglo, a\u00fan resulta perturbador.<\/p>\n<p>Todos los asistentes guardaron un silencio absoluto y visiblemente emocionados, algunos de ellos tambi\u00e9n compartieron parte de su historia.<\/p>\n<p>\u201dPara nosotros, tener presente el pasado es absolutamente indispensable. T\u00fa no puedes construir un pa\u00eds, un futuro, sin respetar los valores que nos ha entregado la historia en el pasado, en todos los \u00e1mbitos. En el \u00e1mbito art\u00edstico, cultural, pol\u00edtico, social, en todo sentido. Pero claro, es una batalla que tenemos que dar cotidianamente, nunca tenemos que darla por lograda\u201d, afirm\u00f3 Lawner.<\/p>\n<p>La <strong>directora general de Postgrado, Carolina Santelices Werchez<\/strong>, valor\u00f3 la presencia del arquitecto, cuya presentaci\u00f3n es un hito importante dentro del compromiso institucional en la conmemoraci\u00f3n de los 50 a\u00f1os de la dictadura c\u00edvico militar.<\/p>\n<p><a href=\"https:\/\/www.upla.cl\/noticias\/wp-content\/uploads\/2023\/04\/O.jpg\"><img loading=\"lazy\" decoding=\"async\" class=\"alignleft size-medium wp-image-158517\" src=\"https:\/\/www.upla.cl\/noticias\/wp-content\/uploads\/2023\/04\/O-300x201.jpg\" alt=\"\" width=\"300\" height=\"201\" srcset=\"https:\/\/upla.cl\/noticias\/wp-content\/uploads\/2023\/04\/O-300x201.jpg 300w, https:\/\/upla.cl\/noticias\/wp-content\/uploads\/2023\/04\/O-110x75.jpg 110w, https:\/\/upla.cl\/noticias\/wp-content\/uploads\/2023\/04\/O.jpg 640w\" sizes=\"auto, (max-width: 300px) 100vw, 300px\" \/><\/a>\u201cDesde una perspectiva multidisciplinaria en el \u00e1mbito de postgrado, buscamos fomentar espacios de aprendizaje abiertos, interconectados y basados en el di\u00e1logo, el desarrollo humano, la interculturalidad, la cultura para la paz y el respeto irrestricto de los Derechos Humanos. En este contexto, la presencia de Miguel Lawner constituye un hito importante dentro del compromiso institucional en la conmemoraci\u00f3n de los 50 a\u00f1os de la dictadura c\u00edvico militar\u201d, afirm\u00f3 la directora, quien agradeci\u00f3 su generosidad al compartir con nuestra comunidad acad\u00e9mica esta reflexi\u00f3n en torno a la \u201cGesti\u00f3n de Sitios de Memoria\u201d.<\/p>\n<p>En su calidad de arquitecto, el <strong>acad\u00e9mico Marco Mu\u00f1oz del Campo, coordinador del Mag\u00edster,<\/strong> enfatiz\u00f3 la importancia de la gesti\u00f3n de los espacios de memoria, especialmente cuando se trata de otorgar una intenci\u00f3n al espacio que se habita.<\/p>\n<p>\u201cMe parece que es sumamente relevante contar con un arquitecto que nos venga a hablar de la importancia de la gesti\u00f3n de los espacios de memoria, porque los arquitectos, en nuestro quehacer, de alguna forma, tenemos que ver con aquello que significa crear y entregar una intenci\u00f3n a aquello que creamos para que otro tenga mejores condiciones de habitabilidad y, finalmente, desarrolle su vida\u201d, asegur\u00f3 Mu\u00f1oz.<\/p>\n<p>La presencia de Miguel Lawner en la UPLA, es un ejercicio de memoria y un aporte a la construcci\u00f3n colectiva de respeto irrestricto a los Derechos Humanos y a nuestra historia.<\/p>\n<h5><strong>Opiniones<\/strong><\/h5>\n<p><strong><a href=\"https:\/\/www.upla.cl\/noticias\/wp-content\/uploads\/2023\/04\/Cecilia-Morelia-Gonzalez.jpg\"><img loading=\"lazy\" decoding=\"async\" class=\"alignleft size-thumbnail wp-image-158518\" src=\"https:\/\/www.upla.cl\/noticias\/wp-content\/uploads\/2023\/04\/Cecilia-Morelia-Gonzalez-150x150.jpg\" alt=\"\" width=\"150\" height=\"150\" \/><\/a>Cecilia Morelia Gonz\u00e1lez, integrante de la Asociaci\u00f3n Salvemos las Torpederas y el borde costero de Playa Ancha:<\/strong> \u201cEstoy muy contenta de haber venido a esta jornada, porque considero que es muy valioso poder escuchar y conocer la experiencia de alguien como don Miguel Lawner. Agradezco su quehacer, porque \u00e9l instala fundaciones para la memoria, es decir, todas las obras, la arquitectura, tiene fundaciones, y sobre ellas se levanta. \u00c9L, con sus acciones, tambi\u00e9n aporta al reconocimiento de la memoria\u201d.<\/p>\n<p><strong><a href=\"https:\/\/www.upla.cl\/noticias\/wp-content\/uploads\/2023\/04\/Nelson-Morgado.jpg\"><img loading=\"lazy\" decoding=\"async\" class=\"alignleft size-thumbnail wp-image-158519\" src=\"https:\/\/www.upla.cl\/noticias\/wp-content\/uploads\/2023\/04\/Nelson-Morgado-150x150.jpg\" alt=\"\" width=\"150\" height=\"150\" srcset=\"https:\/\/upla.cl\/noticias\/wp-content\/uploads\/2023\/04\/Nelson-Morgado-150x150.jpg 150w, https:\/\/upla.cl\/noticias\/wp-content\/uploads\/2023\/04\/Nelson-Morgado-529x525.jpg 529w\" sizes=\"auto, (max-width: 150px) 100vw, 150px\" \/><\/a>Nelson Morgado Larra\u00f1aga, arquitecto, miembro de la Comisi\u00f3n del Colegio de Arquitectos de Chile:<\/strong> \u201cMe siento muy emocionado de escuchar esta exposici\u00f3n, porque don Miguel Lawner fue mi profesor, junto a su se\u00f1ora. Es un grupo de arquitectos que llev\u00f3 adelante la reforma del \u201946. Todo lo que he hecho yo, en mi profesi\u00f3n, se lo debo a ellos. De verdad, estoy muy emocionado. Ahora comparto con \u00e9l en un grupo que se llama \u201cArquitectos por un Chile digno\u201d y estamos trabajando para hacer un mejor Chile\u201d.<\/p>\n<p>Al final de la jornada, la directora general de postgrado y el coordinador del mag\u00edster de arte, menci\u00f3n Patrimonio entregaron al invitado un presente. \u00a0Se trata de un grabado del artista visual y grabador ismael d\u00edaz acosta, egresado de la carrera de licenciatura en artes y del mag\u00edster en Arte menci\u00f3n Patrimonio de nuestra universidad.<\/p>\n<p><strong>Video informativo<\/strong><\/p>\n<div class=\"ose-youtube ose-uid-94512ffd59349670c09bb497a30a93e5 ose-embedpress-responsive\" style=\"width:600px; height:550px; max-height:550px; max-width:100%; display:inline-block;\" data-embed-type=\"Youtube\"><iframe loading=\"lazy\" allowFullScreen=\"true\" title=\"Emotiva presentaci\u00f3n del arquitecto Miguel Lawner en el Aula Dr. F\u00e9lix Morales Pettorino\" width=\"600\" height=\"550\" src=\"https:\/\/www.youtube.com\/embed\/s8WHGpDkngE?feature=oembed&color=red&rel=0&controls=1&start=&end=&fs=0&iv_load_policy=0&autoplay=0&mute=0&modestbranding=0&cc_load_policy=1&playsinline=1\" frameborder=\"0\" allow=\"accelerometer; encrypted-media;accelerometer;autoplay;clipboard-write;gyroscope;picture-in-picture clipboard-write; encrypted-media; gyroscope; picture-in-picture; web-share\" referrerpolicy=\"strict-origin-when-cross-origin\" allowfullscreen><\/iframe><\/div>\n<div id='gallery-1' class='gallery galleryid-158514 gallery-columns-3 gallery-size-thumbnail'><figure class='gallery-item'>\n\t\t\t<div class='gallery-icon landscape'>\n\t\t\t\t<a href='https:\/\/upla.cl\/noticias\/wp-content\/uploads\/2023\/04\/Asistentes-2.jpg'><img loading=\"lazy\" decoding=\"async\" width=\"150\" height=\"150\" src=\"https:\/\/upla.cl\/noticias\/wp-content\/uploads\/2023\/04\/Asistentes-2-150x150.jpg\" class=\"attachment-thumbnail size-thumbnail\" alt=\"\" \/><\/a>\n\t\t\t<\/div><\/figure><figure class='gallery-item'>\n\t\t\t<div class='gallery-icon landscape'>\n\t\t\t\t<a href='https:\/\/upla.cl\/noticias\/wp-content\/uploads\/2023\/04\/Asistentes.jpg'><img loading=\"lazy\" decoding=\"async\" width=\"150\" height=\"150\" src=\"https:\/\/upla.cl\/noticias\/wp-content\/uploads\/2023\/04\/Asistentes-150x150.jpg\" class=\"attachment-thumbnail size-thumbnail\" alt=\"\" \/><\/a>\n\t\t\t<\/div><\/figure><figure class='gallery-item'>\n\t\t\t<div class='gallery-icon landscape'>\n\t\t\t\t<a href='https:\/\/upla.cl\/noticias\/wp-content\/uploads\/2023\/04\/Autoridades.jpg'><img loading=\"lazy\" decoding=\"async\" width=\"150\" height=\"150\" src=\"https:\/\/upla.cl\/noticias\/wp-content\/uploads\/2023\/04\/Autoridades-150x150.jpg\" class=\"attachment-thumbnail size-thumbnail\" alt=\"\" \/><\/a>\n\t\t\t<\/div><\/figure><figure class='gallery-item'>\n\t\t\t<div class='gallery-icon landscape'>\n\t\t\t\t<a href='https:\/\/upla.cl\/noticias\/wp-content\/uploads\/2023\/04\/Carolina-Santelices-1.jpg'><img loading=\"lazy\" decoding=\"async\" width=\"150\" height=\"150\" src=\"https:\/\/upla.cl\/noticias\/wp-content\/uploads\/2023\/04\/Carolina-Santelices-1-150x150.jpg\" class=\"attachment-thumbnail size-thumbnail\" alt=\"\" \/><\/a>\n\t\t\t<\/div><\/figure><figure class='gallery-item'>\n\t\t\t<div class='gallery-icon landscape'>\n\t\t\t\t<a href='https:\/\/upla.cl\/noticias\/wp-content\/uploads\/2023\/04\/Con-arquitectos.jpg'><img loading=\"lazy\" decoding=\"async\" width=\"150\" height=\"150\" src=\"https:\/\/upla.cl\/noticias\/wp-content\/uploads\/2023\/04\/Con-arquitectos-150x150.jpg\" class=\"attachment-thumbnail size-thumbnail\" alt=\"\" \/><\/a>\n\t\t\t<\/div><\/figure><figure class='gallery-item'>\n\t\t\t<div class='gallery-icon landscape'>\n\t\t\t\t<a href='https:\/\/upla.cl\/noticias\/wp-content\/uploads\/2023\/04\/Estudiantes-Magister.jpg'><img loading=\"lazy\" decoding=\"async\" width=\"150\" height=\"150\" src=\"https:\/\/upla.cl\/noticias\/wp-content\/uploads\/2023\/04\/Estudiantes-Magister-150x150.jpg\" class=\"attachment-thumbnail size-thumbnail\" alt=\"\" \/><\/a>\n\t\t\t<\/div><\/figure><figure class='gallery-item'>\n\t\t\t<div class='gallery-icon landscape'>\n\t\t\t\t<a href='https:\/\/upla.cl\/noticias\/wp-content\/uploads\/2023\/04\/Exposicion-2-1.jpg'><img loading=\"lazy\" decoding=\"async\" width=\"150\" height=\"150\" src=\"https:\/\/upla.cl\/noticias\/wp-content\/uploads\/2023\/04\/Exposicion-2-1-150x150.jpg\" class=\"attachment-thumbnail size-thumbnail\" alt=\"\" \/><\/a>\n\t\t\t<\/div><\/figure><figure class='gallery-item'>\n\t\t\t<div class='gallery-icon landscape'>\n\t\t\t\t<a href='https:\/\/upla.cl\/noticias\/wp-content\/uploads\/2023\/04\/Exposicion.jpg'><img loading=\"lazy\" decoding=\"async\" width=\"150\" height=\"150\" src=\"https:\/\/upla.cl\/noticias\/wp-content\/uploads\/2023\/04\/Exposicion-150x150.jpg\" class=\"attachment-thumbnail size-thumbnail\" alt=\"\" \/><\/a>\n\t\t\t<\/div><\/figure><figure class='gallery-item'>\n\t\t\t<div class='gallery-icon landscape'>\n\t\t\t\t<a href='https:\/\/upla.cl\/noticias\/wp-content\/uploads\/2023\/04\/Miguel-Lawner.jpg'><img loading=\"lazy\" decoding=\"async\" width=\"150\" height=\"150\" src=\"https:\/\/upla.cl\/noticias\/wp-content\/uploads\/2023\/04\/Miguel-Lawner-150x150.jpg\" class=\"attachment-thumbnail size-thumbnail\" alt=\"\" \/><\/a>\n\t\t\t<\/div><\/figure><figure class='gallery-item'>\n\t\t\t<div class='gallery-icon landscape'>\n\t\t\t\t<a href='https:\/\/upla.cl\/noticias\/wp-content\/uploads\/2023\/04\/Obsequio-2.jpeg'><img loading=\"lazy\" decoding=\"async\" width=\"150\" height=\"150\" src=\"https:\/\/upla.cl\/noticias\/wp-content\/uploads\/2023\/04\/Obsequio-2-150x150.jpeg\" class=\"attachment-thumbnail size-thumbnail\" alt=\"\" \/><\/a>\n\t\t\t<\/div><\/figure><figure class='gallery-item'>\n\t\t\t<div class='gallery-icon landscape'>\n\t\t\t\t<a href='https:\/\/upla.cl\/noticias\/wp-content\/uploads\/2023\/04\/Obsequio1.jpg'><img loading=\"lazy\" decoding=\"async\" width=\"150\" height=\"150\" src=\"https:\/\/upla.cl\/noticias\/wp-content\/uploads\/2023\/04\/Obsequio1-150x150.jpg\" class=\"attachment-thumbnail size-thumbnail\" alt=\"\" \/><\/a>\n\t\t\t<\/div><\/figure>\n\t\t<\/div>\n\n","protected":false},"excerpt":{"rendered":"<p>Cita acad\u00e9mica se realiz\u00f3 en el marco de la Inauguraci\u00f3n del A\u00f1o Acad\u00e9mico del Mag\u00edster de Arte, menci\u00f3n Patrimonio 2023.<\/p>\n","protected":false},"author":3,"featured_media":158528,"comment_status":"closed","ping_status":"closed","sticky":false,"template":"","format":"standard","meta":{"footnotes":""},"categories":[51,96,52,40,101,97,71,85,91],"tags":[],"class_list":["post-158514","post","type-post","status-publish","format-standard","has-post-thumbnail","","category-academia","category-academicos","category-cultura","category-destacados","category-docencia","category-estudiantes","category-facultad-de-arte","category-postgrados","category-vinculacion-con-el-medio"],"_links":{"self":[{"href":"https:\/\/upla.cl\/noticias\/wp-json\/wp\/v2\/posts\/158514","targetHints":{"allow":["GET"]}}],"collection":[{"href":"https:\/\/upla.cl\/noticias\/wp-json\/wp\/v2\/posts"}],"about":[{"href":"https:\/\/upla.cl\/noticias\/wp-json\/wp\/v2\/types\/post"}],"author":[{"embeddable":true,"href":"https:\/\/upla.cl\/noticias\/wp-json\/wp\/v2\/users\/3"}],"replies":[{"embeddable":true,"href":"https:\/\/upla.cl\/noticias\/wp-json\/wp\/v2\/comments?post=158514"}],"version-history":[{"count":0,"href":"https:\/\/upla.cl\/noticias\/wp-json\/wp\/v2\/posts\/158514\/revisions"}],"wp:featuredmedia":[{"embeddable":true,"href":"https:\/\/upla.cl\/noticias\/wp-json\/wp\/v2\/media\/158528"}],"wp:attachment":[{"href":"https:\/\/upla.cl\/noticias\/wp-json\/wp\/v2\/media?parent=158514"}],"wp:term":[{"taxonomy":"category","embeddable":true,"href":"https:\/\/upla.cl\/noticias\/wp-json\/wp\/v2\/categories?post=158514"},{"taxonomy":"post_tag","embeddable":true,"href":"https:\/\/upla.cl\/noticias\/wp-json\/wp\/v2\/tags?post=158514"}],"curies":[{"name":"wp","href":"https:\/\/api.w.org\/{rel}","templated":true}]}}