{"id":158736,"date":"2023-04-28T13:09:28","date_gmt":"2023-04-28T17:09:28","guid":{"rendered":"https:\/\/www.upla.cl\/noticias\/?p=158736"},"modified":"2023-04-28T13:11:00","modified_gmt":"2023-04-28T17:11:00","slug":"campus-san-felipe-es-el-anfitrion-en-seminario-de-seguridad-y-salud-ocupacional-para-la-pequena-mineria","status":"publish","type":"post","link":"https:\/\/upla.cl\/noticias\/2023\/04\/28\/campus-san-felipe-es-el-anfitrion-en-seminario-de-seguridad-y-salud-ocupacional-para-la-pequena-mineria\/","title":{"rendered":"ITEC campus San Felipe: Anfitri\u00f3n en Seminario de Seguridad y Salud Ocupacional para la Peque\u00f1a Miner\u00eda"},"content":{"rendered":"<p><a href=\"https:\/\/www.upla.cl\/noticias\/wp-content\/uploads\/2023\/04\/Seminario-seguridad-minera.jpeg\"><img loading=\"lazy\" decoding=\"async\" class=\"alignleft size-medium wp-image-158737\" src=\"https:\/\/www.upla.cl\/noticias\/wp-content\/uploads\/2023\/04\/Seminario-seguridad-minera-300x225.jpeg\" alt=\"\" width=\"300\" height=\"225\" srcset=\"https:\/\/upla.cl\/noticias\/wp-content\/uploads\/2023\/04\/Seminario-seguridad-minera-300x225.jpeg 300w, https:\/\/upla.cl\/noticias\/wp-content\/uploads\/2023\/04\/Seminario-seguridad-minera.jpeg 640w\" sizes=\"auto, (max-width: 300px) 100vw, 300px\" \/><\/a>M\u00e1s de cien asistentes participaron en el <strong>Primer Seminario de Seguridad y Salud Ocupacional para la Peque\u00f1a Miner\u00eda<\/strong>, que se realiz\u00f3 en la<strong> Universidad de Playa Ancha, campus San Felipe.<\/strong><\/p>\n<p>La actividad la organiz\u00f3 el <strong>Comit\u00e9 Regional de Seguridad Minera, CORESEMIN<\/strong>, instancia p\u00fablico-privada que integra nuestra instituci\u00f3n, a trav\u00e9s del<strong> Instituto Tecnol\u00f3gico UPLA<\/strong>.<\/p>\n<p><strong>Marcela Quiroz Bahamondes, prevencionista de riesgos del Instituto de Seguridad Laboral (ISL)<\/strong> explic\u00f3 que el objetivo de este encuentro fue capacitar en el autocuidado a los peque\u00f1os mineros que realizan su labor en la provincia de <strong>San Felipe y Petorca<\/strong>, adem\u00e1s de entregar informaci\u00f3n a estudiantes de ense\u00f1anza media y de las universidades que est\u00e1n relacionados con carreras del \u00e1mbito minero, tal como ocurre con el ITEC UPLA, que imparte <strong>T\u00e9cnico en Miner\u00eda.<\/strong><\/p>\n<p>\u201cPara nosotros, contar con este espacio ac\u00e1 en la UPLA, campus San Felipe, es muy importante, porque nos sirve como una puerta de entrada, tanto para la docencia, como para la peque\u00f1a miner\u00eda artesanal de la zona. Realmente, lo valoramos mucho\u201d, dijo Marcela Quiroz.<\/p>\n<p><a href=\"https:\/\/www.upla.cl\/noticias\/wp-content\/uploads\/2023\/04\/Seminario-seguridad-minera-2.jpeg\"><img loading=\"lazy\" decoding=\"async\" class=\"alignleft size-medium wp-image-158738\" src=\"https:\/\/www.upla.cl\/noticias\/wp-content\/uploads\/2023\/04\/Seminario-seguridad-minera-2-300x225.jpeg\" alt=\"\" width=\"300\" height=\"225\" srcset=\"https:\/\/upla.cl\/noticias\/wp-content\/uploads\/2023\/04\/Seminario-seguridad-minera-2-300x225.jpeg 300w, https:\/\/upla.cl\/noticias\/wp-content\/uploads\/2023\/04\/Seminario-seguridad-minera-2.jpeg 640w\" sizes=\"auto, (max-width: 300px) 100vw, 300px\" \/><\/a>El seminario cont\u00f3 con la presencia de distintas autoridades regionales y provinciales, tales como la delegada Presidencial Provincia de San Felipe, Maricel Mart\u00ednez Vicencio; el Seremi de Miner\u00eda (s), Arife Mansur Acevedo; el director Zona Centro de SERNAGEOM\u00cdN, Christian Orellana D\u00edaz; y \u00c1lvaro Soto Herrera, gerente de Seguridad y Salud Ocupacional de Angloamerican, entre otros.<\/p>\n<p><strong>Contenido de las charlas<\/strong><\/p>\n<p>En la jornada se expusieron diversos temas, tales como la ratificaci\u00f3n del convenio 176 sobre Seguridad y Salud Ocupacional Minera; estad\u00edsticas de los accidentes fatales ocurridos en la peque\u00f1a miner\u00eda en el \u00faltimo tiempo; y herramientas de gesti\u00f3n en Seguridad. El seminario concluy\u00f3 con la charla motivacional del <strong>ex entrenador de tenis, Horacio de la Pe\u00f1a,<\/strong> quien hizo \u00e9nfasis en la necesidad del autocuidado de quienes ejercen en la peque\u00f1a miner\u00eda.<\/p>\n<p><a href=\"https:\/\/www.upla.cl\/noticias\/wp-content\/uploads\/2023\/04\/Seminario-Seguridad-minera-5.jpeg\"><img loading=\"lazy\" decoding=\"async\" class=\"alignright size-medium wp-image-158739\" src=\"https:\/\/www.upla.cl\/noticias\/wp-content\/uploads\/2023\/04\/Seminario-Seguridad-minera-5-300x225.jpeg\" alt=\"\" width=\"300\" height=\"225\" srcset=\"https:\/\/upla.cl\/noticias\/wp-content\/uploads\/2023\/04\/Seminario-Seguridad-minera-5-300x225.jpeg 300w, https:\/\/upla.cl\/noticias\/wp-content\/uploads\/2023\/04\/Seminario-Seguridad-minera-5.jpeg 640w\" sizes=\"auto, (max-width: 300px) 100vw, 300px\" \/><\/a>La cita cont\u00f3, adem\u00e1s, con la realizaci\u00f3n de una feria ubicada en el patio del campus, donde diversos proveedores mineros participaron don diversos m\u00f3dulos informativos y de exposici\u00f3n de insumos vinculados a la miner\u00eda. Entre ellos, se presentaron elementos de protecci\u00f3n respiratoria, protecci\u00f3n para la piel, extintores, zapatos de seguridad, etc.<\/p>\n<p><strong>\u00d3scar S\u00e1nchez Pereira, coordinador general del ITEC, campus San Felipe y Mauricio Hern\u00e1ndez, director del mismo,<\/strong> destacaron la importancia que tiene para la Universidad, ser anfitriones de este tipo de actividades.<\/p>\n<p>\u201cPara nosotros es muy valioso poder acoger un seminario como \u00e9ste, pues acercamos directamente a nuestros estudiantes con las empresas mineras. Adem\u00e1s, no solo hemos contado con charlas, sino tambi\u00e9n con la feria, cuyo foco fue la seguridad, tema con el cual como Universidad de Playa Ancha estamos muy comprometidos\u201d, concluy\u00f3 la autoridad acad\u00e9mica.<\/p>\n<div id='gallery-1' class='gallery galleryid-158736 gallery-columns-3 gallery-size-thumbnail'><figure class='gallery-item'>\n\t\t\t<div class='gallery-icon landscape'>\n\t\t\t\t<a href='https:\/\/upla.cl\/noticias\/wp-content\/uploads\/2023\/04\/Mauricio-Hernandez.jpeg'><img loading=\"lazy\" decoding=\"async\" width=\"150\" height=\"150\" src=\"https:\/\/upla.cl\/noticias\/wp-content\/uploads\/2023\/04\/Mauricio-Hernandez-150x150.jpeg\" class=\"attachment-thumbnail size-thumbnail\" alt=\"\" \/><\/a>\n\t\t\t<\/div><\/figure><figure class='gallery-item'>\n\t\t\t<div class='gallery-icon landscape'>\n\t\t\t\t<a href='https:\/\/upla.cl\/noticias\/wp-content\/uploads\/2023\/04\/Seminario-Seguridad-minera-7.jpeg'><img loading=\"lazy\" decoding=\"async\" width=\"150\" height=\"150\" src=\"https:\/\/upla.cl\/noticias\/wp-content\/uploads\/2023\/04\/Seminario-Seguridad-minera-7-150x150.jpeg\" class=\"attachment-thumbnail size-thumbnail\" alt=\"\" \/><\/a>\n\t\t\t<\/div><\/figure><figure class='gallery-item'>\n\t\t\t<div class='gallery-icon landscape'>\n\t\t\t\t<a href='https:\/\/upla.cl\/noticias\/wp-content\/uploads\/2023\/04\/Seminario-Seguridad-minera-4.jpeg'><img loading=\"lazy\" decoding=\"async\" width=\"150\" height=\"150\" src=\"https:\/\/upla.cl\/noticias\/wp-content\/uploads\/2023\/04\/Seminario-Seguridad-minera-4-150x150.jpeg\" class=\"attachment-thumbnail size-thumbnail\" alt=\"\" \/><\/a>\n\t\t\t<\/div><\/figure><figure class='gallery-item'>\n\t\t\t<div class='gallery-icon landscape'>\n\t\t\t\t<a href='https:\/\/upla.cl\/noticias\/wp-content\/uploads\/2023\/04\/Seminario-Seguridad-minera-5-1.jpeg'><img loading=\"lazy\" decoding=\"async\" width=\"150\" height=\"150\" src=\"https:\/\/upla.cl\/noticias\/wp-content\/uploads\/2023\/04\/Seminario-Seguridad-minera-5-1-150x150.jpeg\" class=\"attachment-thumbnail size-thumbnail\" alt=\"\" \/><\/a>\n\t\t\t<\/div><\/figure><figure class='gallery-item'>\n\t\t\t<div class='gallery-icon portrait'>\n\t\t\t\t<a href='https:\/\/upla.cl\/noticias\/wp-content\/uploads\/2023\/04\/Seminario-Seguridad-minera-6.jpeg'><img loading=\"lazy\" decoding=\"async\" width=\"150\" height=\"150\" src=\"https:\/\/upla.cl\/noticias\/wp-content\/uploads\/2023\/04\/Seminario-Seguridad-minera-6-150x150.jpeg\" class=\"attachment-thumbnail size-thumbnail\" alt=\"\" \/><\/a>\n\t\t\t<\/div><\/figure><figure class='gallery-item'>\n\t\t\t<div class='gallery-icon landscape'>\n\t\t\t\t<a href='https:\/\/upla.cl\/noticias\/wp-content\/uploads\/2023\/04\/Seminario-Seguridad-minera-8.jpeg'><img loading=\"lazy\" decoding=\"async\" width=\"150\" height=\"150\" src=\"https:\/\/upla.cl\/noticias\/wp-content\/uploads\/2023\/04\/Seminario-Seguridad-minera-8-150x150.jpeg\" class=\"attachment-thumbnail size-thumbnail\" alt=\"\" \/><\/a>\n\t\t\t<\/div><\/figure>\n\t\t<\/div>\n\n","protected":false},"excerpt":{"rendered":"<p>La actividad la organiz\u00f3 el Comit\u00e9 Regional de Seguridad Minera, CORESEMIN, instancia p\u00fablico-privada que integra nuestra instituci\u00f3n, a trav\u00e9s del Instituto Tecnol\u00f3gico Universidad de Playa Ancha.<\/p>\n","protected":false},"author":3,"featured_media":158738,"comment_status":"closed","ping_status":"closed","sticky":false,"template":"","format":"standard","meta":{"footnotes":""},"categories":[40,69,97,83,1,91],"tags":[],"class_list":["post-158736","post","type-post","status-publish","format-standard","has-post-thumbnail","","category-destacados","category-egresados","category-estudiantes","category-instituto-tecnologico","category-sin-categoria","category-vinculacion-con-el-medio"],"_links":{"self":[{"href":"https:\/\/upla.cl\/noticias\/wp-json\/wp\/v2\/posts\/158736","targetHints":{"allow":["GET"]}}],"collection":[{"href":"https:\/\/upla.cl\/noticias\/wp-json\/wp\/v2\/posts"}],"about":[{"href":"https:\/\/upla.cl\/noticias\/wp-json\/wp\/v2\/types\/post"}],"author":[{"embeddable":true,"href":"https:\/\/upla.cl\/noticias\/wp-json\/wp\/v2\/users\/3"}],"replies":[{"embeddable":true,"href":"https:\/\/upla.cl\/noticias\/wp-json\/wp\/v2\/comments?post=158736"}],"version-history":[{"count":0,"href":"https:\/\/upla.cl\/noticias\/wp-json\/wp\/v2\/posts\/158736\/revisions"}],"wp:featuredmedia":[{"embeddable":true,"href":"https:\/\/upla.cl\/noticias\/wp-json\/wp\/v2\/media\/158738"}],"wp:attachment":[{"href":"https:\/\/upla.cl\/noticias\/wp-json\/wp\/v2\/media?parent=158736"}],"wp:term":[{"taxonomy":"category","embeddable":true,"href":"https:\/\/upla.cl\/noticias\/wp-json\/wp\/v2\/categories?post=158736"},{"taxonomy":"post_tag","embeddable":true,"href":"https:\/\/upla.cl\/noticias\/wp-json\/wp\/v2\/tags?post=158736"}],"curies":[{"name":"wp","href":"https:\/\/api.w.org\/{rel}","templated":true}]}}