{"id":159040,"date":"2023-05-08T11:12:33","date_gmt":"2023-05-08T15:12:33","guid":{"rendered":"https:\/\/www.upla.cl\/noticias\/?p=159040"},"modified":"2023-05-08T11:12:33","modified_gmt":"2023-05-08T15:12:33","slug":"upla-convoca-a-concurso-publico-para-proveer-cargos-de-encargada-o-encargado-de-obras","status":"publish","type":"post","link":"https:\/\/upla.cl\/noticias\/2023\/05\/08\/upla-convoca-a-concurso-publico-para-proveer-cargos-de-encargada-o-encargado-de-obras\/","title":{"rendered":"UPLA convoca a concurso p\u00fablico para proveer cargos de encargada o encargado de obras"},"content":{"rendered":"<p>La Direcci\u00f3n General de An\u00e1lisis y Planificaci\u00f3n Estrat\u00e9gica de la Universidad de Playa Ancha (UPLA), a trav\u00e9s de la Unidad de Gesti\u00f3n de Proyectos y Convenios de Desempe\u00f1o, convoca a i<strong>nteresadas e interesados con estudios Ingenier\u00eda en Construcci\u00f3n o Construcci\u00f3n Civil a los cargo de \u00abEncargado de Obras\u00bb <\/strong>para desempe\u00f1arse en la <strong>Direcci\u00f3n General de Infraestructura<\/strong> de nuestra casa de estudios.<\/p>\n<p>El cargo convocado ser\u00e1 contratado v\u00eda convenio de honorarios con jornada completa (44 horas semanales), convenio que se realizar\u00e1, seg\u00fan se detalla en la convocatoria, desde el 1 de junio al 31 de diciembre de 2023.<\/p>\n<p>Respecto de la funci\u00f3n principal para este puesto de trabajo, ser\u00e1 la de planificar, organizar, coordinar y supervisar actividades relacionadas con la ejecuci\u00f3n de los contratos de obras, adem\u00e1s de colaborar en el logro de los objetivos institucionales, y ser contraparte t\u00e9cnica y de apoyo en el \u00e1rea de formulaci\u00f3n de proyectos.<\/p>\n<p>Quienes deseen participar de este llamado deben enviar su curr\u00edculum y los antecedentes mencionados en la convocatoria al correo electr\u00f3nico <strong><a href=\"mailto:proyectos-Infra@upla.cl\" target=\"_blank\" rel=\"noopener\">proyectos-Infra@upla.cl<\/a><\/strong><\/p>\n<h4>Calendario del proceso<\/h4>\n<ul>\n<li><span style=\"font-family: -apple-system, BlinkMacSystemFont, 'Segoe UI', Roboto, Oxygen, Oxygen-Sans, Ubuntu, Cantarell, 'Helvetica Neue', 'Open Sans', Arial, sans-serif;\"><strong>Publicaci\u00f3n\u00a0 de la convocatoria:<\/strong> lunes 8 de mayo.<\/span><\/li>\n<li><strong>Recepci\u00f3n de antecedentes:<\/strong> hasta el lunes 15 de mayo.<\/li>\n<li><strong>Entrevista (v\u00eda Zoom) para preseleccionadas y preseleccionados:<\/strong> mi\u00e9rcoles 17 de mayo.<\/li>\n<li><strong>Entrega de resultados:<\/strong> martes 23 de mayo.<\/li>\n<\/ul>\n<h4>Detalles de la convocatoria<\/h4>\n        <div class=\"embedpress-document-embed ose-document ep-doc-d7fcf3f3b136871a304a78937b86779c\" style=\"width: 600px; height: 550px;; max-width:100%; display: block\">\n                                <div>\n                        <iframe title=\"UPLA convoca a concurso p\u00fablico para proveer cargos de encargada o encargado de obras\" allowfullscreen=\"true\" mozallowfullscreen=\"true\" webkitallowfullscreen=\"true\" style=\"width: 600px; height: 550px;; max-width:100%;\" src=\"https:\/\/www.upla.cl\/noticias\/wp-content\/uploads\/2023\/05\/20230508_infraestructura_concursospublicosmayo-2023_encargadodeobras.pdf\" data-emsrc=\"https:\/\/www.upla.cl\/noticias\/wp-content\/uploads\/2023\/05\/20230508_infraestructura_concursospublicosmayo-2023_encargadodeobras.pdf\" data-emid=\"embedpress-pdf-shortcode\" class=\"embedpress-embed-document-pdf embedpress-pdf-shortcode\"><\/iframe>\n                    <\/div>\n            <p class=\"embedpress-el-powered\">Powered By EmbedPress<\/p>        <\/div>\n\n\n","protected":false},"excerpt":{"rendered":"<p>Puesto de trabajo ser\u00e1 consignado a trav\u00e9s de convenio de honorarios por el lapso que va desde el 1 de junio hasta el 31 de diciembre de 2023, ambas fechas inclusive.<\/p>\n","protected":false},"author":6,"featured_media":146591,"comment_status":"closed","ping_status":"closed","sticky":false,"template":"","format":"standard","meta":{"footnotes":""},"categories":[60,64,99,98,102,205],"tags":[],"class_list":["post-159040","post","type-post","status-publish","format-standard","has-post-thumbnail","","category-campus-san-felipe","category-convenio-de-desempeno","category-funcionarios","category-gestion","category-infraestructura","category-operaciones"],"_links":{"self":[{"href":"https:\/\/upla.cl\/noticias\/wp-json\/wp\/v2\/posts\/159040","targetHints":{"allow":["GET"]}}],"collection":[{"href":"https:\/\/upla.cl\/noticias\/wp-json\/wp\/v2\/posts"}],"about":[{"href":"https:\/\/upla.cl\/noticias\/wp-json\/wp\/v2\/types\/post"}],"author":[{"embeddable":true,"href":"https:\/\/upla.cl\/noticias\/wp-json\/wp\/v2\/users\/6"}],"replies":[{"embeddable":true,"href":"https:\/\/upla.cl\/noticias\/wp-json\/wp\/v2\/comments?post=159040"}],"version-history":[{"count":0,"href":"https:\/\/upla.cl\/noticias\/wp-json\/wp\/v2\/posts\/159040\/revisions"}],"wp:featuredmedia":[{"embeddable":true,"href":"https:\/\/upla.cl\/noticias\/wp-json\/wp\/v2\/media\/146591"}],"wp:attachment":[{"href":"https:\/\/upla.cl\/noticias\/wp-json\/wp\/v2\/media?parent=159040"}],"wp:term":[{"taxonomy":"category","embeddable":true,"href":"https:\/\/upla.cl\/noticias\/wp-json\/wp\/v2\/categories?post=159040"},{"taxonomy":"post_tag","embeddable":true,"href":"https:\/\/upla.cl\/noticias\/wp-json\/wp\/v2\/tags?post=159040"}],"curies":[{"name":"wp","href":"https:\/\/api.w.org\/{rel}","templated":true}]}}