{"id":160098,"date":"2023-06-12T16:51:49","date_gmt":"2023-06-12T20:51:49","guid":{"rendered":"https:\/\/www.upla.cl\/noticias\/?p=160098"},"modified":"2023-06-15T15:23:41","modified_gmt":"2023-06-15T19:23:41","slug":"upla-lamenta-deceso-del-sociologo-e-intelectual-frances-alain-touraine","status":"publish","type":"post","link":"https:\/\/upla.cl\/noticias\/2023\/06\/12\/upla-lamenta-deceso-del-sociologo-e-intelectual-frances-alain-touraine\/","title":{"rendered":"UPLA lamenta deceso del soci\u00f3logo e intelectual franc\u00e9s Alain Touraine"},"content":{"rendered":"<figure id=\"attachment_160103\" aria-describedby=\"caption-attachment-160103\" style=\"width: 322px\" class=\"wp-caption alignleft\"><img loading=\"lazy\" decoding=\"async\" class=\"wp-image-160103\" src=\"https:\/\/www.upla.cl\/noticias\/wp-content\/uploads\/2023\/06\/ximena-y-paty-con-touraine-249x300.jpg\" alt=\"\" width=\"322\" height=\"388\" srcset=\"https:\/\/upla.cl\/noticias\/wp-content\/uploads\/2023\/06\/ximena-y-paty-con-touraine-249x300.jpg 249w, https:\/\/upla.cl\/noticias\/wp-content\/uploads\/2023\/06\/ximena-y-paty-con-touraine-852x1024.jpg 852w, https:\/\/upla.cl\/noticias\/wp-content\/uploads\/2023\/06\/ximena-y-paty-con-touraine-768x924.jpg 768w, https:\/\/upla.cl\/noticias\/wp-content\/uploads\/2023\/06\/ximena-y-paty-con-touraine-1277x1536.jpg 1277w, https:\/\/upla.cl\/noticias\/wp-content\/uploads\/2023\/06\/ximena-y-paty-con-touraine.jpg 1536w\" sizes=\"auto, (max-width: 322px) 100vw, 322px\" \/><figcaption id=\"caption-attachment-160103\" class=\"wp-caption-text\">Alain Touraine en la UPLA (2004).<\/figcaption><\/figure>\n<p><span style=\"font-weight: 400;\">La comunidad de la Universidad de Playa Ancha y, en particular, la carrera de Sociolog\u00eda, lamentan el sensible fallecimiento del destacado soci\u00f3logo e intelectual franc\u00e9s <\/span><b>Alain Touraine<\/b><span style=\"font-weight: 400;\">, cuyo deceso se registr\u00f3 el pasado viernes 9 de junio, a sus 97 a\u00f1os de edad. Touraine, pose\u00eda importantes v\u00ednculos con nuestro pa\u00eds, tanto a nivel acad\u00e9mico, como personal, por haber contra\u00eddo matrimonio con la m\u00e9dica e investigadora chilena <\/span><b>Adriana Arenas<\/b><span style=\"font-weight: 400;\">.<\/span><\/p>\n<p><span style=\"font-weight: 400;\">Touraine naci\u00f3 el 3 de agosto de 1925 en la localidad de Hermanville-Sur-Mer (Calvados), Francia, se form\u00f3 en la \u00c9cole Normale Sup\u00e9rieure de Par\u00eds y continu\u00f3 sus estudios en las universidades de Columbia, Chicago y Harvard.<\/span><\/p>\n<p><span style=\"font-weight: 400;\">Fund\u00f3 el Centro de Estudios para la Sociolog\u00eda del Trabajo de la Universidad de Chile, <\/span><span style=\"font-weight: 400;\">el Centro de An\u00e1lisis y de Intervenci\u00f3n Sociol\u00f3gicos (CADIS<\/span><span style=\"font-weight: 400;\">)<\/span><span style=\"font-weight: 400;\">, fue <\/span><span style=\"font-weight: 400;\">director del<\/span><span style=\"font-weight: 400;\"> Centro para el Estudio de los Movimientos Sociales de Par\u00eds y<\/span><span style=\"font-weight: 400;\"> director de estudios en la Escuela de Altos Estudios en Ciencias Sociales de Par\u00eds, entre otras labores.<\/span><\/p>\n<p><span style=\"font-weight: 400;\">Touraine realiz\u00f3 diversos aportes te\u00f3ricos-emp\u00edricos y publicaciones de las cuales destacan: <\/span><i><span style=\"font-weight: 400;\">Sociolog\u00eda de la acci\u00f3n y La sociedad post-industrial<\/span><\/i><span style=\"font-weight: 400;\"> (ambas publicadas en 1969),\u00a0 <\/span><i><span style=\"font-weight: 400;\">Ensayos sobre Am\u00e9rica Latina <\/span><\/i><span style=\"font-weight: 400;\">(1978), <\/span><i><span style=\"font-weight: 400;\">Actores sociales y sistemas pol\u00edticos en Am\u00e9rica Latina<\/span><\/i><span style=\"font-weight: 400;\"> (1987), <\/span><i><span style=\"font-weight: 400;\">Movimientos sociales hoy <\/span><\/i><span style=\"font-weight: 400;\">(1990), <\/span><i><span style=\"font-weight: 400;\">Cr\u00edtica de la Modernidad <\/span><\/i><span style=\"font-weight: 400;\">(1994), <\/span><i><span style=\"font-weight: 400;\">\u00bfPodremos vivir juntos?: Iguales y diferentes <\/span><\/i><span style=\"font-weight: 400;\">(2006), <\/span><i><span style=\"font-weight: 400;\">El mundo de las mujeres<\/span><\/i><span style=\"font-weight: 400;\"> (2007), <\/span><i><span style=\"font-weight: 400;\">\u00bfC\u00f3mo salir del liberalismo?<\/span><\/i><span style=\"font-weight: 400;\"> en 2011, <\/span><i><span style=\"font-weight: 400;\">Despu\u00e9s de la crisis <\/span><\/i><span style=\"font-weight: 400;\">(2013), <\/span><i><span style=\"font-weight: 400;\">El fin de las sociedades<\/span><\/i><span style=\"font-weight: 400;\"> (2016), entre otras.<\/span><\/p>\n<p><span style=\"font-weight: 400;\">Uno de sus principales galardones fue el <\/span><span style=\"font-weight: 400;\">Premio Pr\u00edncipe de Asturias en Historia y Comunicaciones, <\/span><span style=\"font-weight: 400;\">que obtuvo a la par con el soci\u00f3logo, fil\u00f3sofo y ensayista <\/span><b>Zygmunt Bauman<\/b><span style=\"font-weight: 400;\"> (en el a\u00f1o 2010), <\/span><span style=\"font-weight: 400;\">por su contribuci\u00f3n a la comprensi\u00f3n del mundo a trav\u00e9s del an\u00e1lisis de las transformaciones de las estructuras sociales contempor\u00e1neas<\/span><span style=\"font-weight: 400;\">.<\/span><\/p>\n<p><span style=\"font-weight: 400;\">Cabe se\u00f1alar que, en el a\u00f1o 2004, Touraine visit\u00f3 nuestra casa de estudios por la apertura de la carrera de Sociolog\u00eda y, en tal instancia, se le hizo entrega de la \u00abMedalla Universidad de Playa Ancha\u00bb. Sobre su deceso, <\/span><b>Cristi\u00e1n Ar\u00e1nguiz<\/b><span style=\"font-weight: 400;\">, actual director de la carrera, manifest\u00f3 que fue uno de los principales pensadores que aportaron al desarrollo de las Ciencias Sociales, como tambi\u00e9n resalt\u00f3 su trabajo en materia de investigaci\u00f3n sobre movimientos sociales y relaciones laborales, en el marco de las sociedades postindustriales.\u00a0<\/span><\/p>\n<p>&nbsp;<\/p>\n","protected":false},"excerpt":{"rendered":"<p>En el a\u00f1o 2004, Touraine visit\u00f3 nuestra casa de estudios por la apertura de la carrera de Sociolog\u00eda y recibi\u00f3 la \u00abMedalla Universidad de Playa Ancha\u00bb.\u00a0<\/p>\n","protected":false},"author":18,"featured_media":160104,"comment_status":"closed","ping_status":"closed","sticky":false,"template":"","format":"standard","meta":{"footnotes":""},"categories":[51,96,52,40,73,76],"tags":[],"class_list":["post-160098","post","type-post","status-publish","format-standard","has-post-thumbnail","","category-academia","category-academicos","category-cultura","category-destacados","category-facultad-de-ciencias-de-la-educacion","category-facultad-de-ciencias-sociales"],"_links":{"self":[{"href":"https:\/\/upla.cl\/noticias\/wp-json\/wp\/v2\/posts\/160098","targetHints":{"allow":["GET"]}}],"collection":[{"href":"https:\/\/upla.cl\/noticias\/wp-json\/wp\/v2\/posts"}],"about":[{"href":"https:\/\/upla.cl\/noticias\/wp-json\/wp\/v2\/types\/post"}],"author":[{"embeddable":true,"href":"https:\/\/upla.cl\/noticias\/wp-json\/wp\/v2\/users\/18"}],"replies":[{"embeddable":true,"href":"https:\/\/upla.cl\/noticias\/wp-json\/wp\/v2\/comments?post=160098"}],"version-history":[{"count":0,"href":"https:\/\/upla.cl\/noticias\/wp-json\/wp\/v2\/posts\/160098\/revisions"}],"wp:featuredmedia":[{"embeddable":true,"href":"https:\/\/upla.cl\/noticias\/wp-json\/wp\/v2\/media\/160104"}],"wp:attachment":[{"href":"https:\/\/upla.cl\/noticias\/wp-json\/wp\/v2\/media?parent=160098"}],"wp:term":[{"taxonomy":"category","embeddable":true,"href":"https:\/\/upla.cl\/noticias\/wp-json\/wp\/v2\/categories?post=160098"},{"taxonomy":"post_tag","embeddable":true,"href":"https:\/\/upla.cl\/noticias\/wp-json\/wp\/v2\/tags?post=160098"}],"curies":[{"name":"wp","href":"https:\/\/api.w.org\/{rel}","templated":true}]}}