{"id":161601,"date":"2023-07-28T16:06:25","date_gmt":"2023-07-28T20:06:25","guid":{"rendered":"https:\/\/www.upla.cl\/noticias\/?p=161601"},"modified":"2023-07-28T16:06:25","modified_gmt":"2023-07-28T20:06:25","slug":"grabados-del-puerto-el-paso-del-tiempo-en-valparaiso","status":"publish","type":"post","link":"https:\/\/upla.cl\/noticias\/2023\/07\/28\/grabados-del-puerto-el-paso-del-tiempo-en-valparaiso\/","title":{"rendered":"Grabados del Puerto: el paso del tiempo en Valpara\u00edso"},"content":{"rendered":"<p style=\"text-align: justify;\"><strong><a href=\"https:\/\/www.upla.cl\/noticias\/wp-content\/uploads\/2023\/07\/Prensa-04-1.png\"><img loading=\"lazy\" decoding=\"async\" class=\"aligncenter size-full wp-image-161603\" src=\"https:\/\/www.upla.cl\/noticias\/wp-content\/uploads\/2023\/07\/Prensa-04-1.png\" alt=\"\" width=\"640\" height=\"430\" srcset=\"https:\/\/upla.cl\/noticias\/wp-content\/uploads\/2023\/07\/Prensa-04-1.png 640w, https:\/\/upla.cl\/noticias\/wp-content\/uploads\/2023\/07\/Prensa-04-1-300x202.png 300w, https:\/\/upla.cl\/noticias\/wp-content\/uploads\/2023\/07\/Prensa-04-1-110x75.png 110w\" sizes=\"auto, (max-width: 640px) 100vw, 640px\" \/><\/a>El cat\u00e1logo \u201cGrabado del Puerto: Borde costero\u201c del Museo Universitario del Grabado Universidad de Playa Ancha (MUG &#8211; Upla),<\/strong> fue lanzado en una ceremonia realizada en la instituci\u00f3n museal y recoge una selecci\u00f3n de grabados inspirados en Valpara\u00edso.<\/p>\n<p style=\"text-align: justify;\">Las obras seleccionadas en el cat\u00e1logo se relacionan con Valpara\u00edso y est\u00e1n expuestas en el ejemplar de modo que permite narrar a trav\u00e9s de grabados un recorrido por distintos lugares de la ciudad, evidenciando distintas miradas y el paso del tiempo en el lugar.<\/p>\n<p style=\"text-align: justify;\"><strong><a href=\"https:\/\/www.upla.cl\/noticias\/wp-content\/uploads\/2023\/07\/Prensa-01-1.png\"><img loading=\"lazy\" decoding=\"async\" class=\"alignright size-medium wp-image-161604\" src=\"https:\/\/www.upla.cl\/noticias\/wp-content\/uploads\/2023\/07\/Prensa-01-1-300x202.png\" alt=\"\" width=\"300\" height=\"202\" srcset=\"https:\/\/upla.cl\/noticias\/wp-content\/uploads\/2023\/07\/Prensa-01-1-300x202.png 300w, https:\/\/upla.cl\/noticias\/wp-content\/uploads\/2023\/07\/Prensa-01-1-110x75.png 110w, https:\/\/upla.cl\/noticias\/wp-content\/uploads\/2023\/07\/Prensa-01-1.png 640w\" sizes=\"auto, (max-width: 300px) 100vw, 300px\" \/><\/a>Alberto Madrid, redactor del cat\u00e1logo, curador del MUG y director del Fondo de las Artes,<\/strong> coment\u00f3: \u201cEs importante c\u00f3mo el grabado se transforma en una fuente de documentaci\u00f3n, es decir ac\u00e1 tenemos obras de m\u00e1s de cinco d\u00e9cadas, e indudablemente en ese tiempo la ciudad ha experimentado muchas transformaciones y, al revisar las im\u00e1genes, nos percatamos de esos cambios\u201d.<\/p>\n<p style=\"text-align: justify;\">Los grabados corresponden a la colecci\u00f3n del <strong>Fondo de las Artes de la Universidad de Playa Ancha,<\/strong> quienes resguardan y ponen en valor las obras y documentos que conservan, y que son visibilizados mediante el Museo y, en este caso, en formato libro mediante el cat\u00e1logo.<\/p>\n<p style=\"text-align: justify;\"><strong>Roberto Acosta, artista cuya obra es parte del cat\u00e1logo,<\/strong> argument\u00f3: \u201cTodo este peque\u00f1o libro se convierte en una puerta de entrada a este gran universo de obras que el Museo custodia y preserva en el tiempo\u201d.<\/p>\n<p style=\"text-align: justify;\"><a href=\"https:\/\/www.upla.cl\/noticias\/wp-content\/uploads\/2023\/07\/Prensa-02-1.png\"><img loading=\"lazy\" decoding=\"async\" class=\"alignright size-medium wp-image-161605\" src=\"https:\/\/www.upla.cl\/noticias\/wp-content\/uploads\/2023\/07\/Prensa-02-1-300x202.png\" alt=\"\" width=\"300\" height=\"202\" srcset=\"https:\/\/upla.cl\/noticias\/wp-content\/uploads\/2023\/07\/Prensa-02-1-300x202.png 300w, https:\/\/upla.cl\/noticias\/wp-content\/uploads\/2023\/07\/Prensa-02-1-110x75.png 110w, https:\/\/upla.cl\/noticias\/wp-content\/uploads\/2023\/07\/Prensa-02-1.png 640w\" sizes=\"auto, (max-width: 300px) 100vw, 300px\" \/><\/a>Agreg\u00f3: \u201cAdem\u00e1s es un formato f\u00edsico que cada vez se ve menos, estamos tan acostumbrados hoy en d\u00eda a descargar PDF y ver todo a trav\u00e9s de una pantalla que volver, o de alguna manera insistir en la idea del objeto f\u00edsico como elemento mediador que contiene estas obras, es muy buena idea y s\u00faper importante\u201d.<\/p>\n<p style=\"text-align: justify;\">Las obras que conforman el cat\u00e1logo est\u00e1n realizadas en las t\u00e9cnicas de aguafuerte, xilograf\u00eda y linograg\u00eda, entre otras y muestran grabados en blanco y negro y a color.<\/p>\n<p style=\"text-align: justify;\"><strong>Casandra Luan, asistente a la jornada, <\/strong>\u00a0dijo: \u201cEl cat\u00e1logo me pareci\u00f3 bastante pr\u00e1ctico porque aparecen distintas t\u00e9cnicas en buena calidad, encuentro que es un buen material para explorar el grabado\u201d.<\/p>\n<p style=\"text-align: justify;\">El cat\u00e1logo se encuentra a la venta en la instituci\u00f3n museal y tambi\u00e9n online para territorio nacional. Para mayor informaci\u00f3n, ingresar a la p\u00e1gina web del Museo en la secci\u00f3n publicaciones <a href=\"https:\/\/www.mugupla.cl\/publicaciones-del-mug\/\">https:\/\/www.mugupla.cl\/publicaciones-del-mug\/<\/a> o al correo: <a href=\"mailto:ediciones@mugupla.cl\">ediciones@mugupla.cl<\/a><\/p>\n<p style=\"text-align: right;\">Franssesca Arru\u00e9 Veraldi<br \/>\nPeriodista MUG &#8211; Upla<br \/>\nDirecci\u00f3n: Lautaro Rosas 485 Cerro Alegre, Valpara\u00edso.<\/p>\n<div id='gallery-1' class='gallery galleryid-161601 gallery-columns-2 gallery-size-medium'><figure class='gallery-item'>\n\t\t\t<div class='gallery-icon landscape'>\n\t\t\t\t<a href='https:\/\/upla.cl\/noticias\/wp-content\/uploads\/2023\/07\/Prensa-06.png'><img loading=\"lazy\" decoding=\"async\" width=\"300\" height=\"202\" src=\"https:\/\/upla.cl\/noticias\/wp-content\/uploads\/2023\/07\/Prensa-06-300x202.png\" class=\"attachment-medium size-medium\" alt=\"\" srcset=\"https:\/\/upla.cl\/noticias\/wp-content\/uploads\/2023\/07\/Prensa-06-300x202.png 300w, https:\/\/upla.cl\/noticias\/wp-content\/uploads\/2023\/07\/Prensa-06-110x75.png 110w, https:\/\/upla.cl\/noticias\/wp-content\/uploads\/2023\/07\/Prensa-06.png 640w\" sizes=\"auto, (max-width: 300px) 100vw, 300px\" \/><\/a>\n\t\t\t<\/div><\/figure><figure class='gallery-item'>\n\t\t\t<div class='gallery-icon landscape'>\n\t\t\t\t<a href='https:\/\/upla.cl\/noticias\/wp-content\/uploads\/2023\/07\/Prensa-03-1.png'><img loading=\"lazy\" decoding=\"async\" width=\"300\" height=\"202\" src=\"https:\/\/upla.cl\/noticias\/wp-content\/uploads\/2023\/07\/Prensa-03-1-300x202.png\" class=\"attachment-medium size-medium\" alt=\"\" srcset=\"https:\/\/upla.cl\/noticias\/wp-content\/uploads\/2023\/07\/Prensa-03-1-300x202.png 300w, https:\/\/upla.cl\/noticias\/wp-content\/uploads\/2023\/07\/Prensa-03-1-110x75.png 110w, https:\/\/upla.cl\/noticias\/wp-content\/uploads\/2023\/07\/Prensa-03-1.png 640w\" sizes=\"auto, (max-width: 300px) 100vw, 300px\" \/><\/a>\n\t\t\t<\/div><\/figure>\n\t\t<\/div>\n\n","protected":false},"excerpt":{"rendered":"<p>El ejemplar del MUG est\u00e1 disponible para venta y presenta obras en diferentes t\u00e9cnicas.<\/p>\n","protected":false},"author":11,"featured_media":161603,"comment_status":"closed","ping_status":"closed","sticky":false,"template":"","format":"standard","meta":{"footnotes":""},"categories":[96,40,69,97,71,151,91],"tags":[],"class_list":["post-161601","post","type-post","status-publish","format-standard","has-post-thumbnail","","category-academicos","category-destacados","category-egresados","category-estudiantes","category-facultad-de-arte","category-museo-universitario-del-grabado","category-vinculacion-con-el-medio"],"_links":{"self":[{"href":"https:\/\/upla.cl\/noticias\/wp-json\/wp\/v2\/posts\/161601","targetHints":{"allow":["GET"]}}],"collection":[{"href":"https:\/\/upla.cl\/noticias\/wp-json\/wp\/v2\/posts"}],"about":[{"href":"https:\/\/upla.cl\/noticias\/wp-json\/wp\/v2\/types\/post"}],"author":[{"embeddable":true,"href":"https:\/\/upla.cl\/noticias\/wp-json\/wp\/v2\/users\/11"}],"replies":[{"embeddable":true,"href":"https:\/\/upla.cl\/noticias\/wp-json\/wp\/v2\/comments?post=161601"}],"version-history":[{"count":0,"href":"https:\/\/upla.cl\/noticias\/wp-json\/wp\/v2\/posts\/161601\/revisions"}],"wp:featuredmedia":[{"embeddable":true,"href":"https:\/\/upla.cl\/noticias\/wp-json\/wp\/v2\/media\/161603"}],"wp:attachment":[{"href":"https:\/\/upla.cl\/noticias\/wp-json\/wp\/v2\/media?parent=161601"}],"wp:term":[{"taxonomy":"category","embeddable":true,"href":"https:\/\/upla.cl\/noticias\/wp-json\/wp\/v2\/categories?post=161601"},{"taxonomy":"post_tag","embeddable":true,"href":"https:\/\/upla.cl\/noticias\/wp-json\/wp\/v2\/tags?post=161601"}],"curies":[{"name":"wp","href":"https:\/\/api.w.org\/{rel}","templated":true}]}}