{"id":161609,"date":"2023-07-28T16:29:55","date_gmt":"2023-07-28T20:29:55","guid":{"rendered":"https:\/\/www.upla.cl\/noticias\/?p=161609"},"modified":"2023-08-03T11:14:15","modified_gmt":"2023-08-03T15:14:15","slug":"en-agosto-comienzan-talleres-para-aliviar-el-estres-en-el-estamento-estudiantil","status":"publish","type":"post","link":"https:\/\/upla.cl\/noticias\/2023\/07\/28\/en-agosto-comienzan-talleres-para-aliviar-el-estres-en-el-estamento-estudiantil\/","title":{"rendered":"En agosto comienzan talleres para aliviar el estr\u00e9s en el estamento estudiantil"},"content":{"rendered":"<p><a href=\"https:\/\/www.upla.cl\/noticias\/wp-content\/uploads\/2023\/07\/talleres_agosto_uaeupla.png\"><img loading=\"lazy\" decoding=\"async\" class=\"alignright wp-image-161614\" src=\"https:\/\/www.upla.cl\/noticias\/wp-content\/uploads\/2023\/07\/talleres_agosto_uaeupla.png\" alt=\"\" width=\"350\" height=\"965\" srcset=\"https:\/\/upla.cl\/noticias\/wp-content\/uploads\/2023\/07\/talleres_agosto_uaeupla.png 700w, https:\/\/upla.cl\/noticias\/wp-content\/uploads\/2023\/07\/talleres_agosto_uaeupla-109x300.png 109w, https:\/\/upla.cl\/noticias\/wp-content\/uploads\/2023\/07\/talleres_agosto_uaeupla-371x1024.png 371w, https:\/\/upla.cl\/noticias\/wp-content\/uploads\/2023\/07\/talleres_agosto_uaeupla-557x1536.png 557w\" sizes=\"auto, (max-width: 350px) 100vw, 350px\" \/><\/a>Una especial invitaci\u00f3n es la que hace al alumnado, la <a href=\"https:\/\/upla.cl\/acompanamientoestudiantil\/\">Unidad de Acompa\u00f1amiento Estudiantil<\/a> (UAE) para participar en distintas actividades que se enmarcan en el <strong>ciclo de talleres \u201cEstamos bien\u201d.<\/strong><\/p>\n<p>Se trata de 4 actividades que procuran aliviar el estr\u00e9s del estamento estudiantil, a trav\u00e9s de conversatorios, yoga y espacios de humor durante el mes de agosto.<\/p>\n<p>Las personas interesadas en participar en alguno de estos talleres, debe escanear el c\u00f3digo QR disponible en cada gr\u00e1fica para inscribirse.<\/p>\n<p>Para ello, se han programado las siguientes actividades:<\/p>\n<p>Martes 1 de agosto<\/p>\n<ul>\n<li><strong>\u00bfQu\u00e9 nos estresa?<\/strong>, conversatorio a cargo de Constanza Zamora, Sala Luis Carre\u00f1o (capacidad app 40 personas), a las 14:20 horas.<\/li>\n<\/ul>\n<p>Martes 8 de agosto<\/p>\n<ul>\n<li><strong>Entendiendo el Estr\u00e9s. C\u00f3mo reacciona mi cuerpo: stand up<\/strong> de Ysbeisy Fleire, Sala Luis Carre\u00f1o, a las 14:00 horas.<\/li>\n<\/ul>\n<p>Martes 22 de agosto<\/p>\n<ul>\n<li><strong>Estr\u00e9s y vida saludable: yoga<\/strong>, responsable: Daniella Osorio, Sala Luis Carre\u00f1o de las 15:55 a las 17:10 horas. Recuerda traer tu mat, si no lo puedes traer, habr\u00e1 una para ti.<\/li>\n<\/ul>\n<p>Martes 29 de agosto<\/p>\n<ul>\n<li><strong>Hackea tu estr\u00e9s acad\u00e9mico con la tecnolog\u00eda<\/strong>, responsable: Elizabeth Soto, Sala CREA, Biblioteca Central, Valpara\u00edso de 11:10 a 12:25 horas.<\/li>\n<\/ul>\n<p>Mi\u00e9rcoles 30 de agosto (actividad online)<\/p>\n<ul>\n<li><strong>Hackea tu estr\u00e9s acad\u00e9mico con la tecnolog\u00eda<\/strong>, responsable: Elizabeth Soto, de 11:10 a 12:30 horas a trav\u00e9s del siguiente link de conexi\u00f3n: <a href=\"https:\/\/meet.google.com\/nxq-vkxc-uxk\" target=\"_blank\" rel=\"noopener\">https:\/\/meet.google.com\/nxq-vkxc-uxk<\/a><\/li>\n<\/ul>\n<p>En \u00e9stos \u00faltimos talleres se presentar\u00e1n estrategias de codificaci\u00f3n que aten\u00faan los niveles de estr\u00e9s en periodos de evaluaci\u00f3n.<\/p>\n","protected":false},"excerpt":{"rendered":"<p>Ser\u00e1n cuatro actividades, organizadas por la Unidad de Acompa\u00f1amiento Estudiantil (UAE).<\/p>\n","protected":false},"author":2,"featured_media":161615,"comment_status":"closed","ping_status":"closed","sticky":false,"template":"","format":"standard","meta":{"footnotes":""},"categories":[51,40,101,97,71,72,73,74,75,76,77,78],"tags":[],"class_list":["post-161609","post","type-post","status-publish","format-standard","has-post-thumbnail","","category-academia","category-destacados","category-docencia","category-estudiantes","category-facultad-de-arte","category-facultad-de-ciencias-actividad-fisica-y-deporte","category-facultad-de-ciencias-de-la-educacion","category-facultad-de-ciencias-de-la-salud","category-facultad-de-ciencias-naturales-y-exactas","category-facultad-de-ciencias-sociales","category-facultad-de-humanidades","category-facultad-de-ingenieria"],"_links":{"self":[{"href":"https:\/\/upla.cl\/noticias\/wp-json\/wp\/v2\/posts\/161609","targetHints":{"allow":["GET"]}}],"collection":[{"href":"https:\/\/upla.cl\/noticias\/wp-json\/wp\/v2\/posts"}],"about":[{"href":"https:\/\/upla.cl\/noticias\/wp-json\/wp\/v2\/types\/post"}],"author":[{"embeddable":true,"href":"https:\/\/upla.cl\/noticias\/wp-json\/wp\/v2\/users\/2"}],"replies":[{"embeddable":true,"href":"https:\/\/upla.cl\/noticias\/wp-json\/wp\/v2\/comments?post=161609"}],"version-history":[{"count":0,"href":"https:\/\/upla.cl\/noticias\/wp-json\/wp\/v2\/posts\/161609\/revisions"}],"wp:featuredmedia":[{"embeddable":true,"href":"https:\/\/upla.cl\/noticias\/wp-json\/wp\/v2\/media\/161615"}],"wp:attachment":[{"href":"https:\/\/upla.cl\/noticias\/wp-json\/wp\/v2\/media?parent=161609"}],"wp:term":[{"taxonomy":"category","embeddable":true,"href":"https:\/\/upla.cl\/noticias\/wp-json\/wp\/v2\/categories?post=161609"},{"taxonomy":"post_tag","embeddable":true,"href":"https:\/\/upla.cl\/noticias\/wp-json\/wp\/v2\/tags?post=161609"}],"curies":[{"name":"wp","href":"https:\/\/api.w.org\/{rel}","templated":true}]}}