{"id":161750,"date":"2023-08-01T17:10:18","date_gmt":"2023-08-01T21:10:18","guid":{"rendered":"https:\/\/www.upla.cl\/noticias\/?p=161750"},"modified":"2023-08-01T17:10:18","modified_gmt":"2023-08-01T21:10:18","slug":"la-obra-de-carlos-hermosilla-artista-del-pueblo-permanecera-en-la-galeria-crearte-durante-todo-agosto","status":"publish","type":"post","link":"https:\/\/upla.cl\/noticias\/2023\/08\/01\/la-obra-de-carlos-hermosilla-artista-del-pueblo-permanecera-en-la-galeria-crearte-durante-todo-agosto\/","title":{"rendered":"La obra de Carlos Hermosilla, Artista del Pueblo, permanecer\u00e1 en la galer\u00eda CreArte durante todo agosto"},"content":{"rendered":"<p style=\"text-align: justify;\"><a href=\"https:\/\/www.upla.cl\/noticias\/wp-content\/uploads\/2023\/08\/Prensa-1-1-e1690923877186.png\"><img loading=\"lazy\" decoding=\"async\" class=\"aligncenter size-full wp-image-161761\" src=\"https:\/\/www.upla.cl\/noticias\/wp-content\/uploads\/2023\/08\/Prensa-1-1-e1690923877186.png\" alt=\"\" width=\"640\" height=\"360\" srcset=\"https:\/\/upla.cl\/noticias\/wp-content\/uploads\/2023\/08\/Prensa-1-1-e1690923877186.png 640w, https:\/\/upla.cl\/noticias\/wp-content\/uploads\/2023\/08\/Prensa-1-1-e1690923877186-300x169.png 300w\" sizes=\"auto, (max-width: 640px) 100vw, 640px\" \/><\/a>Hasta el jueves 31 de agosto se prolongar\u00e1 la exhibici\u00f3n de la exposici\u00f3n \u201cCarlos Hermosilla, Artista del Pueblo\u201d en la galer\u00eda CreArte de la Biblioteca Central de la universidad.<\/p>\n<p style=\"text-align: justify;\">La muestra corresponde a una de las primeras actividades conmemorativas de los 50 a\u00f1os del Golpe Militar de 1973 que realiza nuestra casa de estudios en colaboraci\u00f3n con el Museo Universitario del Grabado de la Universidad de Playa Ancha, el Fondo de las Artes, la Galer\u00eda Crearte de la Biblioteca Central y la Direcci\u00f3n General de Desarrollo Estudiantil y que fue inaugurada oficialmente el pasado 5 de abril.<\/p>\n<p style=\"text-align: justify;\">La selecci\u00f3n de la muestra fue realizada por el curador del Museo Universitario del Grabado y director del Fondo de las Artes, Alberto Madrid, y contempla obras del artista entre las cuales se encuentran \u201cSalvador Allende\u201d (1973), \u201cRecabarren\u201d (1970), [Mujeres Mineras] (1936), [Serie las Banderas]: \u201cEl Martillo\u201d (1943) y \u201cEl Orador\u201d (1943), \u201cAguirre Cerda\u201d (c.1950), entre otras.<\/p>\n<p style=\"text-align: justify;\"><a href=\"https:\/\/www.upla.cl\/noticias\/wp-content\/uploads\/2023\/08\/Prensa-2-1-e1690923897747.png\"><img loading=\"lazy\" decoding=\"async\" class=\"alignright size-medium wp-image-161762\" src=\"https:\/\/www.upla.cl\/noticias\/wp-content\/uploads\/2023\/08\/Prensa-2-1-e1690923897747-300x169.png\" alt=\"\" width=\"300\" height=\"169\" srcset=\"https:\/\/upla.cl\/noticias\/wp-content\/uploads\/2023\/08\/Prensa-2-1-e1690923897747-300x169.png 300w, https:\/\/upla.cl\/noticias\/wp-content\/uploads\/2023\/08\/Prensa-2-1-e1690923897747.png 640w\" sizes=\"auto, (max-width: 300px) 100vw, 300px\" \/><\/a>Tambi\u00e9n, se exhiben documentos que corresponden a poemarios realizados por Carlos Hermosilla, el libro \u201cCentenario Carlos Hermosilla 1905 \u2013 2005\u201d (2005) y el cat\u00e1logo \u201cCarlos Hermosilla. Artista ciudadano adelantado en el arte de grabar\u201d (2003), entre otros archivos.<\/p>\n<p style=\"text-align: justify;\">Alberto Madrid destac\u00f3 que esta muestra contextualiza la trayectoria del artista: \u201cLa exposici\u00f3n corresponde a una selecci\u00f3n de obras que se inicia en la d\u00e9cada de los treinta del siglo XX, de modo que las obras y su montaje en su distribuci\u00f3n traman sentidos, al modo de un relato con personajes y acontecimientos\u201d.<\/p>\n<p style=\"text-align: justify;\">En 1971 Carlos Hermosilla recibe el premio Artista del Pueblo, creado por el Instituto de Arte Latinoamericano de la Facultad de Arte de la Universidad de Chile que le fue entregado por el presidente Salvador Allende en reconocimiento a su trayectoria.<\/p>\n<p style=\"text-align: justify;\">La fecha es significativa por los acontecimientos relacionados con la actividad cultural durante el gobierno de la Unidad Popular, tales como la creaci\u00f3n de la editorial Quimant\u00fa, el tren popular de la cultura, la obra de Roberto Matta, el premio Nobel de Literatura para Pablo Neruda, entre otros.<\/p>\n<p style=\"text-align: justify;\">La muestra puede ser visitada por la comunidad universitaria y p\u00fablico en general con entrada liberada, en la Biblioteca Central de la UPLA.<\/p>\n","protected":false},"excerpt":{"rendered":"<p>Exposici\u00f3n que re\u00fane sus grabados m\u00e1s destacados y poemarios es una de las primeras actividades con las que la UPLA conmemora los 50 a\u00f1os del Golpe Militar de 1973.<\/p>\n","protected":false},"author":11,"featured_media":161761,"comment_status":"closed","ping_status":"closed","sticky":false,"template":"","format":"standard","meta":{"footnotes":""},"categories":[207,96,47,48,40,69,97,71,99,153,151,139,91],"tags":[],"class_list":["post-161750","post","type-post","status-publish","format-standard","has-post-thumbnail","","category-50-anos-del-golpe","category-academicos","category-agenda","category-agenda-cultural","category-destacados","category-egresados","category-estudiantes","category-facultad-de-arte","category-funcionarios","category-galeria-crearte","category-museo-universitario-del-grabado","category-sibupla","category-vinculacion-con-el-medio"],"_links":{"self":[{"href":"https:\/\/upla.cl\/noticias\/wp-json\/wp\/v2\/posts\/161750","targetHints":{"allow":["GET"]}}],"collection":[{"href":"https:\/\/upla.cl\/noticias\/wp-json\/wp\/v2\/posts"}],"about":[{"href":"https:\/\/upla.cl\/noticias\/wp-json\/wp\/v2\/types\/post"}],"author":[{"embeddable":true,"href":"https:\/\/upla.cl\/noticias\/wp-json\/wp\/v2\/users\/11"}],"replies":[{"embeddable":true,"href":"https:\/\/upla.cl\/noticias\/wp-json\/wp\/v2\/comments?post=161750"}],"version-history":[{"count":0,"href":"https:\/\/upla.cl\/noticias\/wp-json\/wp\/v2\/posts\/161750\/revisions"}],"wp:featuredmedia":[{"embeddable":true,"href":"https:\/\/upla.cl\/noticias\/wp-json\/wp\/v2\/media\/161761"}],"wp:attachment":[{"href":"https:\/\/upla.cl\/noticias\/wp-json\/wp\/v2\/media?parent=161750"}],"wp:term":[{"taxonomy":"category","embeddable":true,"href":"https:\/\/upla.cl\/noticias\/wp-json\/wp\/v2\/categories?post=161750"},{"taxonomy":"post_tag","embeddable":true,"href":"https:\/\/upla.cl\/noticias\/wp-json\/wp\/v2\/tags?post=161750"}],"curies":[{"name":"wp","href":"https:\/\/api.w.org\/{rel}","templated":true}]}}