{"id":166033,"date":"2023-11-15T15:32:43","date_gmt":"2023-11-15T18:32:43","guid":{"rendered":"https:\/\/www.upla.cl\/noticias\/?p=166033"},"modified":"2023-11-17T14:52:50","modified_gmt":"2023-11-17T17:52:50","slug":"doctor-cristian-venegas-presenta-su-fotolibro-digital-la-melancolia-de-los-rios","status":"publish","type":"post","link":"https:\/\/upla.cl\/noticias\/2023\/11\/15\/doctor-cristian-venegas-presenta-su-fotolibro-digital-la-melancolia-de-los-rios\/","title":{"rendered":"Doctor Cristian Venegas presenta su fotolibro digital \u00abLa melancol\u00eda de los r\u00edos\u00bb"},"content":{"rendered":"<p><strong><a href=\"https:\/\/www.upla.cl\/noticias\/wp-content\/uploads\/2023\/11\/DR.-VENEGAS-FOTOGLIBRO-1.jpeg\"><img loading=\"lazy\" decoding=\"async\" class=\"alignleft size-medium wp-image-166038\" src=\"https:\/\/www.upla.cl\/noticias\/wp-content\/uploads\/2023\/11\/DR.-VENEGAS-FOTOGLIBRO-1-300x200.jpeg\" alt=\"\" width=\"300\" height=\"200\" srcset=\"https:\/\/upla.cl\/noticias\/wp-content\/uploads\/2023\/11\/DR.-VENEGAS-FOTOGLIBRO-1-300x200.jpeg 300w, https:\/\/upla.cl\/noticias\/wp-content\/uploads\/2023\/11\/DR.-VENEGAS-FOTOGLIBRO-1-1024x682.jpeg 1024w, https:\/\/upla.cl\/noticias\/wp-content\/uploads\/2023\/11\/DR.-VENEGAS-FOTOGLIBRO-1-768x512.jpeg 768w, https:\/\/upla.cl\/noticias\/wp-content\/uploads\/2023\/11\/DR.-VENEGAS-FOTOGLIBRO-1.jpeg 1400w\" sizes=\"auto, (max-width: 300px) 100vw, 300px\" \/><\/a>\u201cLa melancol\u00eda de los r\u00edos\u201d,<\/strong> se titul\u00f3 el fotolibro digital que present\u00f3 el <strong>profesor del Departamento de G\u00e9nero, Pol\u00edtica y Cultura, Doctor en Psicolog\u00eda Cristian Venegas,<\/strong> en la sala Luis Carre\u00f1o de nuestra Universidad. Se trata de una obra que el autor escribi\u00f3 basada en el existencialismo sartreano, en la cual aborda la creatividad art\u00edstica.<\/p>\n<p>Seg\u00fan sus propias palabras, en ella muestra el car\u00e1cter reduccionista de la concepci\u00f3n tradicional de la psicolog\u00eda del arte, que es la expresi\u00f3n de una conflictividad psicol\u00f3gica que busca tramitarse, o incluso, una psicopatolog\u00eda subyacente. As\u00ed \u2013dice- , discernir la conflictividad ps\u00edquica o el diagn\u00f3stico, permite encontrar esos s\u00edntomas enquistados en la estructura de la obra art\u00edstica.<\/p>\n<p>El Dr. Cristian Venegas critica el reduccionismo ps\u00edquico conflictual y psicopatol\u00f3gico para explicar la creatividad art\u00edstica. Propone una mirada existencialista que se centra en el car\u00e1cter particular de la existencia.<\/p>\n<p><a href=\"https:\/\/www.upla.cl\/noticias\/wp-content\/uploads\/2023\/11\/Asistentes-fotolibro.jpeg\"><img loading=\"lazy\" decoding=\"async\" class=\"alignright size-medium wp-image-166039\" src=\"https:\/\/www.upla.cl\/noticias\/wp-content\/uploads\/2023\/11\/Asistentes-fotolibro-300x200.jpeg\" alt=\"\" width=\"300\" height=\"200\" srcset=\"https:\/\/upla.cl\/noticias\/wp-content\/uploads\/2023\/11\/Asistentes-fotolibro-300x200.jpeg 300w, https:\/\/upla.cl\/noticias\/wp-content\/uploads\/2023\/11\/Asistentes-fotolibro-1024x683.jpeg 1024w, https:\/\/upla.cl\/noticias\/wp-content\/uploads\/2023\/11\/Asistentes-fotolibro-768x512.jpeg 768w, https:\/\/upla.cl\/noticias\/wp-content\/uploads\/2023\/11\/Asistentes-fotolibro.jpeg 1500w\" sizes=\"auto, (max-width: 300px) 100vw, 300px\" \/><\/a>\u201cEs decir, el artista como ser-en-el-mundo, frente a la nada. Esta obra expresa mi autenticidad y sentido, por tanto, no existe un nivel oculto o cr\u00edptico en la obra, solo posible de encontrar para especialistas o eruditos. Por el contrario, como autor y p\u00fablico estamos en una relaci\u00f3n de simetr\u00eda en cuanto a la construcci\u00f3n de sentido. De este modo, este fotolibro no es una representaci\u00f3n ni un mensaje. Es la expresi\u00f3n del ser, se trata de una subjetividad abierta\u201d, explica el acad\u00e9mico.<\/p>\n<p>Tal como lo comenta el Dr. Vengas, el ensayo contin\u00faa haciendo una revisi\u00f3n hist\u00f3rica de la melancol\u00eda que lo lleva como autor a mostrarse contrario al car\u00e1cter psicopatol\u00f3gico con el cual se aborda un estado afectivo como \u00e9ste. En su lugar, muestra que la melancol\u00eda es una experiencia vital donde el ser se sensibiliza. \u201cEs como el camino arquet\u00edpico del h\u00e9roe, de una sensibilidad gris\u00e1cea, de subsuelos y ra\u00edces. Es decir, variaciones de la luz\u201d, dijo.<\/p>\n<p>Agrega que la particularidad de un fotolibro, es que tiene un concepto y materialidad de la obra que est\u00e1 compuesta por una triple narrativa estrechamente entrelazada: textual, gr\u00e1fica y visual. Respecto a esta \u00faltima la paleta tonal de las fotograf\u00edas est\u00e1 en el espectro monocromo de manera predominante. Aparecen algunos pasajes con tonalidades m\u00e1s c\u00e1lidas, retornos y aperturas como si a una cadena de pronto se saltara un eslab\u00f3n.<\/p>\n<p><a href=\"https:\/\/www.upla.cl\/noticias\/wp-content\/uploads\/2023\/11\/DR.-VENEGAS-FOTOGLIBRO-1-1.jpeg\"><img loading=\"lazy\" decoding=\"async\" class=\"alignright size-medium wp-image-166040\" src=\"https:\/\/www.upla.cl\/noticias\/wp-content\/uploads\/2023\/11\/DR.-VENEGAS-FOTOGLIBRO-1-1-300x200.jpeg\" alt=\"\" width=\"300\" height=\"200\" srcset=\"https:\/\/upla.cl\/noticias\/wp-content\/uploads\/2023\/11\/DR.-VENEGAS-FOTOGLIBRO-1-1-300x200.jpeg 300w, https:\/\/upla.cl\/noticias\/wp-content\/uploads\/2023\/11\/DR.-VENEGAS-FOTOGLIBRO-1-1-1024x682.jpeg 1024w, https:\/\/upla.cl\/noticias\/wp-content\/uploads\/2023\/11\/DR.-VENEGAS-FOTOGLIBRO-1-1-768x512.jpeg 768w, https:\/\/upla.cl\/noticias\/wp-content\/uploads\/2023\/11\/DR.-VENEGAS-FOTOGLIBRO-1-1.jpeg 1400w\" sizes=\"auto, (max-width: 300px) 100vw, 300px\" \/><\/a>Para el Dr. Ricardo Loebell Silva, acad\u00e9mico del Departamento de Artes Integradas de la Facultad de Arte, el m\u00e9rito de la obra tambi\u00e9n se encuentra en el riguroso trabajo de contextualizar y sistematizar el \u00e1mbito de los fotolibros como forma de expresi\u00f3n art\u00edstica en Am\u00e9rica Latina y El Caribe. Tambi\u00e9n, destaca haberse acercado con profundidad anal\u00edtica, no solo a la melancol\u00eda, sino adem\u00e1s a comprender la creatividad de una forma que pone en tensi\u00f3n a la concepci\u00f3n tradicional, lo cual, por cierto, no est\u00e1 exento de debate.<\/p>\n<p>El fotolibro se encuentra disponible para su descarga gratuita en la secci\u00f3n e-book del Sistema Integrado de Bibliotecas de nuestra casa de estudios o a partir del <a href=\"https:\/\/drive.google.com\/file\/d\/1BZwJrv76HMW69pr2nratOIt4rFWfrEGS\/view\" target=\"_blank\" rel=\"noopener\">enlace<\/a> permanente que compartimos en esta noticia.<\/p>\n","protected":false},"excerpt":{"rendered":"<p>Se trata de una obra que el autor escribi\u00f3 basada en el existencialismo sartreano, en la cual aborda la creatividad art\u00edstica.<\/p>\n","protected":false},"author":3,"featured_media":166042,"comment_status":"closed","ping_status":"closed","sticky":false,"template":"","format":"standard","meta":{"footnotes":""},"categories":[51,96,40,97,71,76],"tags":[],"class_list":["post-166033","post","type-post","status-publish","format-standard","has-post-thumbnail","","category-academia","category-academicos","category-destacados","category-estudiantes","category-facultad-de-arte","category-facultad-de-ciencias-sociales"],"_links":{"self":[{"href":"https:\/\/upla.cl\/noticias\/wp-json\/wp\/v2\/posts\/166033","targetHints":{"allow":["GET"]}}],"collection":[{"href":"https:\/\/upla.cl\/noticias\/wp-json\/wp\/v2\/posts"}],"about":[{"href":"https:\/\/upla.cl\/noticias\/wp-json\/wp\/v2\/types\/post"}],"author":[{"embeddable":true,"href":"https:\/\/upla.cl\/noticias\/wp-json\/wp\/v2\/users\/3"}],"replies":[{"embeddable":true,"href":"https:\/\/upla.cl\/noticias\/wp-json\/wp\/v2\/comments?post=166033"}],"version-history":[{"count":0,"href":"https:\/\/upla.cl\/noticias\/wp-json\/wp\/v2\/posts\/166033\/revisions"}],"wp:featuredmedia":[{"embeddable":true,"href":"https:\/\/upla.cl\/noticias\/wp-json\/wp\/v2\/media\/166042"}],"wp:attachment":[{"href":"https:\/\/upla.cl\/noticias\/wp-json\/wp\/v2\/media?parent=166033"}],"wp:term":[{"taxonomy":"category","embeddable":true,"href":"https:\/\/upla.cl\/noticias\/wp-json\/wp\/v2\/categories?post=166033"},{"taxonomy":"post_tag","embeddable":true,"href":"https:\/\/upla.cl\/noticias\/wp-json\/wp\/v2\/tags?post=166033"}],"curies":[{"name":"wp","href":"https:\/\/api.w.org\/{rel}","templated":true}]}}