{"id":167605,"date":"2023-12-12T15:56:13","date_gmt":"2023-12-12T18:56:13","guid":{"rendered":"https:\/\/www.upla.cl\/noticias\/?p=167605"},"modified":"2023-12-12T15:58:04","modified_gmt":"2023-12-12T18:58:04","slug":"experiencia-artistica-y-apreciacion-de-la-biodiversidad-realizaron-estudiantes-de-artes-plasticas-en-parque-nacional-la-campana","status":"publish","type":"post","link":"https:\/\/upla.cl\/noticias\/2023\/12\/12\/experiencia-artistica-y-apreciacion-de-la-biodiversidad-realizaron-estudiantes-de-artes-plasticas-en-parque-nacional-la-campana\/","title":{"rendered":"Experiencia art\u00edstica y apreciaci\u00f3n de la biodiversidad realizaron estudiantes de Artes Pl\u00e1sticas en Parque Nacional La Campana"},"content":{"rendered":"<p><a href=\"https:\/\/www.upla.cl\/noticias\/wp-content\/uploads\/2023\/12\/Hijuelas1.jpg\"><img loading=\"lazy\" decoding=\"async\" class=\"aligncenter wp-image-167607\" src=\"https:\/\/www.upla.cl\/noticias\/wp-content\/uploads\/2023\/12\/Hijuelas1.jpg\" alt=\"\" width=\"550\" height=\"583\" srcset=\"https:\/\/upla.cl\/noticias\/wp-content\/uploads\/2023\/12\/Hijuelas1.jpg 640w, https:\/\/upla.cl\/noticias\/wp-content\/uploads\/2023\/12\/Hijuelas1-283x300.jpg 283w\" sizes=\"auto, (max-width: 550px) 100vw, 550px\" \/><\/a>Fomentar la expresi\u00f3n art\u00edstica y la apreciaci\u00f3n est\u00e9tica del entorno natural del <strong>Parque Nacional La Campana<\/strong> fue la finalidad del <strong>proyecto \u201cCapital de las flores\u201d -la expresi\u00f3n de la forma-,<\/strong> actividad gestionada por el <strong>Oficina de Cultura y Patrimonio de la Municipalidad de Hijuelas<\/strong> y que moviliz\u00f3 a <strong>estudiantes de segundo a\u00f1o de la carrera de Pedagog\u00eda en Artes Pl\u00e1sticas de la Facultad de Arte UPLA y estudiantes de ense\u00f1anza media del Liceo Jos\u00e9 Cort\u00e9s Brown de Cerro Castillo, Vi\u00f1a del Mar.<\/strong><\/p>\n<p><a href=\"https:\/\/www.upla.cl\/noticias\/wp-content\/uploads\/2023\/12\/Hijuelas5.jpg\"><img loading=\"lazy\" decoding=\"async\" class=\"alignleft size-medium wp-image-167610\" src=\"https:\/\/www.upla.cl\/noticias\/wp-content\/uploads\/2023\/12\/Hijuelas5-300x225.jpg\" alt=\"\" width=\"300\" height=\"225\" srcset=\"https:\/\/upla.cl\/noticias\/wp-content\/uploads\/2023\/12\/Hijuelas5-300x225.jpg 300w, https:\/\/upla.cl\/noticias\/wp-content\/uploads\/2023\/12\/Hijuelas5.jpg 640w\" sizes=\"auto, (max-width: 300px) 100vw, 300px\" \/><\/a>La actividad que fue posible gracias al financiamiento del <strong>Departamento de Educaci\u00f3n Art\u00edstica,<\/strong> se ejecut\u00f3 el jueves 30 de noviembre y fue liderada por el <strong>acad\u00e9mico UPLA V\u00edctor Maturana Leighton.<\/strong> El objetivo general fue facilitar que ambos grupos de estudiantes sean parte de una experiencia educativa respecto al conocimiento sobre la biodiversidad y conservaci\u00f3n combinada con la expresi\u00f3n art\u00edstica, resaltando con ello la apreciaci\u00f3n del entorno natural y cultural por medio de la creaci\u00f3n de obras de arte (pinturas), las que posteriormente fueron expuestas en el hall de la Municipalidad de Hijuelas.<\/p>\n<p>Durante la jornada de trabajo art\u00edstico y de apreciaci\u00f3n de la biodiversidad, destac\u00f3 adem\u00e1s la labor conjunta y colaborativa entre estudiantes de Artes Pl\u00e1sticas y alumnos y alumnas de segundo medio del Liceo Jos\u00e9 Cortes Brown de Vi\u00f1a del Mar, hecho reafirmado por el apadrinamiento que hizo cada estudiante UPLA de un alumno o alumna del establecimiento vi\u00f1amarino.<\/p>\n<p><a href=\"https:\/\/www.upla.cl\/noticias\/wp-content\/uploads\/2023\/12\/Hijuelas3.jpg\"><img loading=\"lazy\" decoding=\"async\" class=\"alignleft size-medium wp-image-167606\" src=\"https:\/\/www.upla.cl\/noticias\/wp-content\/uploads\/2023\/12\/Hijuelas3-300x225.jpg\" alt=\"\" width=\"300\" height=\"225\" srcset=\"https:\/\/upla.cl\/noticias\/wp-content\/uploads\/2023\/12\/Hijuelas3-300x225.jpg 300w, https:\/\/upla.cl\/noticias\/wp-content\/uploads\/2023\/12\/Hijuelas3.jpg 640w\" sizes=\"auto, (max-width: 300px) 100vw, 300px\" \/><\/a>Cabe mencionar que el proyecto \u201cCapital de las flores\u201d -la expresi\u00f3n de la forma-, gestionado y coordinado por la directora de la Oficina de Cultura y Patrimonio de Hijuelas y la <strong>exestudiante de Licenciatura en Arte de la UPLA, Gabriela Flores Campos,<\/strong> incluy\u00f3 en su programa un recorrido guiado por el Parque, actividades educativas, sesiones de arte en la naturaleza, actividades y sesiones de arte en vivero y una exposici\u00f3n final de las creaciones art\u00edsticas en el hall del municipio de Hijuelas.<\/p>\n<p style=\"text-align: right;\">(Rafael Aucap\u00e1n Millaquipai, periodista Facultad de Arte)<\/p>\n<div id='gallery-1' class='gallery galleryid-167605 gallery-columns-3 gallery-size-medium'><figure class='gallery-item'>\n\t\t\t<div class='gallery-icon landscape'>\n\t\t\t\t<a href='https:\/\/upla.cl\/noticias\/wp-content\/uploads\/2023\/12\/Hijuelas6.jpg'><img loading=\"lazy\" decoding=\"async\" width=\"300\" height=\"203\" src=\"https:\/\/upla.cl\/noticias\/wp-content\/uploads\/2023\/12\/Hijuelas6-300x203.jpg\" class=\"attachment-medium size-medium\" alt=\"\" srcset=\"https:\/\/upla.cl\/noticias\/wp-content\/uploads\/2023\/12\/Hijuelas6-300x203.jpg 300w, https:\/\/upla.cl\/noticias\/wp-content\/uploads\/2023\/12\/Hijuelas6-110x75.jpg 110w, https:\/\/upla.cl\/noticias\/wp-content\/uploads\/2023\/12\/Hijuelas6.jpg 640w\" sizes=\"auto, (max-width: 300px) 100vw, 300px\" \/><\/a>\n\t\t\t<\/div><\/figure><figure class='gallery-item'>\n\t\t\t<div class='gallery-icon landscape'>\n\t\t\t\t<a href='https:\/\/upla.cl\/noticias\/wp-content\/uploads\/2023\/12\/Hijuelas4.jpg'><img loading=\"lazy\" decoding=\"async\" width=\"300\" height=\"217\" src=\"https:\/\/upla.cl\/noticias\/wp-content\/uploads\/2023\/12\/Hijuelas4-300x217.jpg\" class=\"attachment-medium size-medium\" alt=\"\" srcset=\"https:\/\/upla.cl\/noticias\/wp-content\/uploads\/2023\/12\/Hijuelas4-300x217.jpg 300w, https:\/\/upla.cl\/noticias\/wp-content\/uploads\/2023\/12\/Hijuelas4.jpg 640w\" sizes=\"auto, (max-width: 300px) 100vw, 300px\" \/><\/a>\n\t\t\t<\/div><\/figure><figure class='gallery-item'>\n\t\t\t<div class='gallery-icon landscape'>\n\t\t\t\t<a href='https:\/\/upla.cl\/noticias\/wp-content\/uploads\/2023\/12\/Hijuelas2.jpg'><img loading=\"lazy\" decoding=\"async\" width=\"300\" height=\"217\" src=\"https:\/\/upla.cl\/noticias\/wp-content\/uploads\/2023\/12\/Hijuelas2-300x217.jpg\" class=\"attachment-medium size-medium\" alt=\"\" srcset=\"https:\/\/upla.cl\/noticias\/wp-content\/uploads\/2023\/12\/Hijuelas2-300x217.jpg 300w, https:\/\/upla.cl\/noticias\/wp-content\/uploads\/2023\/12\/Hijuelas2.jpg 640w\" sizes=\"auto, (max-width: 300px) 100vw, 300px\" \/><\/a>\n\t\t\t<\/div><\/figure>\n\t\t<\/div>\n\n","protected":false},"excerpt":{"rendered":"<p>Proyecto \u201cCapital de las flores\u201d -la expresi\u00f3n de la forma- gestionado por la Oficina de Cultura y Patrimonio de Hijuelas convoc\u00f3 a estudiantes de la Facultad de Arte UPLA y del Liceo Jos\u00e9 Cort\u00e9s Brown de Cerro Castillo.<\/p>\n","protected":false},"author":11,"featured_media":167607,"comment_status":"closed","ping_status":"closed","sticky":false,"template":"","format":"standard","meta":{"footnotes":""},"categories":[96,52,40,69,97,71,91],"tags":[],"class_list":["post-167605","post","type-post","status-publish","format-standard","has-post-thumbnail","","category-academicos","category-cultura","category-destacados","category-egresados","category-estudiantes","category-facultad-de-arte","category-vinculacion-con-el-medio"],"_links":{"self":[{"href":"https:\/\/upla.cl\/noticias\/wp-json\/wp\/v2\/posts\/167605","targetHints":{"allow":["GET"]}}],"collection":[{"href":"https:\/\/upla.cl\/noticias\/wp-json\/wp\/v2\/posts"}],"about":[{"href":"https:\/\/upla.cl\/noticias\/wp-json\/wp\/v2\/types\/post"}],"author":[{"embeddable":true,"href":"https:\/\/upla.cl\/noticias\/wp-json\/wp\/v2\/users\/11"}],"replies":[{"embeddable":true,"href":"https:\/\/upla.cl\/noticias\/wp-json\/wp\/v2\/comments?post=167605"}],"version-history":[{"count":0,"href":"https:\/\/upla.cl\/noticias\/wp-json\/wp\/v2\/posts\/167605\/revisions"}],"wp:featuredmedia":[{"embeddable":true,"href":"https:\/\/upla.cl\/noticias\/wp-json\/wp\/v2\/media\/167607"}],"wp:attachment":[{"href":"https:\/\/upla.cl\/noticias\/wp-json\/wp\/v2\/media?parent=167605"}],"wp:term":[{"taxonomy":"category","embeddable":true,"href":"https:\/\/upla.cl\/noticias\/wp-json\/wp\/v2\/categories?post=167605"},{"taxonomy":"post_tag","embeddable":true,"href":"https:\/\/upla.cl\/noticias\/wp-json\/wp\/v2\/tags?post=167605"}],"curies":[{"name":"wp","href":"https:\/\/api.w.org\/{rel}","templated":true}]}}