{"id":169371,"date":"2024-01-22T16:44:50","date_gmt":"2024-01-22T19:44:50","guid":{"rendered":"https:\/\/www.upla.cl\/noticias\/?p=169371"},"modified":"2024-01-22T16:44:50","modified_gmt":"2024-01-22T19:44:50","slug":"por-que-decidi-estudiar-en-la-universidad-de-playa-ancha-tres-jovenes-comparten-sus-motivaciones","status":"publish","type":"post","link":"https:\/\/upla.cl\/noticias\/2024\/01\/22\/por-que-decidi-estudiar-en-la-universidad-de-playa-ancha-tres-jovenes-comparten-sus-motivaciones\/","title":{"rendered":"\u00bfPor qu\u00e9 decid\u00ed estudiar en la Universidad de Playa Ancha?: Tres j\u00f3venes comparten sus motivaciones"},"content":{"rendered":"<p><a href=\"https:\/\/www.upla.cl\/noticias\/wp-content\/uploads\/2024\/01\/Matriculas-UPLA-2024.png\"><img loading=\"lazy\" decoding=\"async\" class=\"aligncenter size-full wp-image-169375\" src=\"https:\/\/www.upla.cl\/noticias\/wp-content\/uploads\/2024\/01\/Matriculas-UPLA-2024.png\" alt=\"\" width=\"1320\" height=\"874\" srcset=\"https:\/\/upla.cl\/noticias\/wp-content\/uploads\/2024\/01\/Matriculas-UPLA-2024.png 1320w, https:\/\/upla.cl\/noticias\/wp-content\/uploads\/2024\/01\/Matriculas-UPLA-2024-300x199.png 300w, https:\/\/upla.cl\/noticias\/wp-content\/uploads\/2024\/01\/Matriculas-UPLA-2024-1024x678.png 1024w, https:\/\/upla.cl\/noticias\/wp-content\/uploads\/2024\/01\/Matriculas-UPLA-2024-768x509.png 768w, https:\/\/upla.cl\/noticias\/wp-content\/uploads\/2024\/01\/Matriculas-UPLA-2024-310x205.png 310w\" sizes=\"auto, (max-width: 1320px) 100vw, 1320px\" \/><\/a><\/p>\n<p>Distintas son las motivaciones por las cuales cientos de estudiantes de distintas partes del pa\u00eds, decidieron optar por matricularse en alguna de las 38 carreras que imparte nuestra casa de estudios. La tradici\u00f3n, mallas curriculares o las recomendaciones, fueron algunas de las razones que esgrimieron tres j\u00f3venes, cuyas historias compartimos hoy con ustedes.<\/p>\n<p><strong><a href=\"https:\/\/www.upla.cl\/noticias\/wp-content\/uploads\/2024\/01\/Carla-Abarca.png\"><img loading=\"lazy\" decoding=\"async\" class=\"alignleft size-thumbnail wp-image-169376\" src=\"https:\/\/www.upla.cl\/noticias\/wp-content\/uploads\/2024\/01\/Carla-Abarca-150x150.png\" alt=\"\" width=\"150\" height=\"150\" \/><\/a>Carla Abarca:<\/strong> \u00abSoy de San Antonio, y voy a estudiar Pedagog\u00eda en Educaci\u00f3n Diferencial. Escog\u00ed esta carrera por vocaci\u00f3n, porque me gusta. Adem\u00e1s hoy hay muchos ni\u00f1os con el diagn\u00f3stico de TEA (Trastorno del Espectro Autista) y, por lo mismo, me gustar\u00eda ser un aporte para la sociedad, y escog\u00ed esta universidad, porque me la recomendaron mucho, me dijeron que era muy buena, muchos profesionales salieron de aqu\u00ed.<\/p>\n<p>&nbsp;<\/p>\n<p><strong><a href=\"https:\/\/www.upla.cl\/noticias\/wp-content\/uploads\/2024\/01\/Maria-Jesus.png\"><img loading=\"lazy\" decoding=\"async\" class=\"alignleft size-thumbnail wp-image-169377\" src=\"https:\/\/www.upla.cl\/noticias\/wp-content\/uploads\/2024\/01\/Maria-Jesus-150x150.png\" alt=\"\" width=\"150\" height=\"150\" \/><\/a>Mar\u00eda Jes\u00fas Cabrera<\/strong>: \u00abHola, eleg\u00ed Fonoaudiolog\u00eda, porque siempre me ha gustado esta carrera. Siempre me ha gustado ayudar a otros y tengo paciencia con las personas, por eso creo que es perfecta para m\u00ed. Y eleg\u00ed la Universidad de Playa Ancha, porque es una universidad dedicada a esto&#8230;.Encuentro que es una de las mejores\u00bb.<\/p>\n<p>&nbsp;<\/p>\n<p>&nbsp;<\/p>\n<p><strong><a href=\"https:\/\/www.upla.cl\/noticias\/wp-content\/uploads\/2024\/01\/Vicente-Catalan.png\"><img loading=\"lazy\" decoding=\"async\" class=\"alignleft size-thumbnail wp-image-169378\" src=\"https:\/\/www.upla.cl\/noticias\/wp-content\/uploads\/2024\/01\/Vicente-Catalan-150x150.png\" alt=\"\" width=\"150\" height=\"150\" \/><\/a>Vicente Catal\u00e1n:<\/strong> \u00abVengo de Casablanca, y vine a matricularme en Psicolog\u00eda ac\u00e1 en la UPLA, porque la considero una de las mejores universidades para estudiar esta carrera actualmente. Adem\u00e1s, revis\u00e9 su malla curricular y me gust\u00f3 mucho\u00bb.<\/p>\n","protected":false},"excerpt":{"rendered":"<p>La tradici\u00f3n, mallas curriculares o las recomendaciones, fueron algunas de las razones que esgrimieron tres j\u00f3venes, cuyas historias compartimos hoy con ustedes.\u00a0<\/p>\n","protected":false},"author":3,"featured_media":169375,"comment_status":"closed","ping_status":"closed","sticky":false,"template":"","format":"standard","meta":{"footnotes":""},"categories":[51,212,40,97,73,74,76],"tags":[],"class_list":["post-169371","post","type-post","status-publish","format-standard","has-post-thumbnail","","category-academia","category-admision","category-destacados","category-estudiantes","category-facultad-de-ciencias-de-la-educacion","category-facultad-de-ciencias-de-la-salud","category-facultad-de-ciencias-sociales"],"_links":{"self":[{"href":"https:\/\/upla.cl\/noticias\/wp-json\/wp\/v2\/posts\/169371","targetHints":{"allow":["GET"]}}],"collection":[{"href":"https:\/\/upla.cl\/noticias\/wp-json\/wp\/v2\/posts"}],"about":[{"href":"https:\/\/upla.cl\/noticias\/wp-json\/wp\/v2\/types\/post"}],"author":[{"embeddable":true,"href":"https:\/\/upla.cl\/noticias\/wp-json\/wp\/v2\/users\/3"}],"replies":[{"embeddable":true,"href":"https:\/\/upla.cl\/noticias\/wp-json\/wp\/v2\/comments?post=169371"}],"version-history":[{"count":0,"href":"https:\/\/upla.cl\/noticias\/wp-json\/wp\/v2\/posts\/169371\/revisions"}],"wp:featuredmedia":[{"embeddable":true,"href":"https:\/\/upla.cl\/noticias\/wp-json\/wp\/v2\/media\/169375"}],"wp:attachment":[{"href":"https:\/\/upla.cl\/noticias\/wp-json\/wp\/v2\/media?parent=169371"}],"wp:term":[{"taxonomy":"category","embeddable":true,"href":"https:\/\/upla.cl\/noticias\/wp-json\/wp\/v2\/categories?post=169371"},{"taxonomy":"post_tag","embeddable":true,"href":"https:\/\/upla.cl\/noticias\/wp-json\/wp\/v2\/tags?post=169371"}],"curies":[{"name":"wp","href":"https:\/\/api.w.org\/{rel}","templated":true}]}}