{"id":169603,"date":"2024-03-04T15:42:41","date_gmt":"2024-03-04T18:42:41","guid":{"rendered":"https:\/\/www.upla.cl\/noticias\/?p=169603"},"modified":"2024-03-06T21:14:39","modified_gmt":"2024-03-07T00:14:39","slug":"renombran-planta-endemica-chilena-en-honor-al-profesor-rodrigo-villasenor","status":"publish","type":"post","link":"https:\/\/upla.cl\/noticias\/2024\/03\/04\/renombran-planta-endemica-chilena-en-honor-al-profesor-rodrigo-villasenor\/","title":{"rendered":"Renombran planta end\u00e9mica chilena en honor al profesor Rodrigo Villase\u00f1or"},"content":{"rendered":"<p><a href=\"https:\/\/www.upla.cl\/noticias\/wp-content\/uploads\/2024\/03\/Stellaria-villasenorii.-Pycnophyllum-lanatum-Darw-SI-IMG_0964.jpg\"><img loading=\"lazy\" decoding=\"async\" class=\"aligncenter wp-image-169605 size-full\" src=\"https:\/\/www.upla.cl\/noticias\/wp-content\/uploads\/2024\/03\/Stellaria-villasenorii.-Pycnophyllum-lanatum-Darw-SI-IMG_0964.jpg\" alt=\"\" width=\"640\" height=\"462\" srcset=\"https:\/\/upla.cl\/noticias\/wp-content\/uploads\/2024\/03\/Stellaria-villasenorii.-Pycnophyllum-lanatum-Darw-SI-IMG_0964.jpg 640w, https:\/\/upla.cl\/noticias\/wp-content\/uploads\/2024\/03\/Stellaria-villasenorii.-Pycnophyllum-lanatum-Darw-SI-IMG_0964-300x217.jpg 300w\" sizes=\"auto, (max-width: 640px) 100vw, 640px\" \/><\/a><\/p>\n<p>Un valioso reconocimiento a su dilatada trayectoria acad\u00e9mica recibi\u00f3, recientemente, el <strong>profesor Rodrigo Villase\u00f1or, investigador em\u00e9rito del <a href=\"https:\/\/hubambientalupla.cl\/\">HUB Ambiental<\/a> de la Universidad de Playa Ancha<\/strong>, en cuyo honor se renombr\u00f3 a una especie end\u00e9mica chilena de la Cordillera de Los Andes.<\/p>\n<p>Se trata de la planta denominada cient\u00edficamente como Stellaria villasenorii Montesinos Tub\u00e9e &amp;amp; Borsch 2023, recuperada dentro de un subclado anidado en el g\u00e9nero monofil\u00e9tico Stellaria, en el marco del estudio \u201cMolecular phylogenetics and morphology reveal the Plettkea lineage including several members of Arenaria and Pycnophyllopsis to be a clade of 21 South American species nested within Stellaria (Caryophyllaceae, Alsineae)\u201d, publicado por la revista cient\u00edfica BioOne.<\/p>\n<p>Como explica el <strong>Dr. Daniel B. Montesinos Tub\u00e9e, investigador <\/strong><strong>postdoctoral del Botanischer Garten und Botanisches Museum de la Freie <\/strong><strong>Universit\u00e4t Berlin (FUB<\/strong>) \u2013coautor del art\u00edculo junto al Dr. Thomas Borsch, de la misma casa de estudios germana\u2013, la investigaci\u00f3n se focaliz\u00f3 en la familia Caryophyllaceae, plantas que se desarrollan como matas o almohadillas y se encuentran en las mayores altitudes de los<br \/>\nAndes, entre los 3.500 y los 5.000 metros de altitud.<\/p>\n<figure id=\"attachment_169606\" aria-describedby=\"caption-attachment-169606\" style=\"width: 300px\" class=\"wp-caption alignright\"><a href=\"https:\/\/www.upla.cl\/noticias\/wp-content\/uploads\/2024\/03\/Dr.-Daniel-B.-Montesinos-Tubee.jpg\"><img loading=\"lazy\" decoding=\"async\" class=\"size-medium wp-image-169606\" src=\"https:\/\/www.upla.cl\/noticias\/wp-content\/uploads\/2024\/03\/Dr.-Daniel-B.-Montesinos-Tubee-300x225.jpg\" alt=\"\" width=\"300\" height=\"225\" srcset=\"https:\/\/upla.cl\/noticias\/wp-content\/uploads\/2024\/03\/Dr.-Daniel-B.-Montesinos-Tubee-300x225.jpg 300w, https:\/\/upla.cl\/noticias\/wp-content\/uploads\/2024\/03\/Dr.-Daniel-B.-Montesinos-Tubee.jpg 640w\" sizes=\"auto, (max-width: 300px) 100vw, 300px\" \/><\/a><figcaption id=\"caption-attachment-169606\" class=\"wp-caption-text\">Dr. Daniel B. Montesinos Tub\u00e9e.<\/figcaption><\/figure>\n<p>Esta familia posee un gran n\u00famero de especies, las cuales han tenido una evoluci\u00f3n convergente en diversos linajes. Los an\u00e1lisis filogen\u00e9ticos moleculares, por ende, recuperaron este subclado, constituido por los miembros previamente clasificados en Plettkea y Pycnophyllopsis y especies clasificadas hasta ahora en Arenaria.<\/p>\n<p>\u201cSe hizo un an\u00e1lisis molecular morfol\u00f3gico, dentro del g\u00e9nero Arenaria. Para esto se descubri\u00f3 que hab\u00eda un clado que pertenec\u00eda a otro grupo taxon\u00f3mico, del g\u00e9nero Stellaria, que en Chile es com\u00fan\u201d, detalla, indicando que el art\u00edculo contempla 21 especies, de las cuales 14 son nuevas combinaciones. \u201cCuatro son nuevas especies para la ciencia y\u00a0dentro de esas 14 nuevas combinaciones, una de ellas es la que est\u00e1 dedicada al profesor Villase\u00f1or\u201d, recalca.<\/p>\n<p><strong>Honorable reconocimiento<\/strong><\/p>\n<figure id=\"attachment_169607\" aria-describedby=\"caption-attachment-169607\" style=\"width: 300px\" class=\"wp-caption alignleft\"><a href=\"https:\/\/www.upla.cl\/noticias\/wp-content\/uploads\/2024\/03\/Rodrigo-Villasenor.jpg\"><img loading=\"lazy\" decoding=\"async\" class=\"size-medium wp-image-169607\" src=\"https:\/\/www.upla.cl\/noticias\/wp-content\/uploads\/2024\/03\/Rodrigo-Villasenor-300x199.jpg\" alt=\"\" width=\"300\" height=\"199\" srcset=\"https:\/\/upla.cl\/noticias\/wp-content\/uploads\/2024\/03\/Rodrigo-Villasenor-300x199.jpg 300w, https:\/\/upla.cl\/noticias\/wp-content\/uploads\/2024\/03\/Rodrigo-Villasenor-310x205.jpg 310w, https:\/\/upla.cl\/noticias\/wp-content\/uploads\/2024\/03\/Rodrigo-Villasenor.jpg 640w\" sizes=\"auto, (max-width: 300px) 100vw, 300px\" \/><\/a><figcaption id=\"caption-attachment-169607\" class=\"wp-caption-text\">Investigador em\u00e9rito, Rodrigo Villase\u00f1or.<\/figcaption><\/figure>\n<p>Tras conocerse en el contexto de congresos y reuniones cient\u00edficas, el Dr. Montesinos forj\u00f3 una estrecha relaci\u00f3n colaborativa con el profesor Villase\u00f1or. Fue as\u00ed como, tras culminar las conclusiones de su estudio y obtener la venia de su coautor, el investigador del HUB Ambiental UPLA recibi\u00f3 una llamada de su parte, donde le consult\u00f3 si alguna vez le hab\u00edan dedicado una especie.<\/p>\n<p>\u201cYo contest\u00e9 que no y me cuenta que hay una especie nativa de la zona que estaban trabajando, que \u00e9l quiere ponerle mi nombre. Yo le dije que, por supuesto, era un honor para m\u00ed, porque para todo acad\u00e9mico o cient\u00edfico que le dediquen una especie es un reconocimiento de una trayectoria\u201d, expresa el profesor Villase\u00f1or.<\/p>\n<p>El Dr. Montesinos relata que la oportunidad se dio, espec\u00edficamente, cuando tuvo que hacer un cambio nomenclatural, basado en la mencionada morfolog\u00eda molecular, transfiriendo la especie Pycnophyllopsis lanata desde el g\u00e9nero Arenaria pycnophyllopsis al g\u00e9nero Stellaria.<\/p>\n<p>\u201cPara m\u00ed es, realmente, m\u00e1s que un honor, porque yo creo que tambi\u00e9n para la comunidad cient\u00edfica chilena debe ser un halago tener al profesor Villase\u00f1or y que, de pronto, tengo un ejemplar dedicado a \u00e9l\u201d, manifiesta, haciendo especial \u00e9nfasis en que \u201cno estamos hablando de una especie extranjera, sino una end\u00e9mica de Chile, as\u00ed que no podr\u00eda ser mejor\u201d.<\/p>\n<p>A nivel de biodiversidad de flora y fauna, \u201cChile es uno de los pa\u00edses que tiene mayor endemismo y hay dos zonas que est\u00e1n declarados como hotspots o puntos calientes\u201d, subraya, al respecto, el profesor Villase\u00f1or.<\/p>\n<p>A nivel mundial existen 34 hotspots y, en nuestro pa\u00eds, acota, uno se encuentra en el norte, en la monta\u00f1a, y otro en el centro-sur, donde existe el bosque escler\u00f3filo y valdiviano. Considerando esto, afirma: \u201cNo vamos a encontrar una especie de este tipo en otro lado, solamente ac\u00e1, como la Stellaria villasenorii, que es end\u00e9mica de esa zona. Entonces eso es lo importante, estudiar las plantas para protegerlas\u201d, concluye.<\/p>\n<p style=\"text-align: right;\"><em>Fuente: Diego Trujillo S., periodista Centro de Investigaci\u00f3n HUB Ambiental UPLA<\/em><\/p>\n","protected":false},"excerpt":{"rendered":"<p>En el marco de las conclusiones de un art\u00edculo cient\u00edfico, y como un homenaje a la destacada trayectoria del investigador em\u00e9rito del HUB Ambiental de la UPLA, el Dr. Daniel B. Montesinos Tub\u00e9e, investigador postdoctoral de la Freie Universit\u00e4t Berlin (FUB) denomin\u00f3 como Stellaria villasenorii a una especie previamente clasificada en otro subgrupo.<\/p>\n","protected":false},"author":10,"featured_media":169605,"comment_status":"closed","ping_status":"closed","sticky":false,"template":"","format":"standard","meta":{"footnotes":""},"categories":[51,96,40,209,43,86],"tags":[],"class_list":["post-169603","post","type-post","status-publish","format-standard","has-post-thumbnail","","category-academia","category-academicos","category-destacados","category-hub-ambiental","category-investigacion","category-relaciones-internacionales"],"_links":{"self":[{"href":"https:\/\/upla.cl\/noticias\/wp-json\/wp\/v2\/posts\/169603","targetHints":{"allow":["GET"]}}],"collection":[{"href":"https:\/\/upla.cl\/noticias\/wp-json\/wp\/v2\/posts"}],"about":[{"href":"https:\/\/upla.cl\/noticias\/wp-json\/wp\/v2\/types\/post"}],"author":[{"embeddable":true,"href":"https:\/\/upla.cl\/noticias\/wp-json\/wp\/v2\/users\/10"}],"replies":[{"embeddable":true,"href":"https:\/\/upla.cl\/noticias\/wp-json\/wp\/v2\/comments?post=169603"}],"version-history":[{"count":0,"href":"https:\/\/upla.cl\/noticias\/wp-json\/wp\/v2\/posts\/169603\/revisions"}],"wp:featuredmedia":[{"embeddable":true,"href":"https:\/\/upla.cl\/noticias\/wp-json\/wp\/v2\/media\/169605"}],"wp:attachment":[{"href":"https:\/\/upla.cl\/noticias\/wp-json\/wp\/v2\/media?parent=169603"}],"wp:term":[{"taxonomy":"category","embeddable":true,"href":"https:\/\/upla.cl\/noticias\/wp-json\/wp\/v2\/categories?post=169603"},{"taxonomy":"post_tag","embeddable":true,"href":"https:\/\/upla.cl\/noticias\/wp-json\/wp\/v2\/tags?post=169603"}],"curies":[{"name":"wp","href":"https:\/\/api.w.org\/{rel}","templated":true}]}}