{"id":169778,"date":"2024-03-08T11:06:01","date_gmt":"2024-03-08T14:06:01","guid":{"rendered":"https:\/\/www.upla.cl\/noticias\/?p=169778"},"modified":"2024-03-08T11:06:01","modified_gmt":"2024-03-08T14:06:01","slug":"comision-de-igualdad-de-genero-cruch-anuncia-transversalizacion-de-perspectiva-de-genero-en-planes-curriculares","status":"publish","type":"post","link":"https:\/\/upla.cl\/noticias\/2024\/03\/08\/comision-de-igualdad-de-genero-cruch-anuncia-transversalizacion-de-perspectiva-de-genero-en-planes-curriculares\/","title":{"rendered":"Comisi\u00f3n de Igualdad de G\u00e9nero CRUCH anuncia transversalizaci\u00f3n de perspectiva de g\u00e9nero en planes curriculares"},"content":{"rendered":"<p><a href=\"https:\/\/www.upla.cl\/noticias\/wp-content\/uploads\/2024\/03\/CRUCH_8M-2024.jpg\"><img loading=\"lazy\" decoding=\"async\" class=\"alignright size-medium wp-image-169780\" src=\"https:\/\/www.upla.cl\/noticias\/wp-content\/uploads\/2024\/03\/CRUCH_8M-2024-300x202.jpg\" alt=\"\" width=\"300\" height=\"202\" srcset=\"https:\/\/upla.cl\/noticias\/wp-content\/uploads\/2024\/03\/CRUCH_8M-2024-300x202.jpg 300w, https:\/\/upla.cl\/noticias\/wp-content\/uploads\/2024\/03\/CRUCH_8M-2024-768x516.jpg 768w, https:\/\/upla.cl\/noticias\/wp-content\/uploads\/2024\/03\/CRUCH_8M-2024-110x75.jpg 110w, https:\/\/upla.cl\/noticias\/wp-content\/uploads\/2024\/03\/CRUCH_8M-2024.jpg 800w\" sizes=\"auto, (max-width: 300px) 100vw, 300px\" \/><\/a>Para conmemorar el <strong>D\u00eda Internacional de la Mujer<\/strong> este 8 de marzo, la <strong>Comisi\u00f3n de Igualdad de G\u00e9nero del Consejo de Rectoras y Rectores de las Universidades Chilenas<\/strong> (CRUCH) elabor\u00f3 un <a href=\"https:\/\/www.youtube.com\/watch?v=-yHikkv7Cno\" target=\"_blank\" rel=\"noopener\"><strong>video<\/strong><\/a> de manera colaborativa, en el que participan acad\u00e9micas, estudiantes y autoridades universitarias, donde se reconocen las luchas de las mujeres a trav\u00e9s de la historia para alcanzar su derecho a participar en diversos \u00e1mbitos de la vida social, pol\u00edtica, cient\u00edfica y acad\u00e9mica, as\u00ed como un llamado a continuar avanzando.<\/p>\n<p>Como en a\u00f1os anteriores, la Comisi\u00f3n de Igualdad de G\u00e9nero hace un balance de los principales logros desde su creaci\u00f3n en el a\u00f1o 2018 y, tambi\u00e9n, de las distintas problem\u00e1ticas que es necesario abordar.<\/p>\n<p>Para la presidenta de esta comisi\u00f3n del CRUCH, <strong>Ang\u00e9lica Mar\u00edn<\/strong>, \u201ces importante valorar los avances del trabajo de las universidades al contar con Pol\u00edticas de Igualdad; no obstante, es importante reconocer que a\u00fan existen muchos desaf\u00edos para reducir o eliminar las desigualdades de g\u00e9nero detectadas en las universidades en investigaci\u00f3n, en la formaci\u00f3n, en representaci\u00f3n de las mujeres en cargos de toma de decisiones, en temas de corresponsabilidad social de los cuidados y en la erradicaci\u00f3n de la violencia de g\u00e9nero de los espacios universitarios\u201d.<\/p>\n<p>La rectora de la Universidad de O&#8217;Higgins (UOH) y encargada de la comisi\u00f3n, <strong>Fernanda Kri<\/strong>, dice que \u201cel 8M siempre tiene un gusto dulce y amargo, donde podemos ver todo lo que hemos avanzado, pero puede ocurrir que en cualquier minuto retrocedamos\u201d. En ese sentido, le preocupa la \u201cfragilidad de los avances\u201d y considera imprescindible trabajar para la consolidaci\u00f3n de los mismos, \u201cpara que todo lo que logramos avanzar en las \u00faltimas d\u00e9cadas no retroceda por un cambio de gobierno, un cambio pol\u00edtico o lo que sea\u201d, sostiene.<\/p>\n<h5><strong>Desaf\u00edos 2024<\/strong><\/h5>\n<p>En cuanto a la agenda de trabajo para 2024, en la plenaria de la comisi\u00f3n de enero pasado se defini\u00f3 que una de las prioridades es \u201cla transversalizaci\u00f3n de la perspectiva de g\u00e9nero en los planes curriculares y continuar de manera decidida con el proceso de formulaci\u00f3n de planes de igualdad con acciones y medidas que logren en la vida cotidiana de las universidades la igualdad sustantiva\u201d, plantea Ang\u00e9lica Mar\u00edn, quien tambi\u00e9n se desempe\u00f1a como secretaria ejecutiva de la Oficina de G\u00e9nero y Sexualidad de la Universidad Metropolitana de Ciencias de la Educaci\u00f3n (UMCE).<\/p>\n<p>La rectora Kri agrega que sobre todo \u201ces importante comprender que cuando en las universidades formamos profesionales en cualquier \u00e1rea y les formamos en un entorno diverso, las\/os estudiantes van a tener una mejor formaci\u00f3n\u201d. Enfatiza que \u201ccuando hablamos de transversalizaci\u00f3n del enfoque g\u00e9nero, es fundamental que comprendamos que la diversidad es una puerta a una mejor calidad de la formaci\u00f3n\u201d.<\/p>\n<p>A modo de ejemplo, la rectora Kri se refiere al caso de las ingenier\u00edas. \u201cCuando las universidades hacen un esfuerzo para incorporar, por ejemplo, en las carreras de ingenier\u00eda a m\u00e1s mujeres, no es un favor a las mujeres, sino que es positivo para todo el estudiantado, porque esos ingenieros e ingenieras del futuro van a ser mejores si han sido formados en un ambiente diverso, y en un ambiente donde la mirada de las mujeres tambi\u00e9n est\u00e1 presente\u201d, afirma.<\/p>\n<h5><strong>Actividades de conmemoraci\u00f3n 8M<\/strong><\/h5>\n<p>Para conmemorar el <strong>D\u00eda Internacional de la Mujer<\/strong>, las universidades del CRUCH han organizado diversas actividades que se desarrollar\u00e1n durante marzo, entre las que se contemplan actos, conversatorios, charlas, obras de teatro, conciertos, proyectos, encuentros, talleres, ferias, exposiciones, seminarios, cine, jornadas reflexivas.<\/p>\n<p>Las diversas iniciativas se pueden revisar en la cuenta de Instagram del CRUCH: <a href=\"https:\/\/www.instagram.com\/consejoderectores\/\" target=\"_blank\" rel=\"noopener\"><strong>@consejoderectores<\/strong><\/a>.<\/p>\n<p>&nbsp;<\/p>\n<p>Video conmemorativo 8M, Comisi\u00f3n de Igualdad de G\u00e9nero CRUCH:<\/p>\n<p><iframe loading=\"lazy\" title=\"YouTube video player\" src=\"https:\/\/www.youtube.com\/embed\/-yHikkv7Cno?si=UJQ95p6iwnk7ndmM\" width=\"560\" height=\"315\" frameborder=\"0\" allowfullscreen=\"allowfullscreen\"><\/iframe><\/p>\n<p>&nbsp;<\/p>\n","protected":false},"excerpt":{"rendered":"<p>Para conmemorar el D\u00eda Internacional de la Mujer, la Comisi\u00f3n de Igualdad de G\u00e9nero del Consejo de Rectoras y Rectores elabor\u00f3 un video de manera colaborativa.<\/p>\n","protected":false},"author":4,"featured_media":169780,"comment_status":"closed","ping_status":"closed","sticky":false,"template":"","format":"standard","meta":{"footnotes":""},"categories":[150,98,178,113],"tags":[],"class_list":["post-169778","post","type-post","status-publish","format-standard","has-post-thumbnail","","category-genero","category-gestion","category-rectoria","category-universidades-en-red"],"_links":{"self":[{"href":"https:\/\/upla.cl\/noticias\/wp-json\/wp\/v2\/posts\/169778","targetHints":{"allow":["GET"]}}],"collection":[{"href":"https:\/\/upla.cl\/noticias\/wp-json\/wp\/v2\/posts"}],"about":[{"href":"https:\/\/upla.cl\/noticias\/wp-json\/wp\/v2\/types\/post"}],"author":[{"embeddable":true,"href":"https:\/\/upla.cl\/noticias\/wp-json\/wp\/v2\/users\/4"}],"replies":[{"embeddable":true,"href":"https:\/\/upla.cl\/noticias\/wp-json\/wp\/v2\/comments?post=169778"}],"version-history":[{"count":0,"href":"https:\/\/upla.cl\/noticias\/wp-json\/wp\/v2\/posts\/169778\/revisions"}],"wp:featuredmedia":[{"embeddable":true,"href":"https:\/\/upla.cl\/noticias\/wp-json\/wp\/v2\/media\/169780"}],"wp:attachment":[{"href":"https:\/\/upla.cl\/noticias\/wp-json\/wp\/v2\/media?parent=169778"}],"wp:term":[{"taxonomy":"category","embeddable":true,"href":"https:\/\/upla.cl\/noticias\/wp-json\/wp\/v2\/categories?post=169778"},{"taxonomy":"post_tag","embeddable":true,"href":"https:\/\/upla.cl\/noticias\/wp-json\/wp\/v2\/tags?post=169778"}],"curies":[{"name":"wp","href":"https:\/\/api.w.org\/{rel}","templated":true}]}}