{"id":170731,"date":"2024-04-12T09:00:06","date_gmt":"2024-04-12T13:00:06","guid":{"rendered":"https:\/\/www.upla.cl\/noticias\/?p=170731"},"modified":"2024-04-12T09:35:06","modified_gmt":"2024-04-12T13:35:06","slug":"rector-carlos-gonzalez-presidio-homenaje-postumo-en-memoria-de-alejandra-pena-estay-egresada-de-la-carrera-de-terapia-ocupacional","status":"publish","type":"post","link":"https:\/\/upla.cl\/noticias\/2024\/04\/12\/rector-carlos-gonzalez-presidio-homenaje-postumo-en-memoria-de-alejandra-pena-estay-egresada-de-la-carrera-de-terapia-ocupacional\/","title":{"rendered":"Rector Carlos Gonz\u00e1lez presidi\u00f3 homenaje p\u00f3stumo en memoria de Alejandra Pe\u00f1a Estay, egresada de la carrera de Terapia Ocupacional"},"content":{"rendered":"<p><a href=\"https:\/\/www.upla.cl\/noticias\/wp-content\/uploads\/2024\/04\/Reconocimiento-familia.jpeg\"><img loading=\"lazy\" decoding=\"async\" class=\"alignleft size-medium wp-image-170732\" src=\"https:\/\/www.upla.cl\/noticias\/wp-content\/uploads\/2024\/04\/Reconocimiento-familia-300x200.jpeg\" alt=\"\" width=\"300\" height=\"200\" srcset=\"https:\/\/upla.cl\/noticias\/wp-content\/uploads\/2024\/04\/Reconocimiento-familia-300x200.jpeg 300w, https:\/\/upla.cl\/noticias\/wp-content\/uploads\/2024\/04\/Reconocimiento-familia-1024x683.jpeg 1024w, https:\/\/upla.cl\/noticias\/wp-content\/uploads\/2024\/04\/Reconocimiento-familia-768x512.jpeg 768w, https:\/\/upla.cl\/noticias\/wp-content\/uploads\/2024\/04\/Reconocimiento-familia.jpeg 1400w\" sizes=\"auto, (max-width: 300px) 100vw, 300px\" \/><\/a>Con un minuto de silencio en memoria de <strong>Alejandra Pe\u00f1a Estay (Q.E.P.D), egresada de la carrera de Terapia Ocupacional<\/strong> que falleci\u00f3 en los incendios del 2 de febrero, se realiz\u00f3 la celebraci\u00f3n del D\u00eda del y la Terapeuta Ocupacional.<\/p>\n<p>En la cita, que fue presidida por el r<strong>ector Carlos Gonz\u00e1lez Morales<\/strong> y la <strong>decana de la Facultad de Ciencias de la Salud, Dra. Luzmarina Silva Concha,<\/strong> ambas autoridades entregaron un recuerdo p\u00f3stumo a la familia de la egresada de la carrera de Terapia Ocupacional, momento que se vivi\u00f3 con gran recogimiento por parte de todos los asistentes.<\/p>\n<p>Previo al inicio de la ceremonia, el rector Gonz\u00e1lez comparti\u00f3 sus impresiones respecto a la necesidad de recordar a la joven egresada y generar un espacio para compartir con su familia.<\/p>\n<p><audio src=\"https:\/\/www.upla.cl\/noticias\/wp-content\/uploads\/2024\/04\/Cuna-Rector-en-ceremonia-TO.mp3\" controls=\"controls\"><\/audio><\/p>\n<p>En la ocasi\u00f3n, la decana reflexion\u00f3 en torno al profundo impacto que los terapeutas ocupacionales tienen en la vida de las personas atendidas, cuya labor les ayuda a recuperar la independencia, superar sus obst\u00e1culos y alcanzar sus metas.<\/p>\n<p><a href=\"https:\/\/www.upla.cl\/noticias\/wp-content\/uploads\/2024\/04\/Luzmarina-Silva.jpeg\"><img loading=\"lazy\" decoding=\"async\" class=\"alignright size-medium wp-image-170739\" src=\"https:\/\/www.upla.cl\/noticias\/wp-content\/uploads\/2024\/04\/Luzmarina-Silva-300x221.jpeg\" alt=\"\" width=\"300\" height=\"221\" srcset=\"https:\/\/upla.cl\/noticias\/wp-content\/uploads\/2024\/04\/Luzmarina-Silva-300x221.jpeg 300w, https:\/\/upla.cl\/noticias\/wp-content\/uploads\/2024\/04\/Luzmarina-Silva-1024x755.jpeg 1024w, https:\/\/upla.cl\/noticias\/wp-content\/uploads\/2024\/04\/Luzmarina-Silva-768x566.jpeg 768w, https:\/\/upla.cl\/noticias\/wp-content\/uploads\/2024\/04\/Luzmarina-Silva.jpeg 1400w\" sizes=\"auto, (max-width: 300px) 100vw, 300px\" \/><\/a>\u201cEn un mundo donde las desigualdades son evidentes y las barreras sociales son a\u00fan m\u00e1s desafiantes para muchos, los terapeuta ocupacionales desempe\u00f1amos un papel crucial en la lucha por un mundo m\u00e1s justo y equitativo. Su enfoque hol\u00edstico y centrado en las personas, nos permite abordar no solo las necesidades f\u00edsicas, sino tambi\u00e9n las emocionales, sociales y ambientales\u201d, dijo la decana Silva.<\/p>\n<p>En su saludo, la autoridad, quien tambi\u00e9n se refiri\u00f3 a la muerte de la estudiante de Terapia Ocupacional, Catalina Kayazaya, se sum\u00f3 a la declaraci\u00f3n que realiz\u00f3 el gremio a prop\u00f3sito de su fallecimiento, en la cual se enfatiz\u00f3 la necesidad de visualizar la importancia de resguardar los espacios de formaci\u00f3n seguros.<\/p>\n<p>\u201cReitero nuestro compromiso como universidad de Playa Ancha con la creaci\u00f3n de un entorno universitario seguro, inclusivo y libre de acoso para todos y todas nuestras estudiantes. Juntos podemos trabajar para construir una comunidad educativa donde cada persona sea valorada, respetada y apoyada en su camino hacia el crecimiento personal y acad\u00e9mico\u201d, apunt\u00f3 la Dra. Silva.<\/p>\n<p><strong>Exposiciones<\/strong><\/p>\n<p><a href=\"https:\/\/www.upla.cl\/noticias\/wp-content\/uploads\/2024\/04\/Blanca-Farias.jpeg\"><img loading=\"lazy\" decoding=\"async\" class=\"alignright size-medium wp-image-170740\" src=\"https:\/\/www.upla.cl\/noticias\/wp-content\/uploads\/2024\/04\/Blanca-Farias-300x200.jpeg\" alt=\"\" width=\"300\" height=\"200\" srcset=\"https:\/\/upla.cl\/noticias\/wp-content\/uploads\/2024\/04\/Blanca-Farias-300x200.jpeg 300w, https:\/\/upla.cl\/noticias\/wp-content\/uploads\/2024\/04\/Blanca-Farias-1024x683.jpeg 1024w, https:\/\/upla.cl\/noticias\/wp-content\/uploads\/2024\/04\/Blanca-Farias-768x512.jpeg 768w, https:\/\/upla.cl\/noticias\/wp-content\/uploads\/2024\/04\/Blanca-Farias.jpeg 1400w\" sizes=\"auto, (max-width: 300px) 100vw, 300px\" \/><\/a>La primera exposici\u00f3n de la jornada la realiz\u00f3 la terapeuta ocupacional<strong> Blanca Far\u00edas Cerda,<\/strong> ex estudiante UPLA, quien con 12 a\u00f1os de labor profesional en el \u00e1rea infantil, hoy se desempe\u00f1a como asesora t\u00e9cnica del Programa Nacional de Salud de la Infancia y gerenta (s) en el Programa de apoyo al desarrollo biopsicosocial Chile Crece Contigo. En este contexto, la profesional se refiri\u00f3 justamente a los Desaf\u00edos asociados a la participaci\u00f3n de la Terapia Ocupacional en este programa.<\/p>\n<p>Posteriormente, se present\u00f3 el acad\u00e9mico <strong>Enrique Henny Koller<\/strong>, terapeuta ocupacional, licenciado en ciencia de la Ocupaci\u00f3n Humana de la Universidad de Chile, quien ha participado como delegado de Chile y como vicepresidente de la Federaci\u00f3n Mundial de Terapeutas Ocupacionales (WFOT), adem\u00e1s de participar en distintas instancias internacionales, relacionadas con las comunidades inclusivas. Bajo la atenci\u00f3n de todos los asistentes, Henny se refiri\u00f3 a los avances y buenas pr\u00e1cticas en las terapias para el desarrollo.<\/p>\n<p>La presentaci\u00f3n de <strong>Ricardo Riquelme L\u00f3pez<\/strong>, terapeuta ocupacional por la Universidad de Playa Ancha y con una amplia experiencia laboral en centros cl\u00ednicos y comunitarios, se centr\u00f3 en la Intervenci\u00f3n en contexto cl\u00ednico hospitalario pedi\u00e1trico: Neonatolog\u00eda-UPCO y programas espec\u00edficos.<\/p>\n<p>Cerr\u00f3 el ciclo de exposiciones <strong>Mar\u00eda Ignacia S\u00e1ez Agurto<\/strong>, terapeuta ocupacional de nuestra casa de estudios, especialista en neurorehabilitaci\u00f3n pedi\u00e1trica, quien se refiri\u00f3 a las experiencias en el uso de metodolog\u00edas de innovaci\u00f3n y tecnolog\u00edas en procesos de intervenci\u00f3n en ni\u00f1os y ni\u00f1as y adolescentes.<\/p>\n<p>La jornada concluy\u00f3 con las palabras de la <strong>acad\u00e9mica Alejandra Espinosa Valderrama, directora de la carrera TO,<\/strong> quien junto con agradecer la participaci\u00f3n de los y las expositoras, entreg\u00f3 un recuerdo a cada uno, por compartir su tiempo y experiencias con la comunidad de la Universidad de Playa Ancha.<\/p>\n<p><strong>Estudiantes<\/strong><\/p>\n<p><strong><a href=\"https:\/\/www.upla.cl\/noticias\/wp-content\/uploads\/2024\/04\/Javiera-Maldonado.jpeg\"><img loading=\"lazy\" decoding=\"async\" class=\"alignright size-thumbnail wp-image-170741\" src=\"https:\/\/www.upla.cl\/noticias\/wp-content\/uploads\/2024\/04\/Javiera-Maldonado-150x150.jpeg\" alt=\"\" width=\"150\" height=\"150\" \/><\/a>Javiera Maldonado Lastra:\u00a0<\/strong><\/p>\n<p>\u00abMe gusta estudiar esta carrera, porque nos centramos en la ocupaci\u00f3n de las personas, potenciamos sus habilidades rematentes para que puedan reinsertarse y as\u00ed puedan ser totalmente independientes. Realmente, Terapia Ocupacional es un muy linda disciplina\u00bb.<\/p>\n<p><strong><a href=\"https:\/\/www.upla.cl\/noticias\/wp-content\/uploads\/2024\/04\/Leandro-Fuentealba-y-Dante-Dunstang.jpeg\"><img loading=\"lazy\" decoding=\"async\" class=\"alignleft size-medium wp-image-170742\" src=\"https:\/\/www.upla.cl\/noticias\/wp-content\/uploads\/2024\/04\/Leandro-Fuentealba-y-Dante-Dunstang-300x200.jpeg\" alt=\"\" width=\"300\" height=\"200\" srcset=\"https:\/\/upla.cl\/noticias\/wp-content\/uploads\/2024\/04\/Leandro-Fuentealba-y-Dante-Dunstang-300x200.jpeg 300w, https:\/\/upla.cl\/noticias\/wp-content\/uploads\/2024\/04\/Leandro-Fuentealba-y-Dante-Dunstang-1024x683.jpeg 1024w, https:\/\/upla.cl\/noticias\/wp-content\/uploads\/2024\/04\/Leandro-Fuentealba-y-Dante-Dunstang-768x512.jpeg 768w, https:\/\/upla.cl\/noticias\/wp-content\/uploads\/2024\/04\/Leandro-Fuentealba-y-Dante-Dunstang.jpeg 1400w\" sizes=\"auto, (max-width: 300px) 100vw, 300px\" \/><\/a>Leandro Fuentealba Henr\u00edquez:<\/strong><\/p>\n<p>\u00abMi principal motivaci\u00f3n para estudiar Terapia Ocupacional, es que es una combinaci\u00f3n perfecta entre la ciencia y la salud mental. Adem\u00e1s, siempre me ha gustado mucho conversar con la gente, escucharla y ayudarla, por eso, no dud\u00e9 en elegirla\u00bb.<\/p>\n<p><strong>Dante Dunstand D\u00edaz:<\/strong><\/p>\n<p>\u00abSiempre he sido de ayudar a la gente. Me encanta ayudar. Adem\u00e1s, tuve un t\u00edo abuelo que tuvo c\u00e1ncer y lo ayud\u00f3 mucho un terapeuta ocupacional; entonces esta experiencia me impact\u00f3 mucho y me motiv\u00f3 para elegir esta carrera. Es muy bonita la carrera. Estoy muy contento\u00bb.<\/p>\n<div id='gallery-1' class='gallery galleryid-170731 gallery-columns-3 gallery-size-thumbnail'><figure class='gallery-item'>\n\t\t\t<div class='gallery-icon landscape'>\n\t\t\t\t<a href='https:\/\/upla.cl\/noticias\/2024\/04\/12\/rector-carlos-gonzalez-presidio-homenaje-postumo-en-memoria-de-alejandra-pena-estay-egresada-de-la-carrera-de-terapia-ocupacional\/blanca-farias-2\/'><img loading=\"lazy\" decoding=\"async\" width=\"150\" height=\"150\" src=\"https:\/\/upla.cl\/noticias\/wp-content\/uploads\/2024\/04\/Blanca-Farias-1-150x150.jpeg\" class=\"attachment-thumbnail size-thumbnail\" alt=\"\" aria-describedby=\"gallery-1-170744\" \/><\/a>\n\t\t\t<\/div>\n\t\t\t\t<figcaption class='wp-caption-text gallery-caption' id='gallery-1-170744'>\n\t\t\t\tBlanca Far\u00edas.\n\t\t\t\t<\/figcaption><\/figure><figure class='gallery-item'>\n\t\t\t<div class='gallery-icon landscape'>\n\t\t\t\t<a href='https:\/\/upla.cl\/noticias\/2024\/04\/12\/rector-carlos-gonzalez-presidio-homenaje-postumo-en-memoria-de-alejandra-pena-estay-egresada-de-la-carrera-de-terapia-ocupacional\/enrique-henny\/'><img loading=\"lazy\" decoding=\"async\" width=\"150\" height=\"150\" src=\"https:\/\/upla.cl\/noticias\/wp-content\/uploads\/2024\/04\/Enrique-Henny-150x150.jpeg\" class=\"attachment-thumbnail size-thumbnail\" alt=\"\" aria-describedby=\"gallery-1-170745\" \/><\/a>\n\t\t\t<\/div>\n\t\t\t\t<figcaption class='wp-caption-text gallery-caption' id='gallery-1-170745'>\n\t\t\t\tEnrique Henny.\n\t\t\t\t<\/figcaption><\/figure><figure class='gallery-item'>\n\t\t\t<div class='gallery-icon landscape'>\n\t\t\t\t<a href='https:\/\/upla.cl\/noticias\/2024\/04\/12\/rector-carlos-gonzalez-presidio-homenaje-postumo-en-memoria-de-alejandra-pena-estay-egresada-de-la-carrera-de-terapia-ocupacional\/familia-de-alejandra\/'><img loading=\"lazy\" decoding=\"async\" width=\"150\" height=\"150\" src=\"https:\/\/upla.cl\/noticias\/wp-content\/uploads\/2024\/04\/Familia-de-Alejandra-150x150.jpeg\" class=\"attachment-thumbnail size-thumbnail\" alt=\"\" \/><\/a>\n\t\t\t<\/div><\/figure><figure class='gallery-item'>\n\t\t\t<div class='gallery-icon landscape'>\n\t\t\t\t<a href='https:\/\/upla.cl\/noticias\/2024\/04\/12\/rector-carlos-gonzalez-presidio-homenaje-postumo-en-memoria-de-alejandra-pena-estay-egresada-de-la-carrera-de-terapia-ocupacional\/reconocimiento-familia-2\/'><img loading=\"lazy\" decoding=\"async\" width=\"150\" height=\"150\" src=\"https:\/\/upla.cl\/noticias\/wp-content\/uploads\/2024\/04\/Reconocimiento-familia-2-150x150.jpeg\" class=\"attachment-thumbnail size-thumbnail\" alt=\"\" \/><\/a>\n\t\t\t<\/div><\/figure><figure class='gallery-item'>\n\t\t\t<div class='gallery-icon landscape'>\n\t\t\t\t<a href='https:\/\/upla.cl\/noticias\/2024\/04\/12\/rector-carlos-gonzalez-presidio-homenaje-postumo-en-memoria-de-alejandra-pena-estay-egresada-de-la-carrera-de-terapia-ocupacional\/reconocimiento-familia-3\/'><img loading=\"lazy\" decoding=\"async\" width=\"150\" height=\"150\" src=\"https:\/\/upla.cl\/noticias\/wp-content\/uploads\/2024\/04\/Reconocimiento-familia-1-150x150.jpeg\" class=\"attachment-thumbnail size-thumbnail\" alt=\"\" \/><\/a>\n\t\t\t<\/div><\/figure><figure class='gallery-item'>\n\t\t\t<div class='gallery-icon landscape'>\n\t\t\t\t<a href='https:\/\/upla.cl\/noticias\/2024\/04\/12\/rector-carlos-gonzalez-presidio-homenaje-postumo-en-memoria-de-alejandra-pena-estay-egresada-de-la-carrera-de-terapia-ocupacional\/maria-ignacia-saez\/'><img loading=\"lazy\" decoding=\"async\" width=\"150\" height=\"150\" src=\"https:\/\/upla.cl\/noticias\/wp-content\/uploads\/2024\/04\/Maria-Ignacia-Saez-150x150.jpg\" class=\"attachment-thumbnail size-thumbnail\" alt=\"\" aria-describedby=\"gallery-1-170750\" \/><\/a>\n\t\t\t<\/div>\n\t\t\t\t<figcaption class='wp-caption-text gallery-caption' id='gallery-1-170750'>\n\t\t\t\tMar\u00eda Ignacia S\u00e1ez\n\t\t\t\t<\/figcaption><\/figure><figure class='gallery-item'>\n\t\t\t<div class='gallery-icon landscape'>\n\t\t\t\t<a href='https:\/\/upla.cl\/noticias\/2024\/04\/12\/rector-carlos-gonzalez-presidio-homenaje-postumo-en-memoria-de-alejandra-pena-estay-egresada-de-la-carrera-de-terapia-ocupacional\/recuerdo-a-participantes\/'><img loading=\"lazy\" decoding=\"async\" width=\"150\" height=\"150\" src=\"https:\/\/upla.cl\/noticias\/wp-content\/uploads\/2024\/04\/Recuerdo-a-participantes-150x150.jpg\" class=\"attachment-thumbnail size-thumbnail\" alt=\"\" \/><\/a>\n\t\t\t<\/div><\/figure><figure class='gallery-item'>\n\t\t\t<div class='gallery-icon landscape'>\n\t\t\t\t<a href='https:\/\/upla.cl\/noticias\/2024\/04\/12\/rector-carlos-gonzalez-presidio-homenaje-postumo-en-memoria-de-alejandra-pena-estay-egresada-de-la-carrera-de-terapia-ocupacional\/ricardo-riquelme\/'><img loading=\"lazy\" decoding=\"async\" width=\"150\" height=\"150\" src=\"https:\/\/upla.cl\/noticias\/wp-content\/uploads\/2024\/04\/Ricardo-Riquelme-150x150.jpg\" class=\"attachment-thumbnail size-thumbnail\" alt=\"\" aria-describedby=\"gallery-1-170753\" \/><\/a>\n\t\t\t<\/div>\n\t\t\t\t<figcaption class='wp-caption-text gallery-caption' id='gallery-1-170753'>\n\t\t\t\tRicardo Riquelme\n\t\t\t\t<\/figcaption><\/figure>\n\t\t<\/div>\n\n<p>&nbsp;<\/p>\n","protected":false},"excerpt":{"rendered":"<p>Homenaje se realiz\u00f3 en el marco de la celebraci\u00f3n del D\u00eda del Terapeuta Ocupacional, cita en la cual expusieron cuatro especialistas del \u00e1rea.<\/p>\n","protected":false},"author":3,"featured_media":170732,"comment_status":"closed","ping_status":"closed","sticky":false,"template":"","format":"standard","meta":{"footnotes":""},"categories":[51,96,40,97,74],"tags":[],"class_list":["post-170731","post","type-post","status-publish","format-standard","has-post-thumbnail","","category-academia","category-academicos","category-destacados","category-estudiantes","category-facultad-de-ciencias-de-la-salud"],"_links":{"self":[{"href":"https:\/\/upla.cl\/noticias\/wp-json\/wp\/v2\/posts\/170731","targetHints":{"allow":["GET"]}}],"collection":[{"href":"https:\/\/upla.cl\/noticias\/wp-json\/wp\/v2\/posts"}],"about":[{"href":"https:\/\/upla.cl\/noticias\/wp-json\/wp\/v2\/types\/post"}],"author":[{"embeddable":true,"href":"https:\/\/upla.cl\/noticias\/wp-json\/wp\/v2\/users\/3"}],"replies":[{"embeddable":true,"href":"https:\/\/upla.cl\/noticias\/wp-json\/wp\/v2\/comments?post=170731"}],"version-history":[{"count":0,"href":"https:\/\/upla.cl\/noticias\/wp-json\/wp\/v2\/posts\/170731\/revisions"}],"wp:featuredmedia":[{"embeddable":true,"href":"https:\/\/upla.cl\/noticias\/wp-json\/wp\/v2\/media\/170732"}],"wp:attachment":[{"href":"https:\/\/upla.cl\/noticias\/wp-json\/wp\/v2\/media?parent=170731"}],"wp:term":[{"taxonomy":"category","embeddable":true,"href":"https:\/\/upla.cl\/noticias\/wp-json\/wp\/v2\/categories?post=170731"},{"taxonomy":"post_tag","embeddable":true,"href":"https:\/\/upla.cl\/noticias\/wp-json\/wp\/v2\/tags?post=170731"}],"curies":[{"name":"wp","href":"https:\/\/api.w.org\/{rel}","templated":true}]}}