{"id":170840,"date":"2024-04-11T16:30:16","date_gmt":"2024-04-11T20:30:16","guid":{"rendered":"https:\/\/www.upla.cl\/noticias\/?p=170840"},"modified":"2024-04-18T11:01:51","modified_gmt":"2024-04-18T15:01:51","slug":"lanzan-oficialmente-inedito-proyecto-que-estudiara-salares-de-forma-colaborativa-y-transdisciplinar","status":"publish","type":"post","link":"https:\/\/upla.cl\/noticias\/2024\/04\/11\/lanzan-oficialmente-inedito-proyecto-que-estudiara-salares-de-forma-colaborativa-y-transdisciplinar\/","title":{"rendered":"Lanzan oficialmente in\u00e9dito proyecto que estudiar\u00e1 salares de forma colaborativa y transdisciplinar"},"content":{"rendered":"<figure id=\"attachment_170856\" aria-describedby=\"caption-attachment-170856\" style=\"width: 1024px\" class=\"wp-caption aligncenter\"><a href=\"https:\/\/www.upla.cl\/noticias\/wp-content\/uploads\/2024\/04\/Salar_del_Huasco_Region_de_Tarapaca-Jfbustos.jpg\"><img loading=\"lazy\" decoding=\"async\" class=\"wp-image-170856 size-full\" src=\"https:\/\/www.upla.cl\/noticias\/wp-content\/uploads\/2024\/04\/Salar_del_Huasco_Region_de_Tarapaca-Jfbustos.jpg\" alt=\"\" width=\"1024\" height=\"768\" srcset=\"https:\/\/upla.cl\/noticias\/wp-content\/uploads\/2024\/04\/Salar_del_Huasco_Region_de_Tarapaca-Jfbustos.jpg 1024w, https:\/\/upla.cl\/noticias\/wp-content\/uploads\/2024\/04\/Salar_del_Huasco_Region_de_Tarapaca-Jfbustos-300x225.jpg 300w, https:\/\/upla.cl\/noticias\/wp-content\/uploads\/2024\/04\/Salar_del_Huasco_Region_de_Tarapaca-Jfbustos-768x576.jpg 768w\" sizes=\"auto, (max-width: 1024px) 100vw, 1024px\" \/><\/a><figcaption id=\"caption-attachment-170856\" class=\"wp-caption-text\">Cr\u00e9dito: U. Antofagasta.<\/figcaption><\/figure>\n<p>Entregar las primeras l\u00edneas de estudio cient\u00edfico sobre estos ecosistemas, a trav\u00e9s una red colaborativa de investigaci\u00f3n transdisciplinaria, es el eje central del innovador proyecto \u201cNodo Laboratorio Natural Salares\u201d, iniciativa que hace unos d\u00edas se lanz\u00f3 oficialmente en Antofagasta.<\/p>\n<p>Liderada por la reconocida cient\u00edfica de la <strong><a href=\"https:\/\/www.uantof.cl\/\" target=\"_blank\" rel=\"noopener\">Universidad de Antofagasta<\/a><\/strong>, <strong>Dra. Cristina Dorador<\/strong>, el proyecto busca estudiar cinco salares del norte del pa\u00eds, por un periodo de dos a\u00f1os, en un esfuerzo de cooperaci\u00f3n que tambi\u00e9n cuenta con la participaci\u00f3n de la <strong>Universidad de Playa Ancha<\/strong>, a trav\u00e9s de su <a href=\"https:\/\/hubambientalupla.cl\/\"><strong>HUB Ambiental.<\/strong><\/a><\/p>\n<p>De los cerca de 60 salares existentes en el territorio nacional, este Nodo se focalizar\u00e1 en los salares de Surire (regi\u00f3n de Arica y Parinacota), Huasco (regi\u00f3n de Tarapac\u00e1) Aguas Calientes y Atacama (regi\u00f3n de<br \/>\nAntofagasta) y Maricunga (regi\u00f3n de Atacama).<\/p>\n<p>Financiada por la <strong><a href=\"https:\/\/anid.cl\/\" target=\"_blank\" rel=\"noopener\">Agencia Nacional de Investigaci\u00f3n y Desarrollo (ANID)<\/a><\/strong>, servicio que busca valorar los ambientes \u00fanicos de Chile en el contexto de los laboratorios naturales, la iniciativa cuenta con la UPLA como una de las tres instituciones asociadas, adem\u00e1s de la <strong><a href=\"https:\/\/uda.cl\/\" target=\"_blank\" rel=\"noopener\">Universidad de Atacama<\/a> <\/strong>y el Consejo de Pueblos Atacame\u00f1os, las cuales trabajar\u00e1n en conjunto para elaborar los primeros documentos cient\u00edficos sobre los salares.<\/p>\n<p><strong>Di\u00e1logo abierto y participativo<\/strong><\/p>\n<figure id=\"attachment_170855\" aria-describedby=\"caption-attachment-170855\" style=\"width: 300px\" class=\"wp-caption alignright\"><a href=\"https:\/\/www.upla.cl\/noticias\/wp-content\/uploads\/2024\/04\/Lanzamiento_Nodo_Salares_03-04-24_159.jpg\"><img loading=\"lazy\" decoding=\"async\" class=\"wp-image-170855 size-medium\" src=\"https:\/\/www.upla.cl\/noticias\/wp-content\/uploads\/2024\/04\/Lanzamiento_Nodo_Salares_03-04-24_159-300x200.jpg\" alt=\"\" width=\"300\" height=\"200\" srcset=\"https:\/\/upla.cl\/noticias\/wp-content\/uploads\/2024\/04\/Lanzamiento_Nodo_Salares_03-04-24_159-300x200.jpg 300w, https:\/\/upla.cl\/noticias\/wp-content\/uploads\/2024\/04\/Lanzamiento_Nodo_Salares_03-04-24_159-1024x683.jpg 1024w, https:\/\/upla.cl\/noticias\/wp-content\/uploads\/2024\/04\/Lanzamiento_Nodo_Salares_03-04-24_159-768x512.jpg 768w, https:\/\/upla.cl\/noticias\/wp-content\/uploads\/2024\/04\/Lanzamiento_Nodo_Salares_03-04-24_159-1536x1024.jpg 1536w, https:\/\/upla.cl\/noticias\/wp-content\/uploads\/2024\/04\/Lanzamiento_Nodo_Salares_03-04-24_159.jpg 1920w\" sizes=\"auto, (max-width: 300px) 100vw, 300px\" \/><\/a><figcaption id=\"caption-attachment-170855\" class=\"wp-caption-text\">Cr\u00e9dito: U. Antofagasta.<\/figcaption><\/figure>\n<p>La <strong>Dra. Ver\u00f3nica Molina, acad\u00e9mica de la <a href=\"https:\/\/upla.cl\/facultad\/cienciasnaturalesyexactas\/\">Facultad de Ciencias Naturales y Exactas<\/a> y directora general del HUB Ambiental UPLA<\/strong>, calific\u00f3 como \u201cun honor\u201d participar en este lanzamiento, representando a la casa de estudios de la regi\u00f3n de Valpara\u00edso, oportunidad en la cual expuso las claves del quehacer cient\u00edfico del centro de investigaci\u00f3n en esta materia.<\/p>\n<p>\u201cEl poder compartir, iniciar estas experiencias junto con un di\u00e1logo abierto y participativo con la comunidad, nos va a permitir, como universidad y como centro, ir interactuando, compartiendo experiencias, tambi\u00e9n, en los distintos talleres y lo que se viene en este recorrido que parte y que va a culminar en los pr\u00f3ximos a\u00f1os, con una hoja de ruta del conocimiento de salares donde todos podemos participar, en todo Chile\u201d.<\/p>\n<figure id=\"attachment_170857\" aria-describedby=\"caption-attachment-170857\" style=\"width: 300px\" class=\"wp-caption alignright\"><a href=\"https:\/\/www.upla.cl\/noticias\/wp-content\/uploads\/2024\/04\/Lanzamiento_Nodo_Salares_03-04-24_46.jpg\"><img loading=\"lazy\" decoding=\"async\" class=\"wp-image-170857 size-medium\" src=\"https:\/\/www.upla.cl\/noticias\/wp-content\/uploads\/2024\/04\/Lanzamiento_Nodo_Salares_03-04-24_46-300x200.jpg\" alt=\"\" width=\"300\" height=\"200\" srcset=\"https:\/\/upla.cl\/noticias\/wp-content\/uploads\/2024\/04\/Lanzamiento_Nodo_Salares_03-04-24_46-300x200.jpg 300w, https:\/\/upla.cl\/noticias\/wp-content\/uploads\/2024\/04\/Lanzamiento_Nodo_Salares_03-04-24_46-1024x683.jpg 1024w, https:\/\/upla.cl\/noticias\/wp-content\/uploads\/2024\/04\/Lanzamiento_Nodo_Salares_03-04-24_46-768x512.jpg 768w, https:\/\/upla.cl\/noticias\/wp-content\/uploads\/2024\/04\/Lanzamiento_Nodo_Salares_03-04-24_46-1536x1024.jpg 1536w, https:\/\/upla.cl\/noticias\/wp-content\/uploads\/2024\/04\/Lanzamiento_Nodo_Salares_03-04-24_46.jpg 1920w\" sizes=\"auto, (max-width: 300px) 100vw, 300px\" \/><\/a><figcaption id=\"caption-attachment-170857\" class=\"wp-caption-text\">Cr\u00e9dito: U. Antofagasta.<\/figcaption><\/figure>\n<p>\u201cVamos a realizar varios talleres en distintas fechas con autoridades, cient\u00edficos, lugare\u00f1os para tener propuestas sobre los estudios que se deben realizar, una hoja de ruta y tambi\u00e9n generar productos de apropiaci\u00f3n y divulgaci\u00f3n junto con bases de datos\u201d, complement\u00f3 la directora del Nodo Laboratorio Natural Salares, Dra. Cristina Dorador, acotando que toda la documentaci\u00f3n que se gener\u00e9 quedar\u00e1 disponible en la condici\u00f3n de bienes p\u00fablicos, contemplando el catastro de quienes est\u00e1n trabajando en materia de salares junto con sus l\u00edneas de investigaci\u00f3n.<\/p>\n<p>En esa l\u00ednea, la Dra. Dorador recalc\u00f3 que todos los resultados que se obtendr\u00e1n deben considerarse \u201ccomo pol\u00edtica p\u00fablica\u201d y ser utilizados por las autoridades. \u201cEsto, porque actualmente suceden acciones perjudiciales para los salares, principalmente en su explotaci\u00f3n. Y siempre se dice que no hay informaci\u00f3n sobre estas cuencas hidrogr\u00e1ficas, entonces est\u00e1 es la instancia para generar la informaci\u00f3n cient\u00edfica para valorar estos ecosistemas m\u00e1s all\u00e1 de la explotaci\u00f3n, sino como lugares para la generaci\u00f3n de conocimiento\u201d, detall\u00f3 la acad\u00e9mica de la Universidad de Antofagasta.<\/p>\n<p style=\"text-align: right;\"><em>Fuente: Diego Trujillo S., periodista Centro de Investigaci\u00f3n HUB Ambiental UPLA<\/em><\/p>\n","protected":false},"excerpt":{"rendered":"<p>La Universidad de Playa Ancha, mediante su HUB Ambiental, es una de las instituciones participantes del \u201cNodo Laboratorio Natural Salares\u201d, iniciativa que lidera la Universidad de Antofagasta y cuenta con financiamiento de la Agencia Nacional de Investigaci\u00f3n y Desarrollo (ANID).<\/p>\n","protected":false},"author":10,"featured_media":170856,"comment_status":"closed","ping_status":"closed","sticky":false,"template":"","format":"standard","meta":{"footnotes":""},"categories":[51,96,40,101,75,209,206,43,91],"tags":[],"class_list":["post-170840","post","type-post","status-publish","format-standard","has-post-thumbnail","","category-academia","category-academicos","category-destacados","category-docencia","category-facultad-de-ciencias-naturales-y-exactas","category-hub-ambiental","category-innovacion","category-investigacion","category-vinculacion-con-el-medio"],"_links":{"self":[{"href":"https:\/\/upla.cl\/noticias\/wp-json\/wp\/v2\/posts\/170840","targetHints":{"allow":["GET"]}}],"collection":[{"href":"https:\/\/upla.cl\/noticias\/wp-json\/wp\/v2\/posts"}],"about":[{"href":"https:\/\/upla.cl\/noticias\/wp-json\/wp\/v2\/types\/post"}],"author":[{"embeddable":true,"href":"https:\/\/upla.cl\/noticias\/wp-json\/wp\/v2\/users\/10"}],"replies":[{"embeddable":true,"href":"https:\/\/upla.cl\/noticias\/wp-json\/wp\/v2\/comments?post=170840"}],"version-history":[{"count":0,"href":"https:\/\/upla.cl\/noticias\/wp-json\/wp\/v2\/posts\/170840\/revisions"}],"wp:featuredmedia":[{"embeddable":true,"href":"https:\/\/upla.cl\/noticias\/wp-json\/wp\/v2\/media\/170856"}],"wp:attachment":[{"href":"https:\/\/upla.cl\/noticias\/wp-json\/wp\/v2\/media?parent=170840"}],"wp:term":[{"taxonomy":"category","embeddable":true,"href":"https:\/\/upla.cl\/noticias\/wp-json\/wp\/v2\/categories?post=170840"},{"taxonomy":"post_tag","embeddable":true,"href":"https:\/\/upla.cl\/noticias\/wp-json\/wp\/v2\/tags?post=170840"}],"curies":[{"name":"wp","href":"https:\/\/api.w.org\/{rel}","templated":true}]}}