{"id":171136,"date":"2024-04-18T17:19:18","date_gmt":"2024-04-18T21:19:18","guid":{"rendered":"https:\/\/www.upla.cl\/noticias\/?p=171136"},"modified":"2024-04-18T17:19:18","modified_gmt":"2024-04-18T21:19:18","slug":"abya-yala-retomando-la-existencia-upla-tv-estrenara-documental-sobre-el-desarrollo-creativo-e-interpretativo-de-este-elenco-musical","status":"publish","type":"post","link":"https:\/\/upla.cl\/noticias\/2024\/04\/18\/abya-yala-retomando-la-existencia-upla-tv-estrenara-documental-sobre-el-desarrollo-creativo-e-interpretativo-de-este-elenco-musical\/","title":{"rendered":"\u201cAbya Yala: Retomando la existencia\u201d: UPLA TV estrenar\u00e1 documental sobre el desarrollo creativo e interpretativo de este elenco musical"},"content":{"rendered":"<p><a href=\"https:\/\/www.upla.cl\/noticias\/wp-content\/uploads\/2024\/04\/Grande_Documental-Abya-Yala-3.jpg\"><img loading=\"lazy\" decoding=\"async\" class=\"aligncenter size-large wp-image-171137\" src=\"https:\/\/www.upla.cl\/noticias\/wp-content\/uploads\/2024\/04\/Grande_Documental-Abya-Yala-3-1024x576.jpg\" alt=\"\" width=\"618\" height=\"348\" srcset=\"https:\/\/upla.cl\/noticias\/wp-content\/uploads\/2024\/04\/Grande_Documental-Abya-Yala-3-1024x576.jpg 1024w, https:\/\/upla.cl\/noticias\/wp-content\/uploads\/2024\/04\/Grande_Documental-Abya-Yala-3-300x169.jpg 300w, https:\/\/upla.cl\/noticias\/wp-content\/uploads\/2024\/04\/Grande_Documental-Abya-Yala-3-768x432.jpg 768w, https:\/\/upla.cl\/noticias\/wp-content\/uploads\/2024\/04\/Grande_Documental-Abya-Yala-3-1536x864.jpg 1536w, https:\/\/upla.cl\/noticias\/wp-content\/uploads\/2024\/04\/Grande_Documental-Abya-Yala-3.jpg 1920w\" sizes=\"auto, (max-width: 618px) 100vw, 618px\" \/><\/a>El <span style=\"text-decoration: underline;\">pr\u00f3ximo 26 de abril a las 18:00 horas<\/span> se estrenar\u00e1 el documental <strong>\u201cAbya Yala: Retomando la existencia\u201d,<\/strong> realizado por el <strong>canal universitario de televisi\u00f3n p\u00fablica, UPLA TV,<\/strong> a trav\u00e9s de su canal de Youtube. Este registro da cuenta del proceso del desarrollo creativo e interpretativo que ha realizado el <strong>Ensamble Latinoamericano Abya Yala,<\/strong> elenco art\u00edstico cultural perteneciente a la <strong>Direcci\u00f3n General de Vinculaci\u00f3n con el Medio de la Universidad de Playa Ancha (UPLA).<\/strong><\/p>\n<p><a href=\"https:\/\/www.upla.cl\/noticias\/wp-content\/uploads\/2024\/04\/Grande_Documental-Abya-Yala-2.jpg\"><img loading=\"lazy\" decoding=\"async\" class=\"alignright size-medium wp-image-171139\" src=\"https:\/\/www.upla.cl\/noticias\/wp-content\/uploads\/2024\/04\/Grande_Documental-Abya-Yala-2-300x169.jpg\" alt=\"\" width=\"300\" height=\"169\" srcset=\"https:\/\/upla.cl\/noticias\/wp-content\/uploads\/2024\/04\/Grande_Documental-Abya-Yala-2-300x169.jpg 300w, https:\/\/upla.cl\/noticias\/wp-content\/uploads\/2024\/04\/Grande_Documental-Abya-Yala-2-1024x576.jpg 1024w, https:\/\/upla.cl\/noticias\/wp-content\/uploads\/2024\/04\/Grande_Documental-Abya-Yala-2-768x432.jpg 768w, https:\/\/upla.cl\/noticias\/wp-content\/uploads\/2024\/04\/Grande_Documental-Abya-Yala-2-1536x864.jpg 1536w, https:\/\/upla.cl\/noticias\/wp-content\/uploads\/2024\/04\/Grande_Documental-Abya-Yala-2.jpg 1920w\" sizes=\"auto, (max-width: 300px) 100vw, 300px\" \/><\/a>\u201cLa idea es poder dejar registro de las piezas creadas para el ensamble, y principalmente destacar que esta es una agrupaci\u00f3n integrada principalmente por profesores y profesoras de m\u00fasica, titulados y en formaci\u00f3n, que junto con su formaci\u00f3n en el \u00e1mbito de la pedagog\u00eda musical han tenido la oportunidad de desarrollarse en el \u00e1mbito instrumental, pero tambi\u00e9n en la composici\u00f3n\u201d, explic\u00f3 el <strong>director del elenco, Rodrigo Montes Anguita.<\/strong><\/p>\n<p><a href=\"https:\/\/www.upla.cl\/noticias\/wp-content\/uploads\/2024\/04\/Grande_Documental-Abya-Yala-1.jpg\"><img loading=\"lazy\" decoding=\"async\" class=\"alignright size-medium wp-image-171140\" src=\"https:\/\/www.upla.cl\/noticias\/wp-content\/uploads\/2024\/04\/Grande_Documental-Abya-Yala-1-300x169.jpg\" alt=\"\" width=\"300\" height=\"169\" srcset=\"https:\/\/upla.cl\/noticias\/wp-content\/uploads\/2024\/04\/Grande_Documental-Abya-Yala-1-300x169.jpg 300w, https:\/\/upla.cl\/noticias\/wp-content\/uploads\/2024\/04\/Grande_Documental-Abya-Yala-1-1024x576.jpg 1024w, https:\/\/upla.cl\/noticias\/wp-content\/uploads\/2024\/04\/Grande_Documental-Abya-Yala-1-768x432.jpg 768w, https:\/\/upla.cl\/noticias\/wp-content\/uploads\/2024\/04\/Grande_Documental-Abya-Yala-1-1536x864.jpg 1536w, https:\/\/upla.cl\/noticias\/wp-content\/uploads\/2024\/04\/Grande_Documental-Abya-Yala-1.jpg 1920w\" sizes=\"auto, (max-width: 300px) 100vw, 300px\" \/><\/a>Abya Yala surgi\u00f3 a inicios de 2012 al interior de la <strong>Facultad de Arte de la UPLA<\/strong> para generar espacios de expresi\u00f3n art\u00edstica en estudiantes de la casa de estudios. As\u00ed, se reuni\u00f3 una amplia gama de instrumentos de cuerda, percusi\u00f3n y aer\u00f3fonos latinoamericanos para interpretar m\u00fasicas representativas del continente y de compositores chilenos.<\/p>\n<p><a href=\"https:\/\/www.upla.cl\/noticias\/wp-content\/uploads\/2024\/04\/Grande_Documental-Abya-Yala-4.jpg\"><img loading=\"lazy\" decoding=\"async\" class=\"alignleft size-medium wp-image-171138\" src=\"https:\/\/www.upla.cl\/noticias\/wp-content\/uploads\/2024\/04\/Grande_Documental-Abya-Yala-4-300x169.jpg\" alt=\"\" width=\"300\" height=\"169\" srcset=\"https:\/\/upla.cl\/noticias\/wp-content\/uploads\/2024\/04\/Grande_Documental-Abya-Yala-4-300x169.jpg 300w, https:\/\/upla.cl\/noticias\/wp-content\/uploads\/2024\/04\/Grande_Documental-Abya-Yala-4-1024x576.jpg 1024w, https:\/\/upla.cl\/noticias\/wp-content\/uploads\/2024\/04\/Grande_Documental-Abya-Yala-4-768x432.jpg 768w, https:\/\/upla.cl\/noticias\/wp-content\/uploads\/2024\/04\/Grande_Documental-Abya-Yala-4-1536x864.jpg 1536w, https:\/\/upla.cl\/noticias\/wp-content\/uploads\/2024\/04\/Grande_Documental-Abya-Yala-4.jpg 1920w\" sizes=\"auto, (max-width: 300px) 100vw, 300px\" \/><\/a>El documental \u201cAbya Yala: Retomando la existencia\u201d, tambi\u00e9n ser\u00e1 exhibido el pr\u00f3ximo <span style=\"text-decoration: underline;\">viernes 3 de mayo a las 11:00 horas en el Aula Dr. F\u00e9lix Morales Pettorino de la Casa Central de la UPLA,<\/span> ubicada en Av. Playa Ancha #850, Cerro Playa Ancha, Valpara\u00edso. Esta exhibici\u00f3n tendr\u00e1 un car\u00e1cter de concierto educativo, ya que distintos establecimientos educacionales de la regi\u00f3n de Valpara\u00edso asistir\u00e1n a la instancia. Adem\u00e1s, la actividad ser\u00e1 abierta a toda la comunidad universitaria, local y regional, esto como parte del prop\u00f3sito de abrir espacios culturales desde la universidad hacia los territorios.<\/p>\n<p style=\"text-align: right;\">(Javiera Far\u00edas Quiroga, periodista Unidad de Innovaci\u00f3n Social, Direcci\u00f3n General de Vinculaci\u00f3n con el Medio)<\/p>\n<p style=\"text-align: right;\">\n","protected":false},"excerpt":{"rendered":"<p>El Ensamble Latinoamericano Abya Yala es una agrupaci\u00f3n que brinda un espacio de expresi\u00f3n art\u00edstica a estudiantes, pudiendo representar a la universidad a nivel local, nacional e internacional.<\/p>\n","protected":false},"author":11,"featured_media":171137,"comment_status":"closed","ping_status":"closed","sticky":false,"template":"","format":"standard","meta":{"footnotes":""},"categories":[51,96,52,40,69,97,71,99,137,91],"tags":[],"class_list":["post-171136","post","type-post","status-publish","format-standard","has-post-thumbnail","","category-academia","category-academicos","category-cultura","category-destacados","category-egresados","category-estudiantes","category-facultad-de-arte","category-funcionarios","category-upla-tv","category-vinculacion-con-el-medio"],"_links":{"self":[{"href":"https:\/\/upla.cl\/noticias\/wp-json\/wp\/v2\/posts\/171136","targetHints":{"allow":["GET"]}}],"collection":[{"href":"https:\/\/upla.cl\/noticias\/wp-json\/wp\/v2\/posts"}],"about":[{"href":"https:\/\/upla.cl\/noticias\/wp-json\/wp\/v2\/types\/post"}],"author":[{"embeddable":true,"href":"https:\/\/upla.cl\/noticias\/wp-json\/wp\/v2\/users\/11"}],"replies":[{"embeddable":true,"href":"https:\/\/upla.cl\/noticias\/wp-json\/wp\/v2\/comments?post=171136"}],"version-history":[{"count":0,"href":"https:\/\/upla.cl\/noticias\/wp-json\/wp\/v2\/posts\/171136\/revisions"}],"wp:featuredmedia":[{"embeddable":true,"href":"https:\/\/upla.cl\/noticias\/wp-json\/wp\/v2\/media\/171137"}],"wp:attachment":[{"href":"https:\/\/upla.cl\/noticias\/wp-json\/wp\/v2\/media?parent=171136"}],"wp:term":[{"taxonomy":"category","embeddable":true,"href":"https:\/\/upla.cl\/noticias\/wp-json\/wp\/v2\/categories?post=171136"},{"taxonomy":"post_tag","embeddable":true,"href":"https:\/\/upla.cl\/noticias\/wp-json\/wp\/v2\/tags?post=171136"}],"curies":[{"name":"wp","href":"https:\/\/api.w.org\/{rel}","templated":true}]}}