{"id":171216,"date":"2024-04-22T15:45:32","date_gmt":"2024-04-22T19:45:32","guid":{"rendered":"https:\/\/www.upla.cl\/noticias\/?p=171216"},"modified":"2024-04-22T15:45:32","modified_gmt":"2024-04-22T19:45:32","slug":"buscando-pega-ucse-y-dgde-lanzan-portal-de-empleos-dirigida-a-estudiantes-y-egresados-upla","status":"publish","type":"post","link":"https:\/\/upla.cl\/noticias\/2024\/04\/22\/buscando-pega-ucse-y-dgde-lanzan-portal-de-empleos-dirigida-a-estudiantes-y-egresados-upla\/","title":{"rendered":"\u00bfBuscando pega?: UCSE y DGDE lanzan portal de empleos dirigida a estudiantes y egresados UPLA"},"content":{"rendered":"<p><a href=\"https:\/\/www.upla.cl\/noticias\/wp-content\/uploads\/2024\/04\/Post-trabajando-01-2-scaled.jpg\"><img loading=\"lazy\" decoding=\"async\" class=\"alignleft wp-image-171217\" src=\"https:\/\/www.upla.cl\/noticias\/wp-content\/uploads\/2024\/04\/Post-trabajando-01-2-1024x1024.jpg\" alt=\"\" width=\"405\" height=\"405\" srcset=\"https:\/\/upla.cl\/noticias\/wp-content\/uploads\/2024\/04\/Post-trabajando-01-2-1024x1024.jpg 1024w, https:\/\/upla.cl\/noticias\/wp-content\/uploads\/2024\/04\/Post-trabajando-01-2-300x300.jpg 300w, https:\/\/upla.cl\/noticias\/wp-content\/uploads\/2024\/04\/Post-trabajando-01-2-150x150.jpg 150w, https:\/\/upla.cl\/noticias\/wp-content\/uploads\/2024\/04\/Post-trabajando-01-2-768x768.jpg 768w, https:\/\/upla.cl\/noticias\/wp-content\/uploads\/2024\/04\/Post-trabajando-01-2-1536x1536.jpg 1536w, https:\/\/upla.cl\/noticias\/wp-content\/uploads\/2024\/04\/Post-trabajando-01-2-2048x2048.jpg 2048w\" sizes=\"auto, (max-width: 405px) 100vw, 405px\" \/><\/a>Un nuevo portal de empleos ha llegado a la <strong>Universidad de Playa Ancha (UPLA),<\/strong> de la mano del portal <a href=\"https:\/\/www.trabajando.cl\/\" target=\"_blank\" rel=\"noopener\"><strong>trabajando.com<\/strong><\/a>, con el prop\u00f3sito de incentivar la inserci\u00f3n laboral, a trav\u00e9s de ofertas exclusivas para la comunidad universitaria. Esta plataforma est\u00e1 dirigida principalmente a estudiantes que buscan pr\u00e1ctica profesional, como tambi\u00e9n a la comunidad egresada que busca ofertas laborales.<\/p>\n<p>La iniciativa forma parte del plan de trabajo de la <strong>Direcci\u00f3n General de Desarrollo Estudiantil (DGDE)<\/strong> y la <strong>Coordinaci\u00f3n Institucional de Seguimiento de Egresados y Egresadas (UCSE),<\/strong> dependiente de la <strong>Direcci\u00f3n General de Vinculaci\u00f3n con el Medio (DGVM),<\/strong> que tienen como objetivo fortalecer el desarrollo de los y las estudiantes en su vida universitaria, y la inserci\u00f3n laboral de egresados y egresadas.<\/p>\n<p>La <strong>coordinadora de la UCSE, Daniela Casanueva Vald\u00e9s,<\/strong> explic\u00f3 que esta iniciativa surgi\u00f3 por las inquietudes que recib\u00edan de egresados sobre ofertas laborales y por las solicitudes de empleadores, que se contrata con la Unidad para ofertas de puestos de trabajo a titulados y tituladas de la Universidad.<\/p>\n<p>Casanueva tambi\u00e9n explic\u00f3 que contar con este portal de empleos permite \u201cque las empresas e instituciones puedan publicar de manera directa sus ofertas laborales en una plataforma exclusiva para nuestra universidad. Que nuestros titulados y tituladas puedan acceder a un portal de empleo con ofertas laborales dirigidas a ellos\/as. Y por \u00faltimo, nos permite optimizar esta \u00e1rea y realizar un seguimiento a las ofertas laborales e inserci\u00f3n laboral de nuestros titulados\/as\u201d.<\/p>\n<p>Desde la <strong>DGDE, su director, Boris Gonz\u00e1lez L\u00f3pez,<\/strong> calific\u00f3 esta oportunidad como significativa, argumentando que \u201ccualquier tipo de experiencia laboral temprana que pueda ir adquiriendo es significativa, porque son j\u00f3venes, hombres, mujeres, que est\u00e1n siempre intentando buscar las mejores condiciones materiales para su vida\u201d.<\/p>\n<p><strong>\u00bfC\u00f3mo acceder?<\/strong><br \/>\nPara acceder al portal de empleos UPLA, los usuarios deben registrarse en <a href=\"https:\/\/empleosupla.trabajando.cl\/\" target=\"_blank\" rel=\"noopener\">empleosupla.trabajando.cl<\/a> como postulantes, e ingresar sus datos personales, acad\u00e9micos y laborales. A partir de esta informaci\u00f3n, la plataforma generar\u00e1 un curriculum vitae autom\u00e1ticamente para poder postular a las ofertas disponibles en el sitio. Este documento es modificable y se puede descargar para su uso f\u00edsico.<\/p>\n<p><strong>\u00bfC\u00f3mo navegar?<\/strong><br \/>\nEn la interfaz, los usuarios podr\u00e1n encontrar un apartado con ofertas exclusivas para la comunidad UPLA, como tambi\u00e9n, ofertas compartidas con el sitio principal de trabajando.com. Adem\u00e1s, los estudiantes podr\u00e1n acceder a un apartado exclusivo con ofertas de trabajo y de pr\u00e1cticas profesionales, ubicadas en la barra superior del portal de empleos.<\/p>\n<p>En caso de dudas en el uso de la plataforma o en el registro de ofertas laborales, deben escribir a <a href=\"mailto:egresados@upla.cl\">egresados@upla.cl<\/a> o <a href=\"mailto:dgde@upla.cl.\">dgde@upla.cl.<\/a><\/p>\n<p style=\"text-align: right;\">(Esteban Moreno Torres, periodista Direcci\u00f3n General de Vinculaci\u00f3n con el Medio)<\/p>\n","protected":false},"excerpt":{"rendered":"<p>La plataforma de trabajando.com tendr\u00e1 ofertas exclusivas de pr\u00e1cticas y trabajos para la comunidad UPLA.<\/p>\n","protected":false},"author":11,"featured_media":171217,"comment_status":"closed","ping_status":"closed","sticky":false,"template":"","format":"standard","meta":{"footnotes":""},"categories":[96,60,201,40,69,97,71,72,73,74,75,76,77,78,83,91],"tags":[],"class_list":["post-171216","post","type-post","status-publish","format-standard","has-post-thumbnail","","category-academicos","category-campus-san-felipe","category-desarrollo-estudiantil","category-destacados","category-egresados","category-estudiantes","category-facultad-de-arte","category-facultad-de-ciencias-actividad-fisica-y-deporte","category-facultad-de-ciencias-de-la-educacion","category-facultad-de-ciencias-de-la-salud","category-facultad-de-ciencias-naturales-y-exactas","category-facultad-de-ciencias-sociales","category-facultad-de-humanidades","category-facultad-de-ingenieria","category-instituto-tecnologico","category-vinculacion-con-el-medio"],"_links":{"self":[{"href":"https:\/\/upla.cl\/noticias\/wp-json\/wp\/v2\/posts\/171216","targetHints":{"allow":["GET"]}}],"collection":[{"href":"https:\/\/upla.cl\/noticias\/wp-json\/wp\/v2\/posts"}],"about":[{"href":"https:\/\/upla.cl\/noticias\/wp-json\/wp\/v2\/types\/post"}],"author":[{"embeddable":true,"href":"https:\/\/upla.cl\/noticias\/wp-json\/wp\/v2\/users\/11"}],"replies":[{"embeddable":true,"href":"https:\/\/upla.cl\/noticias\/wp-json\/wp\/v2\/comments?post=171216"}],"version-history":[{"count":0,"href":"https:\/\/upla.cl\/noticias\/wp-json\/wp\/v2\/posts\/171216\/revisions"}],"wp:featuredmedia":[{"embeddable":true,"href":"https:\/\/upla.cl\/noticias\/wp-json\/wp\/v2\/media\/171217"}],"wp:attachment":[{"href":"https:\/\/upla.cl\/noticias\/wp-json\/wp\/v2\/media?parent=171216"}],"wp:term":[{"taxonomy":"category","embeddable":true,"href":"https:\/\/upla.cl\/noticias\/wp-json\/wp\/v2\/categories?post=171216"},{"taxonomy":"post_tag","embeddable":true,"href":"https:\/\/upla.cl\/noticias\/wp-json\/wp\/v2\/tags?post=171216"}],"curies":[{"name":"wp","href":"https:\/\/api.w.org\/{rel}","templated":true}]}}