{"id":171993,"date":"2024-05-10T11:03:53","date_gmt":"2024-05-10T15:03:53","guid":{"rendered":"https:\/\/www.upla.cl\/noticias\/?p=171993"},"modified":"2024-05-10T11:09:12","modified_gmt":"2024-05-10T15:09:12","slug":"innovacion-y-colaboracion-en-el-corazon-del-encuentro-latinoamericano-de-editores-de-revistas-cientificas","status":"publish","type":"post","link":"https:\/\/upla.cl\/noticias\/2024\/05\/10\/innovacion-y-colaboracion-en-el-corazon-del-encuentro-latinoamericano-de-editores-de-revistas-cientificas\/","title":{"rendered":"Innovaci\u00f3n y colaboraci\u00f3n en el coraz\u00f3n del Encuentro Latinoamericano de Editores de Revistas Cient\u00edficas"},"content":{"rendered":"<p><a href=\"https:\/\/www.upla.cl\/noticias\/wp-content\/uploads\/2024\/05\/Encuentro_ALAEC_Colombia.jpg\"><img loading=\"lazy\" decoding=\"async\" class=\"aligncenter size-large wp-image-172044\" src=\"https:\/\/www.upla.cl\/noticias\/wp-content\/uploads\/2024\/05\/Encuentro_ALAEC_Colombia-1024x771.jpg\" alt=\"\" width=\"618\" height=\"465\" srcset=\"https:\/\/upla.cl\/noticias\/wp-content\/uploads\/2024\/05\/Encuentro_ALAEC_Colombia-1024x771.jpg 1024w, https:\/\/upla.cl\/noticias\/wp-content\/uploads\/2024\/05\/Encuentro_ALAEC_Colombia-300x226.jpg 300w, https:\/\/upla.cl\/noticias\/wp-content\/uploads\/2024\/05\/Encuentro_ALAEC_Colombia-768x578.jpg 768w, https:\/\/upla.cl\/noticias\/wp-content\/uploads\/2024\/05\/Encuentro_ALAEC_Colombia-1536x1156.jpg 1536w, https:\/\/upla.cl\/noticias\/wp-content\/uploads\/2024\/05\/Encuentro_ALAEC_Colombia.jpg 1600w\" sizes=\"auto, (max-width: 618px) 100vw, 618px\" \/><\/a>Bogot\u00e1, Colombia \u2013 En una reuni\u00f3n crucial durante la Feria Internacional del Libro, que se celebr\u00f3 el pasado 20 de abril, la <strong>Coordinadora Interinstitucional de la Red Chilena de Revistas de Acceso Abierto de las Universidades Estatales, Dina Armijo Silva,<\/strong> particip\u00f3 en el <strong>Encuentro Latinoamericano de Editores de Revistas Cient\u00edficas.<\/strong> Este evento, organizado conjuntamente por <strong>ASEUC<\/strong> ( Asociaci\u00f3n de Editoriales Universitarias de Colombia) y <strong>ALAEC,<\/strong> (Asociaci\u00f3n Latinoamericana de Editoriales Cient\u00edficas) reuni\u00f3 a expertos y acad\u00e9micos para dialogar sobre los desaf\u00edos y oportunidades en la publicaci\u00f3n cient\u00edfica.<\/p>\n<p><strong>Luc\u00eda Bernal Cequera, Directora Editorial de la Universidad Pedag\u00f3gica Nacional de Colombia y Secretaria de la Junta Directiva de ASEUC y ALAEC,<\/strong> destac\u00f3 la importancia de fortalecer las redes de colaboraci\u00f3n entre universidades. \u00abEs esencial establecer est\u00e1ndares comunes para el uso adecuado de la inteligencia artificial en nuestras publicaciones,\u00bb coment\u00f3 Luc\u00eda durante su participaci\u00f3n en el panel.<\/p>\n<p><a href=\"https:\/\/www.upla.cl\/noticias\/wp-content\/uploads\/2024\/05\/Encuentro_ALAEC_Colombia_2.jpg\"><img loading=\"lazy\" decoding=\"async\" class=\"alignright size-medium wp-image-172045\" src=\"https:\/\/www.upla.cl\/noticias\/wp-content\/uploads\/2024\/05\/Encuentro_ALAEC_Colombia_2-300x225.jpg\" alt=\"\" width=\"300\" height=\"225\" srcset=\"https:\/\/upla.cl\/noticias\/wp-content\/uploads\/2024\/05\/Encuentro_ALAEC_Colombia_2-300x225.jpg 300w, https:\/\/upla.cl\/noticias\/wp-content\/uploads\/2024\/05\/Encuentro_ALAEC_Colombia_2-1024x768.jpg 1024w, https:\/\/upla.cl\/noticias\/wp-content\/uploads\/2024\/05\/Encuentro_ALAEC_Colombia_2-768x576.jpg 768w, https:\/\/upla.cl\/noticias\/wp-content\/uploads\/2024\/05\/Encuentro_ALAEC_Colombia_2-1536x1152.jpg 1536w, https:\/\/upla.cl\/noticias\/wp-content\/uploads\/2024\/05\/Encuentro_ALAEC_Colombia_2.jpg 1600w\" sizes=\"auto, (max-width: 300px) 100vw, 300px\" \/><\/a>El conversatorio tambi\u00e9n cont\u00f3 con la participaci\u00f3n de destacados profesionales como <strong>Guillermo Ch\u00e1vez, Subdirector de Revistas Acad\u00e9micas y Publicaciones Digitales de la UNAM; Johanna Marcela S\u00e1nchez Gallo, Gestora del Portal de Revistas de la Universidad Nacional de Colombia; y Favio Andr\u00e9s Fl\u00f3rez Carranza, Coordinador de revistas cient\u00edficas de la Editorial Pontificia Universidad Javeriana.<\/strong> Cada uno aport\u00f3 desde su experiencia, discutiendo las necesidades espec\u00edficas de las revistas en Am\u00e9rica Latina y el rol crucial que la tecnolog\u00eda juega en la evoluci\u00f3n del acceso abierto. La instancia estuvo moderada por <strong>Lorena Ruiz Serna, Directora editorial Universidad Antonio Nari\u00f1o y Tesorera ASEUC-ALAEC.<\/strong><\/p>\n<p>Dina Armijo Silva, bibliotec\u00f3loga de la <strong>Universidad de Playa Ancha<\/strong> y participante en el <a href=\"%20https:\/\/www.facebook.com\/pedagogicaradio\/videos\/424234666997489\">programa radial \u00ab\u00daltimo regl\u00f3n\u00bb<\/a> de la <strong>Universidad Pedag\u00f3gica Nacional<\/strong>, comparti\u00f3 su visi\u00f3n sobre la integraci\u00f3n de la inteligencia artificial en la investigaci\u00f3n y la publicaci\u00f3n cient\u00edfica. \u00abLa IA puede transformar la manera en que gestionamos y diseminamos el conocimiento cient\u00edfico, asegurando una mayor accesibilidad y calidad,\u00bb explic\u00f3.<\/p>\n<p>Este encuentro no s\u00f3lo proporcion\u00f3 una plataforma para discutir temas pertinentes sino tambi\u00e9n fortaleci\u00f3 la cooperaci\u00f3n entre las instituciones participantes, promoviendo una visi\u00f3n compartida hacia el futuro de la publicaci\u00f3n cient\u00edfica en Am\u00e9rica Latina.<\/p>\n<p>Para m\u00e1s informaci\u00f3n sobre futuros eventos y colaboraciones, se invita a los interesados a visitar las p\u00e1ginas web de ASEUC y ALAEC.<\/p>\n<p style=\"text-align: right;\"><strong>Fuente: RRSS ASEUC y\u00a0 ALAEC<\/strong><\/p>\n","protected":false},"excerpt":{"rendered":"<p>Destacadas discusiones sobre el futuro de la publicaci\u00f3n cient\u00edfica y el uso de inteligencia artificial en la Feria Internacional del Libro de Bogot\u00e1.<\/p>\n","protected":false},"author":11,"featured_media":172044,"comment_status":"closed","ping_status":"closed","sticky":false,"template":"","format":"standard","meta":{"footnotes":""},"categories":[96,40,97,99,139,91],"tags":[],"class_list":["post-171993","post","type-post","status-publish","format-standard","has-post-thumbnail","","category-academicos","category-destacados","category-estudiantes","category-funcionarios","category-sibupla","category-vinculacion-con-el-medio"],"_links":{"self":[{"href":"https:\/\/upla.cl\/noticias\/wp-json\/wp\/v2\/posts\/171993","targetHints":{"allow":["GET"]}}],"collection":[{"href":"https:\/\/upla.cl\/noticias\/wp-json\/wp\/v2\/posts"}],"about":[{"href":"https:\/\/upla.cl\/noticias\/wp-json\/wp\/v2\/types\/post"}],"author":[{"embeddable":true,"href":"https:\/\/upla.cl\/noticias\/wp-json\/wp\/v2\/users\/11"}],"replies":[{"embeddable":true,"href":"https:\/\/upla.cl\/noticias\/wp-json\/wp\/v2\/comments?post=171993"}],"version-history":[{"count":0,"href":"https:\/\/upla.cl\/noticias\/wp-json\/wp\/v2\/posts\/171993\/revisions"}],"wp:featuredmedia":[{"embeddable":true,"href":"https:\/\/upla.cl\/noticias\/wp-json\/wp\/v2\/media\/172044"}],"wp:attachment":[{"href":"https:\/\/upla.cl\/noticias\/wp-json\/wp\/v2\/media?parent=171993"}],"wp:term":[{"taxonomy":"category","embeddable":true,"href":"https:\/\/upla.cl\/noticias\/wp-json\/wp\/v2\/categories?post=171993"},{"taxonomy":"post_tag","embeddable":true,"href":"https:\/\/upla.cl\/noticias\/wp-json\/wp\/v2\/tags?post=171993"}],"curies":[{"name":"wp","href":"https:\/\/api.w.org\/{rel}","templated":true}]}}