{"id":172018,"date":"2024-05-09T17:20:52","date_gmt":"2024-05-09T21:20:52","guid":{"rendered":"https:\/\/www.upla.cl\/noticias\/?p=172018"},"modified":"2024-05-09T17:20:52","modified_gmt":"2024-05-09T21:20:52","slug":"seremi-de-transportes-evalua-ruta-hasta-la-upla-de-buses-electricos","status":"publish","type":"post","link":"https:\/\/upla.cl\/noticias\/2024\/05\/09\/seremi-de-transportes-evalua-ruta-hasta-la-upla-de-buses-electricos\/","title":{"rendered":"Seremi de Transportes eval\u00faa ruta hasta la UPLA de buses el\u00e9ctricos"},"content":{"rendered":"<p><a href=\"https:\/\/www.upla.cl\/noticias\/wp-content\/uploads\/2024\/05\/seremi_transportes_rectorupla2.jpg\"><img loading=\"lazy\" decoding=\"async\" class=\"alignright  wp-image-172021\" src=\"https:\/\/www.upla.cl\/noticias\/wp-content\/uploads\/2024\/05\/seremi_transportes_rectorupla2-1024x768.jpg\" alt=\"\" width=\"350\" height=\"263\" srcset=\"https:\/\/upla.cl\/noticias\/wp-content\/uploads\/2024\/05\/seremi_transportes_rectorupla2-1024x768.jpg 1024w, https:\/\/upla.cl\/noticias\/wp-content\/uploads\/2024\/05\/seremi_transportes_rectorupla2-300x225.jpg 300w, https:\/\/upla.cl\/noticias\/wp-content\/uploads\/2024\/05\/seremi_transportes_rectorupla2-768x576.jpg 768w, https:\/\/upla.cl\/noticias\/wp-content\/uploads\/2024\/05\/seremi_transportes_rectorupla2-1536x1152.jpg 1536w, https:\/\/upla.cl\/noticias\/wp-content\/uploads\/2024\/05\/seremi_transportes_rectorupla2.jpg 1920w\" sizes=\"auto, (max-width: 350px) 100vw, 350px\" \/><\/a>Dialogar y conocer detalles sobre los beneficios y el nuevo trazado que tendr\u00e1n los 44 buses el\u00e9ctricos que llegar\u00e1n al Gran Valpara\u00edso fue el objetivo de la primera reuni\u00f3n que sostuvieron el <strong>Seremi de Transportes y Telecomunicaciones de la Regi\u00f3n, Edgardo Piqu\u00e9 Gonz\u00e1lez<\/strong>, con el <strong>rector de la Universidad de Playa Ancha, Carlos Gonz\u00e1lez Morales<\/strong>, el cual podr\u00eda beneficiar a nuestra comunidad universitaria y al sector de Playa Ancha.<\/p>\n<p>La implementaci\u00f3n de esta nueva flota ser\u00e1 durante el segundo semestre del presente a\u00f1o y se espera que los recorridos lleguen, por un lado, a Placilla, y, por otro, a Playa Ancha, aportando a la movilidad de estudiantes, docentes, funcionarias y funcionarios de la UPLA y de otros sectores, complementando as\u00ed el acuerdo que existe con la empresa EFE Valpara\u00edso.<\/p>\n<p>\u201cEstamos muy satisfechos con esta primera reuni\u00f3n para poder identificar las necesidades del barrio universitario donde confluyen muchas entidades de car\u00e1cter formativo y as\u00ed como tambi\u00e9n otros actores importantes de la vida playanchina, particularmente en este sector donde opera la Universidad de Playa Ancha con sus distintos campus\u201d, explic\u00f3 el <strong>Seremi de Transportes, Edgardo Piqu\u00e9<\/strong>.<\/p>\n<p>La autoridad regional agreg\u00f3 que \u201cesto abre un espacio y un camino para poder trabajar e interactuar con la comunidad. En ese sentido el rector ha sido bastante enf\u00e1tico en establecer di\u00e1logos participativos con las comunidades de este sector para poder avanzar en el mejoramiento de la movilidad de todos los habitantes de Playa Ancha\u201d.<\/p>\n<p><a href=\"https:\/\/www.upla.cl\/noticias\/wp-content\/uploads\/2024\/05\/seremi_transportes_rectorupla1.jpg\"><img loading=\"lazy\" decoding=\"async\" class=\"alignright  wp-image-172020\" src=\"https:\/\/www.upla.cl\/noticias\/wp-content\/uploads\/2024\/05\/seremi_transportes_rectorupla1-1024x768.jpg\" alt=\"\" width=\"350\" height=\"263\" srcset=\"https:\/\/upla.cl\/noticias\/wp-content\/uploads\/2024\/05\/seremi_transportes_rectorupla1-1024x768.jpg 1024w, https:\/\/upla.cl\/noticias\/wp-content\/uploads\/2024\/05\/seremi_transportes_rectorupla1-300x225.jpg 300w, https:\/\/upla.cl\/noticias\/wp-content\/uploads\/2024\/05\/seremi_transportes_rectorupla1-768x576.jpg 768w, https:\/\/upla.cl\/noticias\/wp-content\/uploads\/2024\/05\/seremi_transportes_rectorupla1-1536x1152.jpg 1536w, https:\/\/upla.cl\/noticias\/wp-content\/uploads\/2024\/05\/seremi_transportes_rectorupla1.jpg 1920w\" sizes=\"auto, (max-width: 350px) 100vw, 350px\" \/><\/a>El <strong>rector Carlos Gonz\u00e1lez<\/strong> junto con agradecer la participaci\u00f3n del titular regional de transportes en la reuni\u00f3n, coment\u00f3 \u201cque lleguen estos buses nos importa, porque gran parte de nuestros estudiantes son de la regi\u00f3n y se movilizan en transporte p\u00fablico. La comunidad universitaria, estudiantes, trabajadores y acad\u00e9micos usan el transporte p\u00fablico como medio para poder llegar a nuestra instituci\u00f3n. Adem\u00e1s, entender que va a funcionar como una combinaci\u00f3n que contin\u00faa con EFE Valpara\u00edso, con quienes ya tenemos un acuerdo y convenio de colaboraci\u00f3n, ahora al sumar los buses el\u00e9ctricos y estos se puedan transportar hasta Playa Ancha, ser\u00eda un regalo sustantivo para nuestra comunidad universitaria\u201d.<\/p>\n<p>En el encuentro estuvieron presentes tambi\u00e9n la directora general de Vinculaci\u00f3n con el Medio, <strong>Fabiola Vilugr\u00f3n Aravena<\/strong>; el director general de Comunicaciones, <strong>Danilo Ahumada Flores<\/strong>; y el director del Organismo T\u00e9cnico de Capacitaci\u00f3n (OTEC), <strong>Leandro Vivanco Huerta<\/strong>.<\/p>\n<p><a href=\"https:\/\/www.upla.cl\/noticias\/wp-content\/uploads\/2024\/05\/seremi_transportes_rectorupla3.jpg\"><img loading=\"lazy\" decoding=\"async\" class=\"size-large wp-image-172022 aligncenter\" src=\"https:\/\/www.upla.cl\/noticias\/wp-content\/uploads\/2024\/05\/seremi_transportes_rectorupla3-1024x768.jpg\" alt=\"\" width=\"618\" height=\"464\" srcset=\"https:\/\/upla.cl\/noticias\/wp-content\/uploads\/2024\/05\/seremi_transportes_rectorupla3-1024x768.jpg 1024w, https:\/\/upla.cl\/noticias\/wp-content\/uploads\/2024\/05\/seremi_transportes_rectorupla3-300x225.jpg 300w, https:\/\/upla.cl\/noticias\/wp-content\/uploads\/2024\/05\/seremi_transportes_rectorupla3-768x576.jpg 768w, https:\/\/upla.cl\/noticias\/wp-content\/uploads\/2024\/05\/seremi_transportes_rectorupla3-1536x1152.jpg 1536w, https:\/\/upla.cl\/noticias\/wp-content\/uploads\/2024\/05\/seremi_transportes_rectorupla3.jpg 1920w\" sizes=\"auto, (max-width: 618px) 100vw, 618px\" \/><\/a><\/p>\n","protected":false},"excerpt":{"rendered":"<p>El titular regional de la cartera, Edgardo Piqu\u00e9, se reuni\u00f3 con el rector Carlos Gonz\u00e1lez Morales para abordar este tema y c\u00f3mo podr\u00eda beneficiar a nuestra comunidad universitaria y del sector. <\/p>\n","protected":false},"author":2,"featured_media":172021,"comment_status":"closed","ping_status":"closed","sticky":false,"template":"","format":"standard","meta":{"footnotes":""},"categories":[51,40,97,71,72,73,74,75,76,77,78,99,98,178,91],"tags":[],"class_list":["post-172018","post","type-post","status-publish","format-standard","has-post-thumbnail","","category-academia","category-destacados","category-estudiantes","category-facultad-de-arte","category-facultad-de-ciencias-actividad-fisica-y-deporte","category-facultad-de-ciencias-de-la-educacion","category-facultad-de-ciencias-de-la-salud","category-facultad-de-ciencias-naturales-y-exactas","category-facultad-de-ciencias-sociales","category-facultad-de-humanidades","category-facultad-de-ingenieria","category-funcionarios","category-gestion","category-rectoria","category-vinculacion-con-el-medio"],"_links":{"self":[{"href":"https:\/\/upla.cl\/noticias\/wp-json\/wp\/v2\/posts\/172018","targetHints":{"allow":["GET"]}}],"collection":[{"href":"https:\/\/upla.cl\/noticias\/wp-json\/wp\/v2\/posts"}],"about":[{"href":"https:\/\/upla.cl\/noticias\/wp-json\/wp\/v2\/types\/post"}],"author":[{"embeddable":true,"href":"https:\/\/upla.cl\/noticias\/wp-json\/wp\/v2\/users\/2"}],"replies":[{"embeddable":true,"href":"https:\/\/upla.cl\/noticias\/wp-json\/wp\/v2\/comments?post=172018"}],"version-history":[{"count":0,"href":"https:\/\/upla.cl\/noticias\/wp-json\/wp\/v2\/posts\/172018\/revisions"}],"wp:featuredmedia":[{"embeddable":true,"href":"https:\/\/upla.cl\/noticias\/wp-json\/wp\/v2\/media\/172021"}],"wp:attachment":[{"href":"https:\/\/upla.cl\/noticias\/wp-json\/wp\/v2\/media?parent=172018"}],"wp:term":[{"taxonomy":"category","embeddable":true,"href":"https:\/\/upla.cl\/noticias\/wp-json\/wp\/v2\/categories?post=172018"},{"taxonomy":"post_tag","embeddable":true,"href":"https:\/\/upla.cl\/noticias\/wp-json\/wp\/v2\/tags?post=172018"}],"curies":[{"name":"wp","href":"https:\/\/api.w.org\/{rel}","templated":true}]}}