{"id":172379,"date":"2024-05-22T11:18:19","date_gmt":"2024-05-22T15:18:19","guid":{"rendered":"https:\/\/www.upla.cl\/noticias\/?p=172379"},"modified":"2024-05-22T11:18:19","modified_gmt":"2024-05-22T15:18:19","slug":"dia-de-los-patrimonios-culturales-en-el-mug","status":"publish","type":"post","link":"https:\/\/upla.cl\/noticias\/2024\/05\/22\/dia-de-los-patrimonios-culturales-en-el-mug\/","title":{"rendered":"D\u00eda de los Patrimonios Culturales en el MUG"},"content":{"rendered":"<p><a href=\"https:\/\/www.upla.cl\/noticias\/wp-content\/uploads\/2024\/05\/Prensa-01-1.png\"><img loading=\"lazy\" decoding=\"async\" class=\"aligncenter size-large wp-image-172386\" src=\"https:\/\/www.upla.cl\/noticias\/wp-content\/uploads\/2024\/05\/Prensa-01-1-1024x576.png\" alt=\"\" width=\"618\" height=\"348\" srcset=\"https:\/\/upla.cl\/noticias\/wp-content\/uploads\/2024\/05\/Prensa-01-1-1024x576.png 1024w, https:\/\/upla.cl\/noticias\/wp-content\/uploads\/2024\/05\/Prensa-01-1-300x169.png 300w, https:\/\/upla.cl\/noticias\/wp-content\/uploads\/2024\/05\/Prensa-01-1-768x432.png 768w, https:\/\/upla.cl\/noticias\/wp-content\/uploads\/2024\/05\/Prensa-01-1.png 1500w\" sizes=\"auto, (max-width: 618px) 100vw, 618px\" \/><\/a>El<strong> Museo Universitario del Grabado Universidad de Playa Ancha (MUG-UPLA)<\/strong> celebrar\u00e1 el <strong>D\u00eda de los Patrimonios Culturales el domingo 26 de mayo desde las 10:00 hasta las 18:00 horas,<\/strong> instancia en la que se contar\u00e1 con entrada liberada como es caracter\u00edstico de la festividad.<\/p>\n<p><strong>La programaci\u00f3n<\/strong> del MUG durante la jornada patrimonial de este a\u00f1o incluye <strong>\u201cIncursionando en el mundo de grabadores\u201d,<\/strong> que consiste en una demostraci\u00f3n de impresi\u00f3n de grabado en lin\u00f3leo, sus procesos y herramientas, <strong>recorridos libres por la exposici\u00f3n permanente y temporal de grabado y por la casona Walbaum,<\/strong> construida en 1880 y restaurada patrimonialmente para constituirse actualmente en el Museo.<\/p>\n<p><strong><a href=\"https:\/\/www.upla.cl\/noticias\/wp-content\/uploads\/2024\/05\/Prensa-03-1.png\"><img loading=\"lazy\" decoding=\"async\" class=\"alignright size-medium wp-image-172385\" src=\"https:\/\/www.upla.cl\/noticias\/wp-content\/uploads\/2024\/05\/Prensa-03-1-300x169.png\" alt=\"\" width=\"300\" height=\"169\" srcset=\"https:\/\/upla.cl\/noticias\/wp-content\/uploads\/2024\/05\/Prensa-03-1-300x169.png 300w, https:\/\/upla.cl\/noticias\/wp-content\/uploads\/2024\/05\/Prensa-03-1-1024x576.png 1024w, https:\/\/upla.cl\/noticias\/wp-content\/uploads\/2024\/05\/Prensa-03-1-768x432.png 768w, https:\/\/upla.cl\/noticias\/wp-content\/uploads\/2024\/05\/Prensa-03-1.png 1500w\" sizes=\"auto, (max-width: 300px) 100vw, 300px\" \/><\/a>Emilia Olivares, mediadora del MUG<\/strong> mencion\u00f3: \u201cEste es nuestro tercer a\u00f1o participando en el D\u00eda de los Patrimonios Culturales, el Museo Universitario del Grabado los est\u00e1 esperando en Lautaro Rosas, el coraz\u00f3n del Cerro Alegre, un sector que se destaca por la belleza de sus casas como tambi\u00e9n por su rica historia. Este es un edificio que fue restaurado y su valor patrimonial va a la par con la belleza de las colecciones que nosotros mostramos\u201d.<\/p>\n<p>La muestra de grabados del MUG son parte de la <strong>colecci\u00f3n del Fondo de las Artes de la Universidad de Playa Ancha<\/strong> y la exhibici\u00f3n permanente del Museo est\u00e1 bajo el guion curatorial <strong>\u201cMatrices de ense\u00f1anza\u201d<\/strong>, que corresponde a la historia de la ense\u00f1anza del grabado en Chile.<\/p>\n<p><a href=\"https:\/\/www.upla.cl\/noticias\/wp-content\/uploads\/2024\/05\/Prensa-02-1.png\"><img loading=\"lazy\" decoding=\"async\" class=\"alignright size-medium wp-image-172384\" src=\"https:\/\/www.upla.cl\/noticias\/wp-content\/uploads\/2024\/05\/Prensa-02-1-300x169.png\" alt=\"\" width=\"300\" height=\"169\" srcset=\"https:\/\/upla.cl\/noticias\/wp-content\/uploads\/2024\/05\/Prensa-02-1-300x169.png 300w, https:\/\/upla.cl\/noticias\/wp-content\/uploads\/2024\/05\/Prensa-02-1-1024x576.png 1024w, https:\/\/upla.cl\/noticias\/wp-content\/uploads\/2024\/05\/Prensa-02-1-768x432.png 768w, https:\/\/upla.cl\/noticias\/wp-content\/uploads\/2024\/05\/Prensa-02-1.png 1500w\" sizes=\"auto, (max-width: 300px) 100vw, 300px\" \/><\/a>Tambi\u00e9n se cuenta con la muestra temporal <strong>\u201cHistorias recuperadas: Lecci\u00f3n de grabado\u201d,<\/strong> que abarca obras de <strong>Pilar Dom\u00ednguez<\/strong>, artista que fue de las primeras docentes en la formaci\u00f3n de grabadores en la Universidad de Playa Ancha.<\/p>\n<p>El Museo cuenta con dos pisos de exposici\u00f3n, se encuentra ubicado en<strong> Lautaro Rosas 485, en Cerro Alegre, Valpara\u00edso.<\/strong><\/p>\n<p style=\"text-align: right;\">(Franssesca Arru\u00e9 Veraldi. Periodista MUG &#8211; Upla)<\/p>\n","protected":false},"excerpt":{"rendered":"<p>El Museo se sumar\u00e1 a la festividad el domingo 26 de mayo.<\/p>\n","protected":false},"author":11,"featured_media":172386,"comment_status":"closed","ping_status":"closed","sticky":false,"template":"","format":"standard","meta":{"footnotes":""},"categories":[96,52,40,69,97,71,99,151,91],"tags":[],"class_list":["post-172379","post","type-post","status-publish","format-standard","has-post-thumbnail","","category-academicos","category-cultura","category-destacados","category-egresados","category-estudiantes","category-facultad-de-arte","category-funcionarios","category-museo-universitario-del-grabado","category-vinculacion-con-el-medio"],"_links":{"self":[{"href":"https:\/\/upla.cl\/noticias\/wp-json\/wp\/v2\/posts\/172379","targetHints":{"allow":["GET"]}}],"collection":[{"href":"https:\/\/upla.cl\/noticias\/wp-json\/wp\/v2\/posts"}],"about":[{"href":"https:\/\/upla.cl\/noticias\/wp-json\/wp\/v2\/types\/post"}],"author":[{"embeddable":true,"href":"https:\/\/upla.cl\/noticias\/wp-json\/wp\/v2\/users\/11"}],"replies":[{"embeddable":true,"href":"https:\/\/upla.cl\/noticias\/wp-json\/wp\/v2\/comments?post=172379"}],"version-history":[{"count":0,"href":"https:\/\/upla.cl\/noticias\/wp-json\/wp\/v2\/posts\/172379\/revisions"}],"wp:featuredmedia":[{"embeddable":true,"href":"https:\/\/upla.cl\/noticias\/wp-json\/wp\/v2\/media\/172386"}],"wp:attachment":[{"href":"https:\/\/upla.cl\/noticias\/wp-json\/wp\/v2\/media?parent=172379"}],"wp:term":[{"taxonomy":"category","embeddable":true,"href":"https:\/\/upla.cl\/noticias\/wp-json\/wp\/v2\/categories?post=172379"},{"taxonomy":"post_tag","embeddable":true,"href":"https:\/\/upla.cl\/noticias\/wp-json\/wp\/v2\/tags?post=172379"}],"curies":[{"name":"wp","href":"https:\/\/api.w.org\/{rel}","templated":true}]}}