{"id":172783,"date":"2024-05-30T15:41:39","date_gmt":"2024-05-30T19:41:39","guid":{"rendered":"https:\/\/www.upla.cl\/noticias\/?p=172783"},"modified":"2024-06-06T15:27:14","modified_gmt":"2024-06-06T19:27:14","slug":"ingenieros-upla-miden-presencia-de-metales-pesados-en-parcelas-experimentales-de-quintero-y-puchuncavi","status":"publish","type":"post","link":"https:\/\/upla.cl\/noticias\/2024\/05\/30\/ingenieros-upla-miden-presencia-de-metales-pesados-en-parcelas-experimentales-de-quintero-y-puchuncavi\/","title":{"rendered":"Ingenieros UPLA miden presencia de metales pesados en parcelas experimentales de Quintero y Puchuncav\u00ed"},"content":{"rendered":"<p><a href=\"https:\/\/www.upla.cl\/noticias\/wp-content\/uploads\/2024\/05\/medicion_suelos_ingenierosupla3.jpg\"><img loading=\"lazy\" decoding=\"async\" class=\"alignright wp-image-172791\" src=\"https:\/\/www.upla.cl\/noticias\/wp-content\/uploads\/2024\/05\/medicion_suelos_ingenierosupla3.jpg\" alt=\"\" width=\"350\" height=\"438\" srcset=\"https:\/\/upla.cl\/noticias\/wp-content\/uploads\/2024\/05\/medicion_suelos_ingenierosupla3.jpg 720w, https:\/\/upla.cl\/noticias\/wp-content\/uploads\/2024\/05\/medicion_suelos_ingenierosupla3-240x300.jpg 240w\" sizes=\"auto, (max-width: 350px) 100vw, 350px\" \/><\/a>En la recolecci\u00f3n de muestras para medir presencia de metales pesados en hortalizas cultivadas en parcelas experimentales en distintas localidades de la comuna de Puchuncav\u00ed y Quintero, trabajan profesionales del Laboratorio de Aprendizaje, Competencias y Democratizaci\u00f3n de Tecnolog\u00edas en Comunidades y Suelos de la Facultad de Ingenier\u00eda (LAPTES FING) de la Universidad de Playa Ancha.<\/p>\n<p>Se trata de los ingenieros ambientales <strong>Andrea Bascu\u00f1\u00e1n<\/strong> <strong>Estay <\/strong>y <strong>Jos\u00e9 Saavedra Cifuentes<\/strong> junto al ingeniero civil ambiental de la UPLA, <strong>Felipe Mel\u00e9ndez Vega<\/strong>, quienes han estado a cargo de medir variables relevantes, como humedad, temperatura, altura y turgencia, del proceso de fitorremediaci\u00f3n de suelos tras cultivar las plantas Sarcocornia neei y Carpobrotus chilensis en las mismas localidades.<\/p>\n<p>Ambas plantas hal\u00f3fitas tienen capacidades de absorci\u00f3n de metales pesados, lo que se ha comprobado experimentalmente, por tanto su registro es fundamental para determinar si \u00e9stas permiten limpiar los suelos contaminados.<\/p>\n<p>Cabe destacar que este trabajo se enmarca dentro de los proyectos BIP 40049032 <strong>\u201cEstructuraci\u00f3n de una intervenci\u00f3n comunitaria: Prototipo de Biorremediaci\u00f3n de suelos en zonas contaminadas de Quintero-Puchuncav\u00ed\u201d<\/strong>, el cual cuenta con Fondos de Innovaci\u00f3n para la Competitividad Regional adjudicados el a\u00f1o 2022 (FIC-R) por parte del Gobierno Regional de Valpara\u00edso, y que asciende a 140 millones de pesos, beneficiando directamente a 88 personas y a otras 352 de forma indirecta.<\/p>\n<p><a href=\"https:\/\/www.upla.cl\/noticias\/wp-content\/uploads\/2024\/05\/medicion_suelos_ingenierosupla.jpg\"><img loading=\"lazy\" decoding=\"async\" class=\"alignright wp-image-172788\" src=\"https:\/\/www.upla.cl\/noticias\/wp-content\/uploads\/2024\/05\/medicion_suelos_ingenierosupla.jpg\" alt=\"\" width=\"350\" height=\"280\" srcset=\"https:\/\/upla.cl\/noticias\/wp-content\/uploads\/2024\/05\/medicion_suelos_ingenierosupla.jpg 900w, https:\/\/upla.cl\/noticias\/wp-content\/uploads\/2024\/05\/medicion_suelos_ingenierosupla-300x240.jpg 300w, https:\/\/upla.cl\/noticias\/wp-content\/uploads\/2024\/05\/medicion_suelos_ingenierosupla-768x614.jpg 768w\" sizes=\"auto, (max-width: 350px) 100vw, 350px\" \/><\/a>Adem\u00e1s, de la iniciativa ADAIN UPA 2293 <strong>\u201cFortalecimiento de las competencias para la implementaci\u00f3n de t\u00e9cnicas de recuperaci\u00f3n de suelo y producci\u00f3n segura de alimentos, en mujeres adultas de zonas rurales de Puchuncav\u00ed\u201d<\/strong>, financiada por el Ministerio de Educaci\u00f3n y apoyada desde lo administrativo por la Direcci\u00f3n General de Vinculaci\u00f3n con el Medio de la UPLA.<\/p>\n<p>En esta etapa del proyecto y tras la recolecci\u00f3n de muestras, los y las profesionales formados en nuestra casa de estudios, analizan dichas muestras en el Laboratorio de espectrofotometr\u00eda del LAPTES FING, el que cuenta con un espectrofot\u00f3metro AGILENT de \u00faltima generaci\u00f3n.<\/p>\n<p>Dicho equipo permite medir metales pesados como Cu (cobre), Cd (cadmio), Pb (Plomo) y As (ars\u00e9nico), entre otros, en concentraciones de partes por mill\u00f3n (ppm), en las matrices suelo, plantas, fecas, hongos y todo lo necesario para dar cumplimiento de los objetivos de los proyectos FIC-R BIP 40049032 y ADAIN UPA 2293, dirigido por las acad\u00e9micas <strong>Ximena Espinoza Ortiz<\/strong> y <strong>Ver\u00f3nica Meza Ram\u00edrez<\/strong>, respectivamente.<\/p>\n<p>En las pr\u00f3ximas semanas, el trabajo en terreno continuar\u00e1 junto con los talleres en colegios, y comunidades de Puchuncav\u00ed y Quintero, los cuales son impartidos por otros profesionales, que se desempe\u00f1an en las Facultades de Ingenier\u00eda y de Ciencias Sociales.<\/p>\n<h6 style=\"text-align: right;\">Fuente: Mariela Gonz\u00e1lez D., periodista de los proyectos FIC-R y ADAIN.<\/h6>\n<div id='gallery-1' class='gallery galleryid-172783 gallery-columns-5 gallery-size-thumbnail'><figure class='gallery-item'>\n\t\t\t<div class='gallery-icon landscape'>\n\t\t\t\t<a href='https:\/\/upla.cl\/noticias\/wp-content\/uploads\/2024\/05\/medicion_suelos_puchuncavi.jpg'><img loading=\"lazy\" decoding=\"async\" width=\"150\" height=\"150\" src=\"https:\/\/upla.cl\/noticias\/wp-content\/uploads\/2024\/05\/medicion_suelos_puchuncavi-150x150.jpg\" class=\"attachment-thumbnail size-thumbnail\" alt=\"\" \/><\/a>\n\t\t\t<\/div><\/figure><figure class='gallery-item'>\n\t\t\t<div class='gallery-icon portrait'>\n\t\t\t\t<a href='https:\/\/upla.cl\/noticias\/wp-content\/uploads\/2024\/05\/medicion_suelos_ingenierosupla3.jpg'><img loading=\"lazy\" decoding=\"async\" width=\"150\" height=\"150\" src=\"https:\/\/upla.cl\/noticias\/wp-content\/uploads\/2024\/05\/medicion_suelos_ingenierosupla3-150x150.jpg\" class=\"attachment-thumbnail size-thumbnail\" alt=\"\" \/><\/a>\n\t\t\t<\/div><\/figure><figure class='gallery-item'>\n\t\t\t<div class='gallery-icon landscape'>\n\t\t\t\t<a href='https:\/\/upla.cl\/noticias\/wp-content\/uploads\/2024\/05\/medicion_suelos_ingenierosupla2.jpg'><img loading=\"lazy\" decoding=\"async\" width=\"150\" height=\"150\" src=\"https:\/\/upla.cl\/noticias\/wp-content\/uploads\/2024\/05\/medicion_suelos_ingenierosupla2-150x150.jpg\" class=\"attachment-thumbnail size-thumbnail\" alt=\"\" \/><\/a>\n\t\t\t<\/div><\/figure><figure class='gallery-item'>\n\t\t\t<div class='gallery-icon landscape'>\n\t\t\t\t<a href='https:\/\/upla.cl\/noticias\/wp-content\/uploads\/2024\/05\/medicion_suelos_ingenierosupla1.jpg'><img loading=\"lazy\" decoding=\"async\" width=\"150\" height=\"150\" src=\"https:\/\/upla.cl\/noticias\/wp-content\/uploads\/2024\/05\/medicion_suelos_ingenierosupla1-150x150.jpg\" class=\"attachment-thumbnail size-thumbnail\" alt=\"\" \/><\/a>\n\t\t\t<\/div><\/figure><figure class='gallery-item'>\n\t\t\t<div class='gallery-icon landscape'>\n\t\t\t\t<a href='https:\/\/upla.cl\/noticias\/wp-content\/uploads\/2024\/05\/medicion_suelos_ingenierosupla.jpg'><img loading=\"lazy\" decoding=\"async\" width=\"150\" height=\"150\" src=\"https:\/\/upla.cl\/noticias\/wp-content\/uploads\/2024\/05\/medicion_suelos_ingenierosupla-150x150.jpg\" class=\"attachment-thumbnail size-thumbnail\" alt=\"\" \/><\/a>\n\t\t\t<\/div><\/figure>\n\t\t<\/div>\n\n","protected":false},"excerpt":{"rendered":"<p>Profesionales que colaboran con proyectos FIC y ADAIN analizan muestras de suelo y plantas en el laboratorio de espectrofotometr\u00eda de la Facultad de Ingenier\u00eda.<\/p>\n","protected":false},"author":2,"featured_media":172790,"comment_status":"closed","ping_status":"closed","sticky":false,"template":"","format":"standard","meta":{"footnotes":""},"categories":[51,96,40,101,69,78,43,91],"tags":[276],"class_list":["post-172783","post","type-post","status-publish","format-standard","has-post-thumbnail","","category-academia","category-academicos","category-destacados","category-docencia","category-egresados","category-facultad-de-ingenieria","category-investigacion","category-vinculacion-con-el-medio","tag-laptes"],"_links":{"self":[{"href":"https:\/\/upla.cl\/noticias\/wp-json\/wp\/v2\/posts\/172783","targetHints":{"allow":["GET"]}}],"collection":[{"href":"https:\/\/upla.cl\/noticias\/wp-json\/wp\/v2\/posts"}],"about":[{"href":"https:\/\/upla.cl\/noticias\/wp-json\/wp\/v2\/types\/post"}],"author":[{"embeddable":true,"href":"https:\/\/upla.cl\/noticias\/wp-json\/wp\/v2\/users\/2"}],"replies":[{"embeddable":true,"href":"https:\/\/upla.cl\/noticias\/wp-json\/wp\/v2\/comments?post=172783"}],"version-history":[{"count":0,"href":"https:\/\/upla.cl\/noticias\/wp-json\/wp\/v2\/posts\/172783\/revisions"}],"wp:featuredmedia":[{"embeddable":true,"href":"https:\/\/upla.cl\/noticias\/wp-json\/wp\/v2\/media\/172790"}],"wp:attachment":[{"href":"https:\/\/upla.cl\/noticias\/wp-json\/wp\/v2\/media?parent=172783"}],"wp:term":[{"taxonomy":"category","embeddable":true,"href":"https:\/\/upla.cl\/noticias\/wp-json\/wp\/v2\/categories?post=172783"},{"taxonomy":"post_tag","embeddable":true,"href":"https:\/\/upla.cl\/noticias\/wp-json\/wp\/v2\/tags?post=172783"}],"curies":[{"name":"wp","href":"https:\/\/api.w.org\/{rel}","templated":true}]}}